{"id":12112,"date":"2011-07-25T06:02:46","date_gmt":"2011-07-25T05:02:46","guid":{"rendered":"http:\/\/www.manquepierda.com\/historiarealbetis\/?p=12112"},"modified":"2024-10-09T07:47:20","modified_gmt":"2024-10-09T05:47:20","slug":"alineacion-sevilla-betis-liga-1943-2","status":"publish","type":"post","link":"https:\/\/www.manquepierda.com\/historiarealbetis\/alineacion-sevilla-betis-liga-1943-2\/","title":{"rendered":"Alineaci\u00f3n Sevilla-Betis Liga 1943"},"content":{"rendered":"<figure id=\"attachment_25749\" aria-describedby=\"caption-attachment-25749\" style=\"width: 547px\" class=\"wp-caption aligncenter\"><a href=\"https:\/\/www.manquepierda.com\/historiarealbetis\/12112-alineacion-sevilla-betis-liga-1943-2\/alineacion-sevilla-betis-liga-1943-nmp-marca-19-1-1943-3\/\" rel=\"attachment wp-att-25749\"><img data-recalc-dims=\"1\" loading=\"lazy\" decoding=\"async\" class=\" wp-image-25749 \" src=\"https:\/\/i0.wp.com\/www.manquepierda.com\/historiarealbetis\/files\/2011\/07\/Alineaci%C3%B3n-Sevilla-Betis-Liga-1943-NMP-Marca-19-1-1943.jpg?resize=547%2C365&#038;ssl=1\" alt=\"Fuente: Marca 19 de enero de 1943\" width=\"547\" height=\"365\" srcset=\"https:\/\/i0.wp.com\/www.manquepierda.com\/historiarealbetis\/files\/2011\/07\/Alineaci%C3%B3n-Sevilla-Betis-Liga-1943-NMP-Marca-19-1-1943.jpg?w=911&amp;ssl=1 911w, https:\/\/i0.wp.com\/www.manquepierda.com\/historiarealbetis\/files\/2011\/07\/Alineaci%C3%B3n-Sevilla-Betis-Liga-1943-NMP-Marca-19-1-1943.jpg?resize=300%2C200&amp;ssl=1 300w\" sizes=\"auto, (max-width: 547px) 100vw, 547px\" \/><\/a><figcaption id=\"caption-attachment-25749\" class=\"wp-caption-text\">Fuente: Marca 19 de enero de 1943<\/figcaption><\/figure>\n<p>&nbsp;<\/p>\n<p>Alineaci\u00f3n del Betis en el Sevilla 5\u00a0 Betis 0\u00a0 disputado en Nervi\u00f3n el 17 de Enero de 1943\u00a0 Jornada 15 del Campeonato de Liga de Primera Divisi\u00f3n.<\/p>\n<p>En la imagen: Jap\u00f3n, Coll, Castillo, Cabezas, Cabezo y Pitilo; abajo: Gonell, Muruaga, G\u00f3mez, Besc\u00f3s y Saro<\/p>\n<p>Curiosamente Francisco G\u00f3mez en este encuentro es la vez entrenador del equipo.<\/p>\n","protected":false},"excerpt":{"rendered":"<p>&nbsp; Alineaci\u00f3n del Betis en el Sevilla 5\u00a0 Betis 0\u00a0 disputado en Nervi\u00f3n el 17 de Enero de 1943\u00a0 Jornada 15 del Campeonato de Liga de Primera Divisi\u00f3n. En la imagen: Jap\u00f3n, Coll, Castillo, Cabezas, Cabezo y Pitilo; abajo: Gonell, Muruaga, G\u00f3mez, Besc\u00f3s y Saro Curiosamente Francisco G\u00f3mez en este encuentro es la vez entrenador&#8230;<\/p>\n","protected":false},"author":5,"featured_media":25749,"comment_status":"open","ping_status":"open","sticky":false,"template":"","format":"standard","meta":{"_kad_post_transparent":"","_kad_post_title":"","_kad_post_layout":"","_kad_post_sidebar_id":"","_kad_post_content_style":"","_kad_post_vertical_padding":"","_kad_post_feature":"","_kad_post_feature_position":"","_kad_post_header":false,"_kad_post_footer":false,"_kad_post_classname":"","_jetpack_memberships_contains_paid_content":false,"footnotes":"","jetpack_publicize_message":"","jetpack_publicize_feature_enabled":true,"jetpack_social_post_already_shared":false,"jetpack_social_options":{"image_generator_settings":{"template":"highway","default_image_id":0,"font":"","enabled":false},"version":2}},"categories":[900,1],"tags":[2284,51,1426,1057,1934,1170,1932,1035,1836,1463,2506,17898,1945,916,822],"class_list":["post-12112","post","type-post","status-publish","format-standard","has-post-thumbnail","hentry","category-1940-1949","category-portada","tag-1942-43","tag-51","tag-angel-dominguez-pitilo","tag-angel-martin-saro","tag-enrique-bescos","tag-francisco-gomez","tag-guillermo-coll","tag-honorato-lopez-cabezo","tag-jose-garcia-pulido","tag-jose-suarez-japon","tag-julian-gonell","tag-liga-primera-1942-43","tag-rafael-martinez-castillo","tag-sevilla-fc","tag-tomas-muruaga"],"jetpack_publicize_connections":[],"jetpack_featured_media_url":"https:\/\/i0.wp.com\/www.manquepierda.com\/historiarealbetis\/files\/2011\/07\/Alineaci%C3%B3n-Sevilla-Betis-Liga-1943-NMP-Marca-19-1-1943.jpg?fit=911%2C609&ssl=1","jetpack_sharing_enabled":true,"jetpack_shortlink":"https:\/\/wp.me\/p1ij08-39m","jetpack-related-posts":[],"_links":{"self":[{"href":"https:\/\/www.manquepierda.com\/historiarealbetis\/wp-json\/wp\/v2\/posts\/12112","targetHints":{"allow":["GET"]}}],"collection":[{"href":"https:\/\/www.manquepierda.com\/historiarealbetis\/wp-json\/wp\/v2\/posts"}],"about":[{"href":"https:\/\/www.manquepierda.com\/historiarealbetis\/wp-json\/wp\/v2\/types\/post"}],"author":[{"embeddable":true,"href":"https:\/\/www.manquepierda.com\/historiarealbetis\/wp-json\/wp\/v2\/users\/5"}],"replies":[{"embeddable":true,"href":"https:\/\/www.manquepierda.com\/historiarealbetis\/wp-json\/wp\/v2\/comments?post=12112"}],"version-history":[{"count":1,"href":"https:\/\/www.manquepierda.com\/historiarealbetis\/wp-json\/wp\/v2\/posts\/12112\/revisions"}],"predecessor-version":[{"id":100172,"href":"https:\/\/www.manquepierda.com\/historiarealbetis\/wp-json\/wp\/v2\/posts\/12112\/revisions\/100172"}],"wp:featuredmedia":[{"embeddable":true,"href":"https:\/\/www.manquepierda.com\/historiarealbetis\/wp-json\/wp\/v2\/media\/25749"}],"wp:attachment":[{"href":"https:\/\/www.manquepierda.com\/historiarealbetis\/wp-json\/wp\/v2\/media?parent=12112"}],"wp:term":[{"taxonomy":"category","embeddable":true,"href":"https:\/\/www.manquepierda.com\/historiarealbetis\/wp-json\/wp\/v2\/categories?post=12112"},{"taxonomy":"post_tag","embeddable":true,"href":"https:\/\/www.manquepierda.com\/historiarealbetis\/wp-json\/wp\/v2\/tags?post=12112"}],"curies":[{"name":"wp","href":"https:\/\/api.w.org\/{rel}","templated":true}]}}