{"id":12140,"date":"2011-06-25T21:36:35","date_gmt":"2011-06-25T20:36:35","guid":{"rendered":"http:\/\/www.manquepierda.com\/historiarealbetis\/?p=12140"},"modified":"2024-08-29T23:37:31","modified_gmt":"2024-08-29T21:37:31","slug":"ramon-pol-carbonell-presidente","status":"publish","type":"post","link":"https:\/\/www.manquepierda.com\/historiarealbetis\/ramon-pol-carbonell-presidente\/","title":{"rendered":"Ram\u00f3n POL Carbonell, presidente"},"content":{"rendered":"<p style=\"text-align: left\"><a href=\"https:\/\/i0.wp.com\/www.manquepierda.com\/historiarealbetis\/files\/2011\/06\/Ram%C3%B3n-Poll.jpg?ssl=1\"><img data-recalc-dims=\"1\" loading=\"lazy\" decoding=\"async\" class=\"aligncenter size-full wp-image-12141\" src=\"https:\/\/i0.wp.com\/www.manquepierda.com\/historiarealbetis\/files\/2011\/06\/Ram%C3%B3n-Poll.jpg?resize=247%2C400&#038;ssl=1\" alt=\"\" width=\"247\" height=\"400\" srcset=\"https:\/\/i0.wp.com\/www.manquepierda.com\/historiarealbetis\/files\/2011\/06\/Ram%C3%B3n-Poll.jpg?w=247&amp;ssl=1 247w, https:\/\/i0.wp.com\/www.manquepierda.com\/historiarealbetis\/files\/2011\/06\/Ram%C3%B3n-Poll.jpg?resize=185%2C300&amp;ssl=1 185w\" sizes=\"auto, (max-width: 247px) 100vw, 247px\" \/><\/a>Barcelona, martes 16-Enero-1900; Ciudad del Betis-Sevilla, viernes 08-Abril-1977.-D. E. P.<\/p>\n<p style=\"text-align: center\"><strong><em>\u00abManifestaciones del Presidente del Real Betis Balompi\u00e9\u00bb:<\/em><\/strong><\/p>\n<p style=\"text-align: center\"><strong><em>Tiene ya el equipo sevillano nueva Directiva. <\/em><\/strong><\/p>\n<p style=\"text-align: left\"><strong><em>Y al frente de ella, un deportista, joven de edad, pero viejo en la afici\u00f3n al bal\u00f3n redondo, y con un apellido de honorable historia en la vida del Club.<\/em><\/strong><\/p>\n<p style=\"text-align: left\"><strong><em>Don Ram\u00f3n Pol, que trae a la veterana Sociedad b\u00e9tica la aportaci\u00f3n de su inteligencia y de su voluntad, sus magn\u00edficas dotes de organizador y su reconocida solvencia moral y econ\u00f3mica, ha tenido la amabilidad de satisfacer nuestra curiosidad en algunos aspectos.<\/em><\/strong><\/p>\n<p style=\"text-align: left\"><strong><em>&#8211;\u00bfQu\u00e9 nombre llevar\u00e1 el Club en definitva?<\/em><\/strong><\/p>\n<p style=\"text-align: left\"><strong><em>&#8211;El que ten\u00eda: Real Betis Balompi\u00e9.\u00a0 No ha raz\u00f3n para otra cosa.\u00a0 Si en abril de 1931 se le suprimi\u00f3 el t\u00edtulo de Real,\u00a0 en julio de 1936, debi\u00f3 quedar restablecido autom\u00e1ticamente.<\/em><\/strong><\/p>\n<p style=\"text-align: left\"><strong><em>Sobre las insignias campear\u00e1 de nuevo la corona.\u00a0 Asimismo se est\u00e1 bordando por unas distinguidas se\u00f1oritas del Club unos escudos que se fijar\u00e1n sobre los camisolines de los jugadores.\u00a0 Como antes.\u00a0 Igual que antes.<\/em><\/strong><\/p>\n<p style=\"text-align: left\"><strong><em>&#8211;\u00bfC\u00f3mo ha recibido la opini\u00f3n b\u00e9tica el nombramiento de la nueva Junta?<\/em><\/strong><\/p>\n<p style=\"text-align: left\"><strong><em>&#8211;Admirablemente, cosa que agradecemos profundamente.\u00a0 Muestra de ello es que, estando a final de temporada, se ha incrementado la lista de socios.\u00a0 Vuelven todos los que fueron, con gran entusiasmo y aun muchos nuevos.\u00a0 En este aspecto, complacid\u00edsimo.<\/em><\/strong><\/p>\n<p style=\"text-align: left\"><strong><em>&#8211;\u00bfQu\u00e9 proyectos tiene la Directiva?<\/em><\/strong><\/p>\n<p style=\"text-align: left\"><strong><em>&#8211;Hay unos que son inmediatos.\u00a0 Y son de reorganizaci\u00f3n.\u00a0 Hay que ordenar un poco la marcha del Club, pues lo que interesa es asegurar su vida. <\/em><\/strong><\/p>\n<p style=\"text-align: left\"><strong><em>Labor de poda, de captaci\u00f3n y de acoplamiento. <\/em><\/strong><\/p>\n<p style=\"text-align: left\"><strong><em>Respondemos religiosamente a las obligaciones que se contraigan.<\/em><\/strong><\/p>\n<p style=\"text-align: left\"><strong><em>Pero exigiremos asimismo el correspondiente rendimiento.<\/em><\/strong><\/p>\n<p style=\"text-align: left\"><strong><em>Y tenemos, claro es, proyectos para el porvenir.\u00a0 Nada de locuras y fantas\u00edas.<\/em><\/strong><\/p>\n<p style=\"text-align: left\"><strong><em>Labor pr\u00e1ctica, eminentemente pr\u00e1ctica.<\/em><\/strong><\/p>\n<p style=\"text-align: left\"><strong><em>&#8211;\u00bfJugadores nuevos?<\/em><\/strong><\/p>\n<p style=\"text-align: left\"><strong><em>&#8211;De momento, lo que puede hacerse.\u00a0 Para el porvenir, tenemos ya un elemento de la Directiva, destacado en las provincias del Norte.\u00a0 No conviene dormirse.\u00a0 Pero tampoco actuar con prisas.<\/em><\/strong><\/p>\n<p style=\"text-align: left\"><strong><em>&#8211;\u00bfMuchas esperanzas para la Copa?<\/em><\/strong><\/p>\n<p style=\"text-align: left\"><strong><em>&#8211;Tenemos que atenernos a las posibilidades de nuestro equipo actual.<\/em><\/strong><\/p>\n<p style=\"text-align: left\"><strong><em>Pero se actuar\u00e1 con todo entusiasmo.\u00a0 El equipo est\u00e1 dispuesto a ello.<\/em><\/strong><\/p>\n<p style=\"text-align: left\"><strong><em>De momento nos enfrentamos con un excelente conjunto: el C\u00e1diz que cuenta con jugadores magn\u00edficos.\u00a0 Si la suerte nos favorece con \u00e9l, podremos avanzar bastante en las eliminatorias.<\/em><\/strong><\/p>\n<p style=\"text-align: left\"><strong><em>&#8211;\u00bfY el equipo aprofesional?<\/em><\/strong><\/p>\n<p style=\"text-align: left\"><strong><em>&#8211;Es excelente el que tenemos.\u00a0 Y confiamos en \u00e9l.\u00a0 Ma\u00f1ana jugar\u00e1 con el Recreativo Onuba, antes del encuentro con el C\u00e1diz.<\/em><\/strong><\/p>\n<p style=\"text-align: left\"><strong><em>As\u00ed pues, ma\u00f1ana domingo 23 de marzo tendremos en nuestro terreno dos partidos interesant\u00edsimos.\u00a0 Y ser\u00e1 ocasi\u00f3n de ver a nuestros dos equipos.<\/em><\/strong><\/p>\n<p style=\"text-align: left\"><strong><em>&#8211;\u00bfAlgo m\u00e1s?<\/em><\/strong><\/p>\n<p style=\"text-align: left\"><strong><em>&#8211;De momento, nada.\u00a0 Ya hablaremos m\u00e1s adelante.\u00a0 Y, sobre todo, queremos que los hechos sean m\u00e1s elocuentes que las palabras.<\/em><\/strong><\/p>\n<p style=\"text-align: left\"><strong><em>S\u00ed quiero una cosa.\u00a0 Que desde las columnas de A B C\u00a0 reciba la afici\u00f3n sevillana en general y la b\u00e9tica en particular nuestro saludo m\u00e1s cordial y sincero\u00bb.<\/em><\/strong><\/p>\n<p style=\"text-align: left\"><strong>Entrevista de DISC\u00d3BOLO-Gil G\u00f3mez Bajuelo.-ABC-Andaluc\u00eda, s\u00e1bado 22-03-1941.<em><br \/>\n<\/em><\/strong><\/p>\n<p style=\"text-align: left\"><strong><em>D. Ram\u00f3n Pol Carbonell:<\/em><\/strong><\/p>\n<p style=\"text-align: left\"><strong><em>1926-1927.-Directiva del presidente don Juan Del Castillo Ochoa: Contador.<\/em><\/strong><\/p>\n<p style=\"text-align: left\"><strong><em>1931-1932.-Junta de don Jos\u00e9 Ignacio Mantec\u00f3n Navasal: Tesorero.<\/em><\/strong><\/p>\n<p style=\"text-align: center\"><strong><em>1941-1942.-Fase de Ascenso a Primera Divisi\u00f3n:<\/em><\/strong><\/p>\n<p style=\"text-align: center\"><strong><em><a href=\"https:\/\/i0.wp.com\/www.manquepierda.com\/historiarealbetis\/files\/2011\/06\/escanear00053.jpg?ssl=1\"><img data-recalc-dims=\"1\" loading=\"lazy\" decoding=\"async\" class=\"aligncenter size-full wp-image-12143\" src=\"https:\/\/i0.wp.com\/www.manquepierda.com\/historiarealbetis\/files\/2011\/06\/escanear00053.jpg?resize=402%2C270&#038;ssl=1\" alt=\"\" width=\"402\" height=\"270\" srcset=\"https:\/\/i0.wp.com\/www.manquepierda.com\/historiarealbetis\/files\/2011\/06\/escanear00053.jpg?w=402&amp;ssl=1 402w, https:\/\/i0.wp.com\/www.manquepierda.com\/historiarealbetis\/files\/2011\/06\/escanear00053.jpg?resize=300%2C201&amp;ssl=1 300w\" sizes=\"auto, (max-width: 402px) 100vw, 402px\" \/><\/a>Foto Serrano.<\/em><\/strong><\/p>\n<p style=\"text-align: left\"><strong><em>01\u00aa Jda-domingo 25-01-1942: CD Sabadell-1 vs. Real Betis Balompi\u00e9-3.<\/em><\/strong><\/p>\n<p style=\"text-align: left\"><strong><em>02\u00aa Jda-domingo 01-02-1942: RBB-3 vs. UD Salamanca-1.<\/em><\/strong><\/p>\n<p style=\"text-align: left\"><strong><em>03\u00aa Jda-domingo 08-02-1942: Real Zaragoza-4 vs. RBB-1.<\/em><\/strong><\/p>\n<p style=\"text-align: left\"><strong><em>04\u00aa Jda-domingo 15-02-1942: RBB-3 vs. Real Murcia-0.<\/em><\/strong><\/p>\n<p style=\"text-align: left\"><strong><em>05\u00aa Jda-domingo 22-02-1942: Sporting Gij\u00f3n-1 vs. RBB-3.<\/em><\/strong><\/p>\n<p style=\"text-align: left\"><strong><em>06\u00aa Jda-domingo 01-03-1942: RBB-3 vs. CD Sabadell-2.<\/em><\/strong><\/p>\n<p style=\"text-align: left\"><strong><em>07\u00aa Jda-domingo 08-03-1942: UD Salamanca-0 vs. RBB-1.<\/em><\/strong><\/p>\n<p style=\"text-align: left\"><strong><em>08\u00aa Jda-domingo 22-03-1942: RBB-1 vs. Real Zaragoza-0.<\/em><\/strong><\/p>\n<p style=\"text-align: left\"><strong><em>09\u00aa Jda-domingo 29-03-1942: Real Murcia-6 vs. RBB-0.<\/em><\/strong><\/p>\n<p style=\"text-align: left\"><strong><em>10\u00aa Jda-domingo 05-04-1942: Real Betis Balompi\u00e9-2 vs. Sporting Gij\u00f3n-2.<\/em><\/strong><\/p>\n<p style=\"text-align: center\"><strong><em>CLASIFICACI\u00d3N FINAL-FASE ASCENSO A PRIMERA-1941\/1942:<br \/>\n<\/em><\/strong><\/p>\n<p style=\"text-align: left\"><strong><em>1\u00ba.-REAL BETIS BALOMPI\u00c9-15 Puntos.-10 partidos jugados: 7-Ganados, 1-Empatado y 2-Perdidos.-21 Goles a favor y 17 Tantos en contra.<\/em><\/strong><\/p>\n<p style=\"text-align: left\"><strong><em>2\u00ba.-Real Zaragoza-13 Puntos.-6G-1E-3P.-19-13 Tantos F-C.-Ascendi\u00f3.<\/em><\/strong><\/p>\n<p style=\"text-align: left\"><strong><em>3\u00ba.-Real Murcia-12 Puntos.-6G-0E-4P.-17-11 Goles F-C.<\/em><\/strong><\/p>\n<p style=\"text-align: left\"><strong><em>4\u00ba.-CD Sabadell-9 Puntos.-3G-3E-4P.-16-22 Tantos F-C.<\/em><\/strong><\/p>\n<p style=\"text-align: left\"><strong><em>5\u00ba.-Sporting Gij\u00f3n-8 Puntos.-3G-2E-5P.-25-19 Goles F-C.<\/em><\/strong><\/p>\n<p style=\"text-align: left\"><strong><em>6\u00ba.-UD Salamanca-3 Puntos.-1G-1E-8P.-8-24 Tantos F-C.<br \/>\n<\/em><\/strong><\/p>\n<p style=\"text-align: center\"><strong><em><br \/>\n<\/em><\/strong><\/p>\n<p style=\"text-align: left\"><strong><em><br \/>\n<\/em><\/strong><\/p>\n","protected":false},"excerpt":{"rendered":"<p>Barcelona, martes 16-Enero-1900; Ciudad del Betis-Sevilla, viernes 08-Abril-1977.-D. E. P. \u00abManifestaciones del Presidente del Real Betis Balompi\u00e9\u00bb: Tiene ya el equipo sevillano nueva Directiva. Y al frente de ella, un deportista, joven de edad, pero viejo en la afici\u00f3n al bal\u00f3n redondo, y con un apellido de honorable historia en la vida del Club. Don&#8230;<\/p>\n","protected":false},"author":48,"featured_media":0,"comment_status":"open","ping_status":"open","sticky":false,"template":"","format":"standard","meta":{"_kad_post_transparent":"","_kad_post_title":"","_kad_post_layout":"","_kad_post_sidebar_id":"","_kad_post_content_style":"","_kad_post_vertical_padding":"","_kad_post_feature":"","_kad_post_feature_position":"","_kad_post_header":false,"_kad_post_footer":false,"_kad_post_classname":"","_jetpack_memberships_contains_paid_content":false,"footnotes":"","jetpack_publicize_message":"","jetpack_publicize_feature_enabled":true,"jetpack_social_post_already_shared":false,"jetpack_social_options":{"image_generator_settings":{"template":"highway","default_image_id":0,"font":"","enabled":false},"version":2}},"categories":[898,900,891],"tags":[1679],"class_list":["post-12140","post","type-post","status-publish","format-standard","hentry","category-1920-1929","category-1940-1949","category-directivos-temas","tag-ramon-pol-carbonell"],"jetpack_publicize_connections":[],"jetpack_featured_media_url":"","jetpack_sharing_enabled":true,"jetpack_shortlink":"https:\/\/wp.me\/p1ij08-39O","jetpack-related-posts":[],"_links":{"self":[{"href":"https:\/\/www.manquepierda.com\/historiarealbetis\/wp-json\/wp\/v2\/posts\/12140","targetHints":{"allow":["GET"]}}],"collection":[{"href":"https:\/\/www.manquepierda.com\/historiarealbetis\/wp-json\/wp\/v2\/posts"}],"about":[{"href":"https:\/\/www.manquepierda.com\/historiarealbetis\/wp-json\/wp\/v2\/types\/post"}],"author":[{"embeddable":true,"href":"https:\/\/www.manquepierda.com\/historiarealbetis\/wp-json\/wp\/v2\/users\/48"}],"replies":[{"embeddable":true,"href":"https:\/\/www.manquepierda.com\/historiarealbetis\/wp-json\/wp\/v2\/comments?post=12140"}],"version-history":[{"count":1,"href":"https:\/\/www.manquepierda.com\/historiarealbetis\/wp-json\/wp\/v2\/posts\/12140\/revisions"}],"predecessor-version":[{"id":98205,"href":"https:\/\/www.manquepierda.com\/historiarealbetis\/wp-json\/wp\/v2\/posts\/12140\/revisions\/98205"}],"wp:attachment":[{"href":"https:\/\/www.manquepierda.com\/historiarealbetis\/wp-json\/wp\/v2\/media?parent=12140"}],"wp:term":[{"taxonomy":"category","embeddable":true,"href":"https:\/\/www.manquepierda.com\/historiarealbetis\/wp-json\/wp\/v2\/categories?post=12140"},{"taxonomy":"post_tag","embeddable":true,"href":"https:\/\/www.manquepierda.com\/historiarealbetis\/wp-json\/wp\/v2\/tags?post=12140"}],"curies":[{"name":"wp","href":"https:\/\/api.w.org\/{rel}","templated":true}]}}