{"id":12176,"date":"2011-06-28T06:37:09","date_gmt":"2011-06-28T05:37:09","guid":{"rendered":"http:\/\/www.manquepierda.com\/historiarealbetis\/?p=12176"},"modified":"2024-09-08T23:14:59","modified_gmt":"2024-09-08T21:14:59","slug":"resumen-final-copa-1997-barcelona-betis","status":"publish","type":"post","link":"https:\/\/www.manquepierda.com\/historiarealbetis\/resumen-final-copa-1997-barcelona-betis\/","title":{"rendered":"Res\u00famen Final Copa 1997 Barcelona-Betis"},"content":{"rendered":"\n<figure class=\"wp-block-embed is-type-video is-provider-youtube wp-block-embed-youtube wp-embed-aspect-4-3 wp-has-aspect-ratio\"><div class=\"wp-block-embed__wrapper\">\n<iframe loading=\"lazy\" title=\"Barcelona 3 - Betis 2 (Final Copa del Rey 96\/97)\" width=\"720\" height=\"540\" src=\"https:\/\/www.youtube.com\/embed\/Cc7AudD7ie4?feature=oembed\" frameborder=\"0\" allow=\"accelerometer; autoplay; clipboard-write; encrypted-media; gyroscope; picture-in-picture; web-share\" referrerpolicy=\"strict-origin-when-cross-origin\" allowfullscreen><\/iframe>\n<\/div><\/figure>\n\n\n<p><strong>Hoy 28 de Junio se cumplen 14 a\u00f1os de la final de Copa entre el Barcelona y el Betis jugada en el Santiago Bernab\u00e9u. Una gran final, con dos equipos jugando a ganar y dos aficiones entregadas a sus colores, en un ambiente de fiesta y pleno de animaci\u00f3n.<\/strong><\/p>\n<p><strong>El mejor res\u00famen que he encontrado es este de TV3, la televisi\u00f3n auton\u00f3mica de Catalu\u00f1a, por lo que los comentarios est\u00e1n en catal\u00e1n. No obstante se entiende bien, y adem\u00e1s el buen f\u00fatbol es un idiona universal, entendido por todos.<\/strong><\/p>\n<p><strong>Incre\u00edble que faltando 4 minutos nos empataran, en una jugada de pardillos de la defensa. Incre\u00edble que con el 2-2 y en la \u00faltima jugada del partido un contrataque b\u00e9tico con disparo final de R\u00edos no terminase en gol. Incre\u00edble la sucesi\u00f3n de rebotes que da lugar al 3-2 para el Bar\u00e7a faltando 3 minutos.<\/strong><\/p>\n<p><strong>Pero lo m\u00e1s incre\u00edble es el regate que Alfonso le hace a Couto en la jugada del 2-1 b\u00e9tico. Todav\u00eda creo que sigue con la cintura enyesada&#8230;<\/strong><\/p>","protected":false},"excerpt":{"rendered":"<p>Hoy 28 de Junio se cumplen 14 a\u00f1os de la final de Copa entre el Barcelona y el Betis jugada en el Santiago Bernab\u00e9u. Una gran final, con dos equipos jugando a ganar y dos aficiones entregadas a sus colores, en un ambiente de fiesta y pleno de animaci\u00f3n. El mejor res\u00famen que he encontrado&#8230;<\/p>\n","protected":false},"author":5,"featured_media":0,"comment_status":"open","ping_status":"open","sticky":false,"template":"","format":"standard","meta":{"_kad_post_transparent":"","_kad_post_title":"","_kad_post_layout":"","_kad_post_sidebar_id":"","_kad_post_content_style":"","_kad_post_vertical_padding":"","_kad_post_feature":"","_kad_post_feature_position":"","_kad_post_header":false,"_kad_post_footer":false,"_kad_post_classname":"","_jetpack_memberships_contains_paid_content":false,"footnotes":"","jetpack_publicize_message":"","jetpack_publicize_feature_enabled":true,"jetpack_social_post_already_shared":false,"jetpack_social_options":{"image_generator_settings":{"template":"highway","default_image_id":0,"font":"","enabled":false},"version":2}},"categories":[905],"tags":[2478,1068,17869,1154,16942,1610],"class_list":["post-12176","post","type-post","status-publish","format-standard","hentry","category-1990-1999","tag-1996-97","tag-1068","tag-copa-1996-97","tag-fc-barcelona","tag-final-copa-1997","tag-santiago-bernabeu"],"jetpack_publicize_connections":[],"jetpack_featured_media_url":"","jetpack_sharing_enabled":true,"jetpack_shortlink":"https:\/\/wp.me\/p1ij08-3ao","jetpack-related-posts":[],"_links":{"self":[{"href":"https:\/\/www.manquepierda.com\/historiarealbetis\/wp-json\/wp\/v2\/posts\/12176","targetHints":{"allow":["GET"]}}],"collection":[{"href":"https:\/\/www.manquepierda.com\/historiarealbetis\/wp-json\/wp\/v2\/posts"}],"about":[{"href":"https:\/\/www.manquepierda.com\/historiarealbetis\/wp-json\/wp\/v2\/types\/post"}],"author":[{"embeddable":true,"href":"https:\/\/www.manquepierda.com\/historiarealbetis\/wp-json\/wp\/v2\/users\/5"}],"replies":[{"embeddable":true,"href":"https:\/\/www.manquepierda.com\/historiarealbetis\/wp-json\/wp\/v2\/comments?post=12176"}],"version-history":[{"count":1,"href":"https:\/\/www.manquepierda.com\/historiarealbetis\/wp-json\/wp\/v2\/posts\/12176\/revisions"}],"predecessor-version":[{"id":94911,"href":"https:\/\/www.manquepierda.com\/historiarealbetis\/wp-json\/wp\/v2\/posts\/12176\/revisions\/94911"}],"wp:attachment":[{"href":"https:\/\/www.manquepierda.com\/historiarealbetis\/wp-json\/wp\/v2\/media?parent=12176"}],"wp:term":[{"taxonomy":"category","embeddable":true,"href":"https:\/\/www.manquepierda.com\/historiarealbetis\/wp-json\/wp\/v2\/categories?post=12176"},{"taxonomy":"post_tag","embeddable":true,"href":"https:\/\/www.manquepierda.com\/historiarealbetis\/wp-json\/wp\/v2\/tags?post=12176"}],"curies":[{"name":"wp","href":"https:\/\/api.w.org\/{rel}","templated":true}]}}