{"id":12430,"date":"2011-07-29T06:25:12","date_gmt":"2011-07-29T05:25:12","guid":{"rendered":"http:\/\/www.manquepierda.com\/historiarealbetis\/?p=12430"},"modified":"2024-08-11T13:12:06","modified_gmt":"2024-08-11T11:12:06","slug":"alineacion-athletic-bilbao-betis-liga-1939-2","status":"publish","type":"post","link":"https:\/\/www.manquepierda.com\/historiarealbetis\/alineacion-athletic-bilbao-betis-liga-1939-2\/","title":{"rendered":"Alineaci\u00f3n Athletic Bilbao-Betis Liga 1939"},"content":{"rendered":"<p><a href=\"https:\/\/i0.wp.com\/www.manquepierda.com\/historiarealbetis\/files\/2011\/07\/Alineaci%C3%B3n-Ath.Bilbao-Betis-Liga-1939-NMP-Marca-19-12-1939-1.jpg?ssl=1\" rel=\"attachment wp-att-47200\"><img data-recalc-dims=\"1\" loading=\"lazy\" decoding=\"async\" class=\"aligncenter size-medium wp-image-47200\" src=\"https:\/\/i0.wp.com\/www.manquepierda.com\/historiarealbetis\/files\/2011\/07\/Alineaci%C3%B3n-Ath.Bilbao-Betis-Liga-1939-NMP-Marca-19-12-1939-1.jpg?resize=680%2C430&#038;ssl=1\" alt=\"Alineaci\u00f3n Ath.Bilbao-Betis Liga 1939 (NMP) Marca 19-12-1939\" width=\"680\" height=\"430\" srcset=\"https:\/\/i0.wp.com\/www.manquepierda.com\/historiarealbetis\/files\/2011\/07\/Alineaci%C3%B3n-Ath.Bilbao-Betis-Liga-1939-NMP-Marca-19-12-1939-1.jpg?resize=680%2C430&amp;ssl=1 680w, https:\/\/i0.wp.com\/www.manquepierda.com\/historiarealbetis\/files\/2011\/07\/Alineaci%C3%B3n-Ath.Bilbao-Betis-Liga-1939-NMP-Marca-19-12-1939-1.jpg?resize=220%2C139&amp;ssl=1 220w, https:\/\/i0.wp.com\/www.manquepierda.com\/historiarealbetis\/files\/2011\/07\/Alineaci%C3%B3n-Ath.Bilbao-Betis-Liga-1939-NMP-Marca-19-12-1939-1.jpg?resize=768%2C486&amp;ssl=1 768w, https:\/\/i0.wp.com\/www.manquepierda.com\/historiarealbetis\/files\/2011\/07\/Alineaci%C3%B3n-Ath.Bilbao-Betis-Liga-1939-NMP-Marca-19-12-1939-1.jpg?resize=960%2C607&amp;ssl=1 960w, https:\/\/i0.wp.com\/www.manquepierda.com\/historiarealbetis\/files\/2011\/07\/Alineaci%C3%B3n-Ath.Bilbao-Betis-Liga-1939-NMP-Marca-19-12-1939-1.jpg?w=1190&amp;ssl=1 1190w\" sizes=\"auto, (max-width: 680px) 100vw, 680px\" \/><\/a><\/p>\n<p>&nbsp;<\/p>\n<p>Alineaci\u00f3n del Betis en el Athletic Club 6\u00a0 Betis 1\u00a0\u00a0 disputado en San Mam\u00e9s el 17 de Diciembre de 1939, en la jornada 3 del campeonato de Liga de Primera Divisi\u00f3n.<\/p>\n<p>En la imagen arriba: Su\u00e1rez, Saro, Telech\u00eda, Paquirri, Fern\u00e1ndez, Angelito,\u00a0 Aurelio y Peral; abajo: Tomas\u00edn , Caballero y Cornejo.<\/p>\n<p>Roberto Echevarr\u00eda entrenaba al Athletic y Andr\u00e9s Aranda al Betis<\/p>\n","protected":false},"excerpt":{"rendered":"<p>&nbsp; Alineaci\u00f3n del Betis en el Athletic Club 6\u00a0 Betis 1\u00a0\u00a0 disputado en San Mam\u00e9s el 17 de Diciembre de 1939, en la jornada 3 del campeonato de Liga de Primera Divisi\u00f3n. En la imagen arriba: Su\u00e1rez, Saro, Telech\u00eda, Paquirri, Fern\u00e1ndez, Angelito,\u00a0 Aurelio y Peral; abajo: Tomas\u00edn , Caballero y Cornejo. Roberto Echevarr\u00eda entrenaba al&#8230;<\/p>\n","protected":false},"author":5,"featured_media":47200,"comment_status":"open","ping_status":"open","sticky":false,"template":"","format":"standard","meta":{"_kad_post_transparent":"","_kad_post_title":"","_kad_post_layout":"","_kad_post_sidebar_id":"","_kad_post_content_style":"","_kad_post_vertical_padding":"","_kad_post_feature":"","_kad_post_feature_position":"","_kad_post_header":false,"_kad_post_footer":false,"_kad_post_classname":"","_jetpack_memberships_contains_paid_content":false,"footnotes":"","jetpack_publicize_message":"","jetpack_publicize_feature_enabled":true,"jetpack_social_post_already_shared":false,"jetpack_social_options":{"image_generator_settings":{"template":"highway","default_image_id":0,"font":"","enabled":false},"version":2}},"categories":[899,1],"tags":[47,2476,5562,1057,1529,109,1527,124,1407,1575,1528,1182,17913,17867,2382],"class_list":["post-12430","post","type-post","status-publish","format-standard","has-post-thumbnail","hentry","category-1930-1939","category-portada","tag-47","tag-1939-40","tag-angel-belmonte-angelito","tag-angel-martin-saro","tag-antonio-cornejo","tag-antonio-fernandez","tag-antonio-telechia","tag-athletic-club","tag-aurelio-navarro","tag-francisco-gonzalez-paquirri","tag-francisco-suarez","tag-jose-caballero","tag-jose-suarez-peral","tag-liga-primera-1939-40","tag-rafael-holguin-tomasin"],"jetpack_publicize_connections":[],"jetpack_featured_media_url":"https:\/\/i0.wp.com\/www.manquepierda.com\/historiarealbetis\/files\/2011\/07\/Alineaci%C3%B3n-Ath.Bilbao-Betis-Liga-1939-NMP-Marca-19-12-1939-1.jpg?fit=1190%2C753&ssl=1","jetpack_sharing_enabled":true,"jetpack_shortlink":"https:\/\/wp.me\/p1ij08-3eu","jetpack-related-posts":[],"_links":{"self":[{"href":"https:\/\/www.manquepierda.com\/historiarealbetis\/wp-json\/wp\/v2\/posts\/12430","targetHints":{"allow":["GET"]}}],"collection":[{"href":"https:\/\/www.manquepierda.com\/historiarealbetis\/wp-json\/wp\/v2\/posts"}],"about":[{"href":"https:\/\/www.manquepierda.com\/historiarealbetis\/wp-json\/wp\/v2\/types\/post"}],"author":[{"embeddable":true,"href":"https:\/\/www.manquepierda.com\/historiarealbetis\/wp-json\/wp\/v2\/users\/5"}],"replies":[{"embeddable":true,"href":"https:\/\/www.manquepierda.com\/historiarealbetis\/wp-json\/wp\/v2\/comments?post=12430"}],"version-history":[{"count":1,"href":"https:\/\/www.manquepierda.com\/historiarealbetis\/wp-json\/wp\/v2\/posts\/12430\/revisions"}],"predecessor-version":[{"id":96096,"href":"https:\/\/www.manquepierda.com\/historiarealbetis\/wp-json\/wp\/v2\/posts\/12430\/revisions\/96096"}],"wp:featuredmedia":[{"embeddable":true,"href":"https:\/\/www.manquepierda.com\/historiarealbetis\/wp-json\/wp\/v2\/media\/47200"}],"wp:attachment":[{"href":"https:\/\/www.manquepierda.com\/historiarealbetis\/wp-json\/wp\/v2\/media?parent=12430"}],"wp:term":[{"taxonomy":"category","embeddable":true,"href":"https:\/\/www.manquepierda.com\/historiarealbetis\/wp-json\/wp\/v2\/categories?post=12430"},{"taxonomy":"post_tag","embeddable":true,"href":"https:\/\/www.manquepierda.com\/historiarealbetis\/wp-json\/wp\/v2\/tags?post=12430"}],"curies":[{"name":"wp","href":"https:\/\/api.w.org\/{rel}","templated":true}]}}