{"id":12540,"date":"2015-07-29T18:00:29","date_gmt":"2015-07-29T16:00:29","guid":{"rendered":"http:\/\/www.manquepierda.com\/historiarealbetis\/?p=12540"},"modified":"2024-09-18T07:50:49","modified_gmt":"2024-09-18T05:50:49","slug":"el-caso-antunez-futbol-poder-militar-y-federativo-en-los-anos-40-parte-2%c2%aa-d","status":"publish","type":"post","link":"https:\/\/www.manquepierda.com\/historiarealbetis\/el-caso-antunez-futbol-poder-militar-y-federativo-en-los-anos-40-parte-2%c2%aa-d\/","title":{"rendered":"El caso Ant\u00fanez. F\u00fatbol, poder militar y federativo en los a\u00f1os 40 (Parte 2\u00aa)"},"content":{"rendered":"<p>El origen y desencadenante del caso Ant\u00fanez\u00a0es conocido por todos: el 23 de Enero de 1946 se anuncia en la prensa que el jugador Francisco Ant\u00fanez Espada ha sido traspasado al Sevilla CF por la cantidad de 80 mil pesetas, adem\u00e1s de 20 mil pesetas que percibe el jugador.<\/p>\n<figure id=\"attachment_12541\" aria-describedby=\"caption-attachment-12541\" style=\"width: 300px\" class=\"wp-caption aligncenter\"><a href=\"https:\/\/i0.wp.com\/www.manquepierda.com\/historiarealbetis\/files\/2011\/07\/1-1946-1-24-Marca.jpg?ssl=1\"><img data-recalc-dims=\"1\" loading=\"lazy\" decoding=\"async\" class=\"size-medium wp-image-12541\" src=\"https:\/\/i0.wp.com\/www.manquepierda.com\/historiarealbetis\/files\/2011\/07\/1-1946-1-24-Marca.jpg?resize=300%2C177&#038;ssl=1\" alt=\"\" width=\"300\" height=\"177\" srcset=\"https:\/\/i0.wp.com\/www.manquepierda.com\/historiarealbetis\/files\/2011\/07\/1-1946-1-24-Marca.jpg?resize=300%2C177&amp;ssl=1 300w, https:\/\/i0.wp.com\/www.manquepierda.com\/historiarealbetis\/files\/2011\/07\/1-1946-1-24-Marca.jpg?resize=1024%2C605&amp;ssl=1 1024w, https:\/\/i0.wp.com\/www.manquepierda.com\/historiarealbetis\/files\/2011\/07\/1-1946-1-24-Marca.jpg?w=1619&amp;ssl=1 1619w\" sizes=\"auto, (max-width: 300px) 100vw, 300px\" \/><\/a><figcaption id=\"caption-attachment-12541\" class=\"wp-caption-text\">Fuente: Marca 26 de Enero de 1946<\/figcaption><\/figure>\n<p>Los intentos por hacerse con Ant\u00fanez ven\u00edan de la temporada pasada y de comienzos de la presente.<\/p>\n<p>En Junio\u00a0 de 1945 es el Real Madrid quien se interesa por el jugador.<\/p>\n<figure id=\"attachment_12542\" aria-describedby=\"caption-attachment-12542\" style=\"width: 620px\" class=\"wp-caption aligncenter\"><a href=\"https:\/\/i0.wp.com\/www.manquepierda.com\/historiarealbetis\/files\/2011\/07\/2-1945-6-15-Marca.jpg?ssl=1\"><img data-recalc-dims=\"1\" loading=\"lazy\" decoding=\"async\" class=\"size-large wp-image-12542\" src=\"https:\/\/i0.wp.com\/www.manquepierda.com\/historiarealbetis\/files\/2011\/07\/2-1945-6-15-Marca.jpg?resize=620%2C903&#038;ssl=1\" alt=\"\" width=\"620\" height=\"903\" srcset=\"https:\/\/i0.wp.com\/www.manquepierda.com\/historiarealbetis\/files\/2011\/07\/2-1945-6-15-Marca.jpg?resize=703%2C1024&amp;ssl=1 703w, https:\/\/i0.wp.com\/www.manquepierda.com\/historiarealbetis\/files\/2011\/07\/2-1945-6-15-Marca.jpg?resize=205%2C300&amp;ssl=1 205w, https:\/\/i0.wp.com\/www.manquepierda.com\/historiarealbetis\/files\/2011\/07\/2-1945-6-15-Marca.jpg?w=887&amp;ssl=1 887w\" sizes=\"auto, (max-width: 620px) 100vw, 620px\" \/><\/a><figcaption id=\"caption-attachment-12542\" class=\"wp-caption-text\">Fuente: Marca 15 de Junio de 1945<\/figcaption><\/figure>\n<p>&nbsp;<\/p>\n<p>Es en Septiembre\u00a0cuando la prensa sevillana y madrile\u00f1a nos informan\u00a0de las gestiones sevillistas por Ant\u00fanez, que son rechazadas por el Betis.<\/p>\n<p>&nbsp;<\/p>\n<figure id=\"attachment_12543\" aria-describedby=\"caption-attachment-12543\" style=\"width: 620px\" class=\"wp-caption alignleft\"><a href=\"https:\/\/i0.wp.com\/www.manquepierda.com\/historiarealbetis\/files\/2011\/07\/3-1945-9-18-Sevilla.jpg?ssl=1\"><img data-recalc-dims=\"1\" loading=\"lazy\" decoding=\"async\" class=\"size-large wp-image-12543\" src=\"https:\/\/i0.wp.com\/www.manquepierda.com\/historiarealbetis\/files\/2011\/07\/3-1945-9-18-Sevilla.jpg?resize=620%2C853&#038;ssl=1\" alt=\"\" width=\"620\" height=\"853\" srcset=\"https:\/\/i0.wp.com\/www.manquepierda.com\/historiarealbetis\/files\/2011\/07\/3-1945-9-18-Sevilla.jpg?resize=744%2C1024&amp;ssl=1 744w, https:\/\/i0.wp.com\/www.manquepierda.com\/historiarealbetis\/files\/2011\/07\/3-1945-9-18-Sevilla.jpg?resize=218%2C300&amp;ssl=1 218w, https:\/\/i0.wp.com\/www.manquepierda.com\/historiarealbetis\/files\/2011\/07\/3-1945-9-18-Sevilla.jpg?w=1700&amp;ssl=1 1700w\" sizes=\"auto, (max-width: 620px) 100vw, 620px\" \/><\/a><figcaption id=\"caption-attachment-12543\" class=\"wp-caption-text\">Fuente; Sevilla 18 de Septiembre de 1945<\/figcaption><\/figure>\n<p>&nbsp;<\/p>\n<p>&nbsp;<\/p>\n<p>&nbsp;<\/p>\n<p>&nbsp;<\/p>\n<p>&nbsp;<\/p>\n<p>&nbsp;<\/p>\n<p>&nbsp;<\/p>\n<p>&nbsp;<\/p>\n<p>&nbsp;<\/p>\n<p>&nbsp;<\/p>\n<p>&nbsp;<\/p>\n<p>&nbsp;<\/p>\n<p>&nbsp;<\/p>\n<p>&nbsp;<\/p>\n<p>&nbsp;<\/p>\n<p>&nbsp;<\/p>\n<p>&nbsp;<\/p>\n<p>&nbsp;<\/p>\n<p>&nbsp;<\/p>\n<p>&nbsp;<\/p>\n<p>&nbsp;<\/p>\n<p>&nbsp;<\/p>\n<p>&nbsp;<\/p>\n<p>&nbsp;<\/p>\n<p>&nbsp;<\/p>\n<p>&nbsp;<\/p>\n<p>&nbsp;<\/p>\n<p>&nbsp;<\/p>\n<p>&nbsp;<\/p>\n<p>El Sevilla tras Ant\u00fanez. El Betis no acepta la oferta.<\/p>\n<figure id=\"attachment_12544\" aria-describedby=\"caption-attachment-12544\" style=\"width: 528px\" class=\"wp-caption alignleft\"><a href=\"https:\/\/i0.wp.com\/www.manquepierda.com\/historiarealbetis\/files\/2011\/07\/4-1945-9-22-Marca.jpg?ssl=1\"><img data-recalc-dims=\"1\" loading=\"lazy\" decoding=\"async\" class=\"size-large wp-image-12544\" src=\"https:\/\/i0.wp.com\/www.manquepierda.com\/historiarealbetis\/files\/2011\/07\/4-1945-9-22-Marca.jpg?resize=528%2C1024&#038;ssl=1\" alt=\"\" width=\"528\" height=\"1024\" srcset=\"https:\/\/i0.wp.com\/www.manquepierda.com\/historiarealbetis\/files\/2011\/07\/4-1945-9-22-Marca.jpg?resize=528%2C1024&amp;ssl=1 528w, https:\/\/i0.wp.com\/www.manquepierda.com\/historiarealbetis\/files\/2011\/07\/4-1945-9-22-Marca.jpg?resize=154%2C300&amp;ssl=1 154w\" sizes=\"auto, (max-width: 528px) 100vw, 528px\" \/><\/a><figcaption id=\"caption-attachment-12544\" class=\"wp-caption-text\">Fuente: Marca 22 de Septiembre de 1945<\/figcaption><\/figure>\n<p>&nbsp;<\/p>\n<p>&nbsp;<\/p>\n<p>&nbsp;<\/p>\n<p>&nbsp;<\/p>\n<p>&nbsp;<\/p>\n<p>&nbsp;<\/p>\n<p>&nbsp;<\/p>\n<p>&nbsp;<\/p>\n<p>&nbsp;<\/p>\n<p>&nbsp;<\/p>\n<p>&nbsp;<\/p>\n<p>&nbsp;<\/p>\n<p>&nbsp;<\/p>\n<p>&nbsp;<\/p>\n<p>&nbsp;<\/p>\n<p>&nbsp;<\/p>\n<p>&nbsp;<\/p>\n<p>&nbsp;<\/p>\n<p>&nbsp;<\/p>\n<p>&nbsp;<\/p>\n<p>&nbsp;<\/p>\n<p>&nbsp;<\/p>\n<p>&nbsp;<\/p>\n<p>&nbsp;<\/p>\n<p>&nbsp;<\/p>\n<p>&nbsp;<\/p>\n<p>&nbsp;<\/p>\n<p>&nbsp;<\/p>\n<p>&nbsp;<\/p>\n<p>&nbsp;<\/p>\n<p>&nbsp;<\/p>\n<p>&nbsp;<\/p>\n<p>&nbsp;<\/p>\n<p>&nbsp;<\/p>\n<p>El Sevilla fracasa en sus gestiones por Ant\u00fanez.<\/p>\n<p>&nbsp;<\/p>\n<p>Con la temporada ya comenzada, en el mes de Enero, salta de nuevo la bomba informativa.<\/p>\n<p>La pol\u00e9mica estalla al d\u00eda siguiente, 24 de Enero,\u00a0 cuando la Junta Directiva b\u00e9tica, presidida por Eduardo Benjumea V\u00e1zquez, \u00a0niega validez al traspaso efectuado por Carlos Hern\u00e1ndez Nalda, vicepresidente, y Alfonso de la Torre Quesada, tesorero. En la reuni\u00f3n celebrada por la Junta del Betis dimiten ambos.<\/p>\n<figure id=\"attachment_12546\" aria-describedby=\"caption-attachment-12546\" style=\"width: 355px\" class=\"wp-caption aligncenter\"><a href=\"https:\/\/i0.wp.com\/www.manquepierda.com\/historiarealbetis\/files\/2011\/07\/5-1946-1-25-ABC1.jpg?ssl=1\"><img data-recalc-dims=\"1\" loading=\"lazy\" decoding=\"async\" class=\"size-full wp-image-12546\" src=\"https:\/\/i0.wp.com\/www.manquepierda.com\/historiarealbetis\/files\/2011\/07\/5-1946-1-25-ABC1.jpg?resize=355%2C381&#038;ssl=1\" alt=\"\" width=\"355\" height=\"381\" srcset=\"https:\/\/i0.wp.com\/www.manquepierda.com\/historiarealbetis\/files\/2011\/07\/5-1946-1-25-ABC1.jpg?w=355&amp;ssl=1 355w, https:\/\/i0.wp.com\/www.manquepierda.com\/historiarealbetis\/files\/2011\/07\/5-1946-1-25-ABC1.jpg?resize=279%2C300&amp;ssl=1 279w\" sizes=\"auto, (max-width: 355px) 100vw, 355px\" \/><\/a><figcaption id=\"caption-attachment-12546\" class=\"wp-caption-text\">Fuente: ABC 25 de Enero de 1946<\/figcaption><\/figure>\n<p>Hern\u00e1ndez Nalda explica su actuaci\u00f3n \u00a0alegando contar con el permiso t\u00e1cito del presidente, adem\u00e1s de la necesidad imperiosa de conseguir fondos para que el club pudiera seguir en activo.<\/p>\n<figure id=\"attachment_12547\" aria-describedby=\"caption-attachment-12547\" style=\"width: 523px\" class=\"wp-caption aligncenter\"><a href=\"https:\/\/i0.wp.com\/www.manquepierda.com\/historiarealbetis\/files\/2011\/07\/6-1946-1-26-Fe.jpg?ssl=1\"><img data-recalc-dims=\"1\" loading=\"lazy\" decoding=\"async\" class=\"size-full wp-image-12547\" src=\"https:\/\/i0.wp.com\/www.manquepierda.com\/historiarealbetis\/files\/2011\/07\/6-1946-1-26-Fe.jpg?resize=523%2C1008&#038;ssl=1\" alt=\"\" width=\"523\" height=\"1008\" srcset=\"https:\/\/i0.wp.com\/www.manquepierda.com\/historiarealbetis\/files\/2011\/07\/6-1946-1-26-Fe.jpg?w=523&amp;ssl=1 523w, https:\/\/i0.wp.com\/www.manquepierda.com\/historiarealbetis\/files\/2011\/07\/6-1946-1-26-Fe.jpg?resize=155%2C300&amp;ssl=1 155w\" sizes=\"auto, (max-width: 523px) 100vw, 523px\" \/><\/a><figcaption id=\"caption-attachment-12547\" class=\"wp-caption-text\">Fuente: FE 26 de Enero de 1946<\/figcaption><\/figure>\n<p>A esta nota de prensa replica Eduardo Benjumea\u00a0 con otra matizando y puntualizando las apreciaciones de Hern\u00e1ndez Nalda.<\/p>\n<figure id=\"attachment_12548\" aria-describedby=\"caption-attachment-12548\" style=\"width: 455px\" class=\"wp-caption aligncenter\"><a href=\"https:\/\/i0.wp.com\/www.manquepierda.com\/historiarealbetis\/files\/2011\/07\/7-1946-1-27-Fe.jpg?ssl=1\"><img data-recalc-dims=\"1\" loading=\"lazy\" decoding=\"async\" class=\"size-large wp-image-12548\" src=\"https:\/\/i0.wp.com\/www.manquepierda.com\/historiarealbetis\/files\/2011\/07\/7-1946-1-27-Fe.jpg?resize=455%2C1024&#038;ssl=1\" alt=\"\" width=\"455\" height=\"1024\" srcset=\"https:\/\/i0.wp.com\/www.manquepierda.com\/historiarealbetis\/files\/2011\/07\/7-1946-1-27-Fe.jpg?resize=455%2C1024&amp;ssl=1 455w, https:\/\/i0.wp.com\/www.manquepierda.com\/historiarealbetis\/files\/2011\/07\/7-1946-1-27-Fe.jpg?resize=133%2C300&amp;ssl=1 133w, https:\/\/i0.wp.com\/www.manquepierda.com\/historiarealbetis\/files\/2011\/07\/7-1946-1-27-Fe.jpg?w=684&amp;ssl=1 684w\" sizes=\"auto, (max-width: 455px) 100vw, 455px\" \/><\/a><figcaption id=\"caption-attachment-12548\" class=\"wp-caption-text\">Fuente: FE 27 de Enero de 1946<\/figcaption><\/figure>\n<p>Ant\u00fanez no se presenta a los requerimientos del Betis para acudir a los entrenamientos y marcha con el resto del equipo merengue a Madrid, donde ha de enfrentarse al club de Chamart\u00edn. El notario enviado por el club b\u00e9tico, acompa\u00f1ado del secretario t\u00e9cnico Manuel Sim\u00f3, no puede certificar la presencia de Ant\u00fanez en la expedici\u00f3n sevillista, ya que el jugador no sube al tren en la estaci\u00f3n de C\u00f3rdoba, sino en el apeadero de San Jer\u00f3nimo.<\/p>\n<p>Antes del encuentro de Madrid el Sevilla consulta a la Federaci\u00f3n Regional Sur, que con su proceder avala la alineaci\u00f3n del jugador, mientras que la Federaci\u00f3n Espa\u00f1ola \u00abdeclina toda responsabilidad\u00bb y se lava las manos en el asunto.\u00a0 La Federaci\u00f3n Regional Sur est\u00e1 presidida desde 1932 por Antonio Calder\u00f3n Hern\u00e1ndez, anteriormente secretario del Sevilla.<\/p>\n<figure id=\"attachment_12549\" aria-describedby=\"caption-attachment-12549\" style=\"width: 451px\" class=\"wp-caption aligncenter\"><a href=\"https:\/\/i0.wp.com\/www.manquepierda.com\/historiarealbetis\/files\/2011\/07\/8-1946-1-27-Marca.jpg?ssl=1\"><img data-recalc-dims=\"1\" loading=\"lazy\" decoding=\"async\" class=\"size-full wp-image-12549\" src=\"https:\/\/i0.wp.com\/www.manquepierda.com\/historiarealbetis\/files\/2011\/07\/8-1946-1-27-Marca.jpg?resize=451%2C433&#038;ssl=1\" alt=\"\" width=\"451\" height=\"433\" srcset=\"https:\/\/i0.wp.com\/www.manquepierda.com\/historiarealbetis\/files\/2011\/07\/8-1946-1-27-Marca.jpg?w=451&amp;ssl=1 451w, https:\/\/i0.wp.com\/www.manquepierda.com\/historiarealbetis\/files\/2011\/07\/8-1946-1-27-Marca.jpg?resize=300%2C288&amp;ssl=1 300w\" sizes=\"auto, (max-width: 451px) 100vw, 451px\" \/><\/a><figcaption id=\"caption-attachment-12549\" class=\"wp-caption-text\">Fuente: Marca 27 de Enero de 1946<\/figcaption><\/figure>\n<p>El 27 de Enero Ant\u00fanez debuta con el Sevilla con empate a 1, mientras que en Heli\u00f3polis el Betis vence 6-1 al Gimn\u00e1stico de Tarragona, en un encuentro en el que los simpatizantes b\u00e9ticos depositan 60 mil pesetas para el rescate del jugador.<\/p>\n<figure id=\"attachment_12550\" aria-describedby=\"caption-attachment-12550\" style=\"width: 273px\" class=\"wp-caption aligncenter\"><a href=\"https:\/\/i0.wp.com\/www.manquepierda.com\/historiarealbetis\/files\/2011\/07\/Marca-1946-Enero-29.jpg?ssl=1\"><img data-recalc-dims=\"1\" loading=\"lazy\" decoding=\"async\" class=\"size-full wp-image-12550\" src=\"https:\/\/i0.wp.com\/www.manquepierda.com\/historiarealbetis\/files\/2011\/07\/Marca-1946-Enero-29.jpg?resize=273%2C428&#038;ssl=1\" alt=\"\" width=\"273\" height=\"428\" srcset=\"https:\/\/i0.wp.com\/www.manquepierda.com\/historiarealbetis\/files\/2011\/07\/Marca-1946-Enero-29.jpg?w=273&amp;ssl=1 273w, https:\/\/i0.wp.com\/www.manquepierda.com\/historiarealbetis\/files\/2011\/07\/Marca-1946-Enero-29.jpg?resize=191%2C300&amp;ssl=1 191w\" sizes=\"auto, (max-width: 273px) 100vw, 273px\" \/><\/a><figcaption id=\"caption-attachment-12550\" class=\"wp-caption-text\">Fuente: Marca 29 de Enero de 1946<\/figcaption><\/figure>\n<p>El d\u00eda 28 de Enero el Betis presenta su recurso a la Federaci\u00f3n Espa\u00f1ola de F\u00fatbol. Este documento es de dominio p\u00fablico, ya que apareci\u00f3 \u00edntegramente en el diario vespertino Sevilla. En \u00e9l se niega legitimidad a los documentos firmados por Carlos Hern\u00e1ndez y Alfonso de la Torre, pues no han sido tratados por la Junta Directiva, ni han sido firmados por las personas que han de realizar este procedimiento como marca la reglamentaci\u00f3n federativa.<\/p>\n<p>El club b\u00e9tico se extra\u00f1a de la rapidez con que la Federaci\u00f3n Regional Sur ha tramitado toda la documentaci\u00f3n para que Ant\u00fanez se alinee con el Sevilla, siempre a espaldas de la representaci\u00f3n legal\u00a0de la entidad b\u00e9tica, pues no han podido ver ni la documentaci\u00f3n enviada a Madrid.<\/p>\n<figure id=\"attachment_12551\" aria-describedby=\"caption-attachment-12551\" style=\"width: 620px\" class=\"wp-caption aligncenter\"><a href=\"https:\/\/i0.wp.com\/www.manquepierda.com\/historiarealbetis\/files\/2011\/07\/9-1946-1-29-Sevilla.jpg?ssl=1\"><img data-recalc-dims=\"1\" loading=\"lazy\" decoding=\"async\" class=\"size-large wp-image-12551\" src=\"https:\/\/i0.wp.com\/www.manquepierda.com\/historiarealbetis\/files\/2011\/07\/9-1946-1-29-Sevilla.jpg?resize=620%2C853&#038;ssl=1\" alt=\"\" width=\"620\" height=\"853\" srcset=\"https:\/\/i0.wp.com\/www.manquepierda.com\/historiarealbetis\/files\/2011\/07\/9-1946-1-29-Sevilla.jpg?resize=744%2C1024&amp;ssl=1 744w, https:\/\/i0.wp.com\/www.manquepierda.com\/historiarealbetis\/files\/2011\/07\/9-1946-1-29-Sevilla.jpg?resize=218%2C300&amp;ssl=1 218w, https:\/\/i0.wp.com\/www.manquepierda.com\/historiarealbetis\/files\/2011\/07\/9-1946-1-29-Sevilla.jpg?w=1700&amp;ssl=1 1700w\" sizes=\"auto, (max-width: 620px) 100vw, 620px\" \/><\/a><figcaption id=\"caption-attachment-12551\" class=\"wp-caption-text\">Fuente: Sevilla 29 de Enero de 1946<\/figcaption><\/figure>\n<p>En los \u00faltimos d\u00edas de Enero est\u00e1 en Sevilla Juan Antonio S\u00e1nchez Oca\u00f1a, secretario de la Federaci\u00f3n Espa\u00f1ola de F\u00fatbol, quien acude in situ para indagar sobre el asunto, entrevist\u00e1ndose con directivos b\u00e9ticos, sevillistas y de la Federaci\u00f3n Regional Sur.<\/p>\n<figure id=\"attachment_12552\" aria-describedby=\"caption-attachment-12552\" style=\"width: 171px\" class=\"wp-caption aligncenter\"><a href=\"https:\/\/i0.wp.com\/www.manquepierda.com\/historiarealbetis\/files\/2011\/07\/Juan-Antonio-S%C3%A1nchez-Oca%C3%B1a.jpg?ssl=1\"><img data-recalc-dims=\"1\" loading=\"lazy\" decoding=\"async\" class=\"size-full wp-image-12552\" src=\"https:\/\/i0.wp.com\/www.manquepierda.com\/historiarealbetis\/files\/2011\/07\/Juan-Antonio-S%C3%A1nchez-Oca%C3%B1a.jpg?resize=171%2C592&#038;ssl=1\" alt=\"\" width=\"171\" height=\"592\" \/><\/a><figcaption id=\"caption-attachment-12552\" class=\"wp-caption-text\">Juan Antonio S\u00e1nchez Oca\u00f1a, secretario de la FEF<\/figcaption><\/figure>\n<p>Ya en Febrero el Comit\u00e9 de Competici\u00f3n de la Federaci\u00f3n Espa\u00f1ola de F\u00fatbol se declara incompetente para dilucidar el asunto.<\/p>\n<figure id=\"attachment_12553\" aria-describedby=\"caption-attachment-12553\" style=\"width: 454px\" class=\"wp-caption aligncenter\"><a href=\"https:\/\/i0.wp.com\/www.manquepierda.com\/historiarealbetis\/files\/2011\/07\/10-1946-2-9-Marca.jpg?ssl=1\"><img data-recalc-dims=\"1\" loading=\"lazy\" decoding=\"async\" class=\"size-full wp-image-12553\" src=\"https:\/\/i0.wp.com\/www.manquepierda.com\/historiarealbetis\/files\/2011\/07\/10-1946-2-9-Marca.jpg?resize=454%2C449&#038;ssl=1\" alt=\"\" width=\"454\" height=\"449\" srcset=\"https:\/\/i0.wp.com\/www.manquepierda.com\/historiarealbetis\/files\/2011\/07\/10-1946-2-9-Marca.jpg?w=454&amp;ssl=1 454w, https:\/\/i0.wp.com\/www.manquepierda.com\/historiarealbetis\/files\/2011\/07\/10-1946-2-9-Marca.jpg?resize=300%2C296&amp;ssl=1 300w\" sizes=\"auto, (max-width: 454px) 100vw, 454px\" \/><\/a><figcaption id=\"caption-attachment-12553\" class=\"wp-caption-text\">Fuente: Marca 2 de Febrero de 1946<\/figcaption><\/figure>\n<p>La resoluci\u00f3n del caso pasa a a la Directiva de la Federaci\u00f3n Espa\u00f1ola de F\u00fatbol, encabezada por el presidente Javier Barroso y su vicepresidente Ram\u00f3n S\u00e1nchez Pizju\u00e1n, que se reune en varias ocasiones, aunque no es hasta el 14 de Febrero cuando dicta su resoluci\u00f3n, dando validez al traspaso, rechazando el recurso del Betis y multando a los dos clubs: al Sevilla por haber alineado ya al jugador en 3 partidos ( contra el Real Madrid, Real Gij\u00f3n y Espa\u00f1ol) sin el permiso reglamentario,\u00a0y al Betis por haber dado publicidad a su escrito de reclamaci\u00f3n.<\/p>\n<p>&nbsp;<\/p>\n<figure id=\"attachment_12554\" aria-describedby=\"caption-attachment-12554\" style=\"width: 467px\" class=\"wp-caption aligncenter\"><a href=\"https:\/\/i0.wp.com\/www.manquepierda.com\/historiarealbetis\/files\/2011\/07\/11-1946-2-15-ABC.jpg?ssl=1\"><img data-recalc-dims=\"1\" loading=\"lazy\" decoding=\"async\" class=\"size-full wp-image-12554\" src=\"https:\/\/i0.wp.com\/www.manquepierda.com\/historiarealbetis\/files\/2011\/07\/11-1946-2-15-ABC.jpg?resize=467%2C532&#038;ssl=1\" alt=\"\" width=\"467\" height=\"532\" srcset=\"https:\/\/i0.wp.com\/www.manquepierda.com\/historiarealbetis\/files\/2011\/07\/11-1946-2-15-ABC.jpg?w=467&amp;ssl=1 467w, https:\/\/i0.wp.com\/www.manquepierda.com\/historiarealbetis\/files\/2011\/07\/11-1946-2-15-ABC.jpg?resize=263%2C300&amp;ssl=1 263w\" sizes=\"auto, (max-width: 467px) 100vw, 467px\" \/><\/a><figcaption id=\"caption-attachment-12554\" class=\"wp-caption-text\">Fuente: ABC 15 de Febrero de 1946<\/figcaption><\/figure>\n<p>El 15 de Febrero la Junta Directiva del Betis se re\u00fane de forma extraordinaria y acuerda recurrir a los m\u00e1s altos organismos deportivos, en este caso la Delegaci\u00f3n Nacional de Deportes. En la preparaci\u00f3n de este recurso intervienen destacados juristas como Adolfo Cu\u00e9llar Rodr\u00edguez y Jos\u00e9 Mar\u00eda Domenech Romero.<\/p>\n<figure id=\"attachment_12555\" aria-describedby=\"caption-attachment-12555\" style=\"width: 238px\" class=\"wp-caption aligncenter\"><a href=\"https:\/\/i0.wp.com\/www.manquepierda.com\/historiarealbetis\/files\/2011\/07\/12-1946-2-16-Marca.jpg?ssl=1\"><img data-recalc-dims=\"1\" loading=\"lazy\" decoding=\"async\" class=\"size-full wp-image-12555\" src=\"https:\/\/i0.wp.com\/www.manquepierda.com\/historiarealbetis\/files\/2011\/07\/12-1946-2-16-Marca.jpg?resize=238%2C308&#038;ssl=1\" alt=\"\" width=\"238\" height=\"308\" srcset=\"https:\/\/i0.wp.com\/www.manquepierda.com\/historiarealbetis\/files\/2011\/07\/12-1946-2-16-Marca.jpg?w=238&amp;ssl=1 238w, https:\/\/i0.wp.com\/www.manquepierda.com\/historiarealbetis\/files\/2011\/07\/12-1946-2-16-Marca.jpg?resize=231%2C300&amp;ssl=1 231w\" sizes=\"auto, (max-width: 238px) 100vw, 238px\" \/><\/a><figcaption id=\"caption-attachment-12555\" class=\"wp-caption-text\">Fuente: Marca 16 de Febrero de 1946<\/figcaption><\/figure>\n","protected":false},"excerpt":{"rendered":"<p>El origen y desencadenante del caso Ant\u00fanez\u00a0es conocido por todos: el 23 de Enero de 1946 se anuncia en la prensa que el jugador Francisco Ant\u00fanez Espada ha sido traspasado al Sevilla CF por la cantidad de 80 mil pesetas, adem\u00e1s de 20 mil pesetas que percibe el jugador. Los intentos por hacerse con Ant\u00fanez&#8230;<\/p>\n","protected":false},"author":5,"featured_media":12541,"comment_status":"open","ping_status":"open","sticky":false,"template":"","format":"standard","meta":{"_kad_post_transparent":"","_kad_post_title":"","_kad_post_layout":"","_kad_post_sidebar_id":"","_kad_post_content_style":"","_kad_post_vertical_padding":"","_kad_post_feature":"","_kad_post_feature_position":"","_kad_post_header":false,"_kad_post_footer":false,"_kad_post_classname":"","_jetpack_memberships_contains_paid_content":false,"footnotes":"","jetpack_publicize_message":"","jetpack_publicize_feature_enabled":true,"jetpack_social_post_already_shared":true,"jetpack_social_options":{"image_generator_settings":{"template":"highway","default_image_id":0,"font":"","enabled":false},"version":2}},"categories":[900,906],"tags":[951,943,2598,942,227,953,932,947,946,950,952,948,944,2597,916],"class_list":["post-12540","post","type-post","status-publish","format-standard","has-post-thumbnail","hentry","category-1940-1949","category-investigacion-temas","tag-adolfo-cuellar-rodriguez","tag-alfonso-de-la-torre","tag-antonio-calderon-hernandez","tag-carlos-hernandez-nalda","tag-caso-antunez","tag-delegacion-nacional-de-deportes","tag-eduardo-benjumea","tag-federacion-espanola-de-futbol","tag-federacion-regional-sur","tag-javier-barroso","tag-jose-maria-domenech-romero","tag-juan-antonio-sanchez-ocana","tag-manuel-simo","tag-ramon-sanchez-pizjuan","tag-sevilla-fc"],"jetpack_publicize_connections":[],"jetpack_featured_media_url":"https:\/\/i0.wp.com\/www.manquepierda.com\/historiarealbetis\/files\/2011\/07\/1-1946-1-24-Marca.jpg?fit=1619%2C958&ssl=1","jetpack_sharing_enabled":true,"jetpack_shortlink":"https:\/\/wp.me\/p1ij08-3gg","jetpack-related-posts":[],"_links":{"self":[{"href":"https:\/\/www.manquepierda.com\/historiarealbetis\/wp-json\/wp\/v2\/posts\/12540","targetHints":{"allow":["GET"]}}],"collection":[{"href":"https:\/\/www.manquepierda.com\/historiarealbetis\/wp-json\/wp\/v2\/posts"}],"about":[{"href":"https:\/\/www.manquepierda.com\/historiarealbetis\/wp-json\/wp\/v2\/types\/post"}],"author":[{"embeddable":true,"href":"https:\/\/www.manquepierda.com\/historiarealbetis\/wp-json\/wp\/v2\/users\/5"}],"replies":[{"embeddable":true,"href":"https:\/\/www.manquepierda.com\/historiarealbetis\/wp-json\/wp\/v2\/comments?post=12540"}],"version-history":[{"count":1,"href":"https:\/\/www.manquepierda.com\/historiarealbetis\/wp-json\/wp\/v2\/posts\/12540\/revisions"}],"predecessor-version":[{"id":99406,"href":"https:\/\/www.manquepierda.com\/historiarealbetis\/wp-json\/wp\/v2\/posts\/12540\/revisions\/99406"}],"wp:featuredmedia":[{"embeddable":true,"href":"https:\/\/www.manquepierda.com\/historiarealbetis\/wp-json\/wp\/v2\/media\/12541"}],"wp:attachment":[{"href":"https:\/\/www.manquepierda.com\/historiarealbetis\/wp-json\/wp\/v2\/media?parent=12540"}],"wp:term":[{"taxonomy":"category","embeddable":true,"href":"https:\/\/www.manquepierda.com\/historiarealbetis\/wp-json\/wp\/v2\/categories?post=12540"},{"taxonomy":"post_tag","embeddable":true,"href":"https:\/\/www.manquepierda.com\/historiarealbetis\/wp-json\/wp\/v2\/tags?post=12540"}],"curies":[{"name":"wp","href":"https:\/\/api.w.org\/{rel}","templated":true}]}}