{"id":12562,"date":"2015-07-30T18:00:18","date_gmt":"2015-07-30T16:00:18","guid":{"rendered":"http:\/\/www.manquepierda.com\/historiarealbetis\/?p=12562"},"modified":"2016-04-11T07:49:13","modified_gmt":"2016-04-11T05:49:13","slug":"el-caso-antunez-futbol-poder-militar-y-federativo-en-los-anos-40-parte-3%c2%aa-2","status":"publish","type":"post","link":"https:\/\/www.manquepierda.com\/historiarealbetis\/el-caso-antunez-futbol-poder-militar-y-federativo-en-los-anos-40-parte-3%c2%aa-2\/","title":{"rendered":"El caso Ant\u00fanez. F\u00fatbol, poder militar y federativo en los a\u00f1os 40 (Parte 3\u00aa)"},"content":{"rendered":"<p>Durante casi dos meses el caso\u00a0 Ant\u00fanez pasa a un segundo plano, mientras que la atenci\u00f3n se traslada al terreno meramente deportivo. El Sevilla obtiene en Las Corts el t\u00edtulo de Liga el 31 de Marzo de 1946 al empatar a 1 con el Barcelona, y las celebraciones copan los titulares period\u00edsticos.<\/p>\n<figure id=\"attachment_12563\" aria-describedby=\"caption-attachment-12563\" style=\"width: 300px\" class=\"wp-caption aligncenter\"><a href=\"https:\/\/i0.wp.com\/www.manquepierda.com\/historiarealbetis\/files\/2011\/07\/1946-4-2-Marca-Alineaci%C3%B3n-Sevilla.jpg?ssl=1\"><img data-recalc-dims=\"1\" loading=\"lazy\" decoding=\"async\" class=\"size-medium wp-image-12563\" src=\"https:\/\/i0.wp.com\/www.manquepierda.com\/historiarealbetis\/files\/2011\/07\/1946-4-2-Marca-Alineaci%C3%B3n-Sevilla.jpg?resize=300%2C203&#038;ssl=1\" alt=\"\" width=\"300\" height=\"203\" srcset=\"https:\/\/i0.wp.com\/www.manquepierda.com\/historiarealbetis\/files\/2011\/07\/1946-4-2-Marca-Alineaci%C3%B3n-Sevilla.jpg?resize=300%2C203&amp;ssl=1 300w, https:\/\/i0.wp.com\/www.manquepierda.com\/historiarealbetis\/files\/2011\/07\/1946-4-2-Marca-Alineaci%C3%B3n-Sevilla.jpg?resize=1024%2C695&amp;ssl=1 1024w, https:\/\/i0.wp.com\/www.manquepierda.com\/historiarealbetis\/files\/2011\/07\/1946-4-2-Marca-Alineaci%C3%B3n-Sevilla.jpg?w=1569&amp;ssl=1 1569w\" sizes=\"auto, (max-width: 300px) 100vw, 300px\" \/><\/a><figcaption id=\"caption-attachment-12563\" class=\"wp-caption-text\">Fuente: Marca 2 de Abril de 1946<\/figcaption><\/figure>\n<p>El Sevilla Campe\u00f3n de Liga en Las Corts.<\/p>\n<p>&nbsp;<\/p>\n<figure id=\"attachment_12564\" aria-describedby=\"caption-attachment-12564\" style=\"width: 205px\" class=\"wp-caption aligncenter\"><a href=\"https:\/\/i0.wp.com\/www.manquepierda.com\/historiarealbetis\/files\/2011\/07\/1946-4-9-Marca-El-presidente-de-la-FEF-entrega-a-L%C3%B3pez-la-Copa.jpg?ssl=1\"><img data-recalc-dims=\"1\" loading=\"lazy\" decoding=\"async\" class=\"size-medium wp-image-12564\" src=\"https:\/\/i0.wp.com\/www.manquepierda.com\/historiarealbetis\/files\/2011\/07\/1946-4-9-Marca-El-presidente-de-la-FEF-entrega-a-L%C3%B3pez-la-Copa.jpg?resize=205%2C300&#038;ssl=1\" alt=\"\" width=\"205\" height=\"300\" srcset=\"https:\/\/i0.wp.com\/www.manquepierda.com\/historiarealbetis\/files\/2011\/07\/1946-4-9-Marca-El-presidente-de-la-FEF-entrega-a-L%C3%B3pez-la-Copa.jpg?resize=205%2C300&amp;ssl=1 205w, https:\/\/i0.wp.com\/www.manquepierda.com\/historiarealbetis\/files\/2011\/07\/1946-4-9-Marca-El-presidente-de-la-FEF-entrega-a-L%C3%B3pez-la-Copa.jpg?resize=703%2C1024&amp;ssl=1 703w, https:\/\/i0.wp.com\/www.manquepierda.com\/historiarealbetis\/files\/2011\/07\/1946-4-9-Marca-El-presidente-de-la-FEF-entrega-a-L%C3%B3pez-la-Copa.jpg?w=710&amp;ssl=1 710w\" sizes=\"auto, (max-width: 205px) 100vw, 205px\" \/><\/a><figcaption id=\"caption-attachment-12564\" class=\"wp-caption-text\">Fuente: Marca 9 de Abril de 1946<\/figcaption><\/figure>\n<p>El Presidente de la FEF, Javier Barroso, entrega al capit\u00e1n sevillista L\u00f3pez el trofeo de Campe\u00f3n de Liga<\/p>\n<p>&nbsp;<\/p>\n<figure id=\"attachment_12565\" aria-describedby=\"caption-attachment-12565\" style=\"width: 300px\" class=\"wp-caption aligncenter\"><a href=\"https:\/\/i0.wp.com\/www.manquepierda.com\/historiarealbetis\/files\/2011\/07\/1946-4-9-Marca-El-vicepresidente-de-la-FEF-entrega-a-Ant%C3%BAnez-una-reproducci%C3%B3n-de-la-Copa.jpg?ssl=1\"><img data-recalc-dims=\"1\" loading=\"lazy\" decoding=\"async\" class=\"size-medium wp-image-12565\" src=\"https:\/\/i0.wp.com\/www.manquepierda.com\/historiarealbetis\/files\/2011\/07\/1946-4-9-Marca-El-vicepresidente-de-la-FEF-entrega-a-Ant%C3%BAnez-una-reproducci%C3%B3n-de-la-Copa.jpg?resize=300%2C152&#038;ssl=1\" alt=\"\" width=\"300\" height=\"152\" srcset=\"https:\/\/i0.wp.com\/www.manquepierda.com\/historiarealbetis\/files\/2011\/07\/1946-4-9-Marca-El-vicepresidente-de-la-FEF-entrega-a-Ant%C3%BAnez-una-reproducci%C3%B3n-de-la-Copa.jpg?resize=300%2C152&amp;ssl=1 300w, https:\/\/i0.wp.com\/www.manquepierda.com\/historiarealbetis\/files\/2011\/07\/1946-4-9-Marca-El-vicepresidente-de-la-FEF-entrega-a-Ant%C3%BAnez-una-reproducci%C3%B3n-de-la-Copa.jpg?w=850&amp;ssl=1 850w\" sizes=\"auto, (max-width: 300px) 100vw, 300px\" \/><\/a><figcaption id=\"caption-attachment-12565\" class=\"wp-caption-text\">Fuente: Marca 9 de Abril de 1946<\/figcaption><\/figure>\n<p>El Vicepresidente de la FEF, Ram\u00f3n S\u00e1nchez Pizju\u00e1n, entrega a Ant\u00fanez una reproducci\u00f3n del trofeo<\/p>\n<p>&nbsp;<\/p>\n<p>Un peri\u00f3dico bastante bien informado en asuntos deportivos en la \u00e9poca es El Correo Espa\u00f1ol-El Pueblo Vasco de Bilbao, que en su edici\u00f3n del 6 de Abril ya aventura que est\u00e1 pr\u00f3xima la resoluci\u00f3n definitiva del caso, acertando plenamente en su pron\u00f3stico sobre el\u00a0 pr\u00f3ximo fallo de la Delegaci\u00f3n Nacional de Deportes.<\/p>\n<figure id=\"attachment_12566\" aria-describedby=\"caption-attachment-12566\" style=\"width: 427px\" class=\"wp-caption aligncenter\"><a href=\"https:\/\/i0.wp.com\/www.manquepierda.com\/historiarealbetis\/files\/2011\/07\/13-1946-4-6-El-Correo-Espa%C3%B1ol-El-Pueblo-Vasco.jpg?ssl=1\"><img data-recalc-dims=\"1\" loading=\"lazy\" decoding=\"async\" class=\"size-large wp-image-12566\" src=\"https:\/\/i0.wp.com\/www.manquepierda.com\/historiarealbetis\/files\/2011\/07\/13-1946-4-6-El-Correo-Espa%C3%B1ol-El-Pueblo-Vasco.jpg?resize=427%2C1024&#038;ssl=1\" alt=\"\" width=\"427\" height=\"1024\" srcset=\"https:\/\/i0.wp.com\/www.manquepierda.com\/historiarealbetis\/files\/2011\/07\/13-1946-4-6-El-Correo-Espa%C3%B1ol-El-Pueblo-Vasco.jpg?resize=427%2C1024&amp;ssl=1 427w, https:\/\/i0.wp.com\/www.manquepierda.com\/historiarealbetis\/files\/2011\/07\/13-1946-4-6-El-Correo-Espa%C3%B1ol-El-Pueblo-Vasco.jpg?resize=125%2C300&amp;ssl=1 125w\" sizes=\"auto, (max-width: 427px) 100vw, 427px\" \/><\/a><figcaption id=\"caption-attachment-12566\" class=\"wp-caption-text\">Fuente: El Correo Espa\u00f1ol-El Pueblo Vasco 6 de Abril de 1946<\/figcaption><\/figure>\n<p>&nbsp;<\/p>\n<p>El 11 de Abril la Delegaci\u00f3n Nacional de Deportes resuelve invalidar el traspaso de Ant\u00fanez por no ajustarse a lo reglamentado por la propia Federaci\u00f3n Espa\u00f1ola de F\u00fatbol. El fallo se centra en tres puntos:<\/p>\n<p>&#8211; Anulaci\u00f3n del traspaso de Ant\u00fanez al Sevilla<\/p>\n<p>&#8211; Mantenimiento de los resultados obtenidos en el Campeonato Nacional de Liga<\/p>\n<p>&#8211; Llamada p\u00fablica de atenci\u00f3n a la Federaci\u00f3n Espa\u00f1ola de F\u00fatbol, por no observar con rigor sus propias disposiciones reglamentarias y por no haber tramitado a tiempo los recursos presentados<\/p>\n<figure id=\"attachment_12567\" aria-describedby=\"caption-attachment-12567\" style=\"width: 620px\" class=\"wp-caption aligncenter\"><a href=\"https:\/\/i0.wp.com\/www.manquepierda.com\/historiarealbetis\/files\/2011\/07\/14-1946-4-11-El-Correo-de-Andaluc%C3%ADa.jpg?ssl=1\"><img data-recalc-dims=\"1\" loading=\"lazy\" decoding=\"async\" class=\"size-large wp-image-12567\" src=\"https:\/\/i0.wp.com\/www.manquepierda.com\/historiarealbetis\/files\/2011\/07\/14-1946-4-11-El-Correo-de-Andaluc%C3%ADa.jpg?resize=620%2C793&#038;ssl=1\" alt=\"\" width=\"620\" height=\"793\" srcset=\"https:\/\/i0.wp.com\/www.manquepierda.com\/historiarealbetis\/files\/2011\/07\/14-1946-4-11-El-Correo-de-Andaluc%C3%ADa.jpg?resize=800%2C1024&amp;ssl=1 800w, https:\/\/i0.wp.com\/www.manquepierda.com\/historiarealbetis\/files\/2011\/07\/14-1946-4-11-El-Correo-de-Andaluc%C3%ADa.jpg?resize=234%2C300&amp;ssl=1 234w, https:\/\/i0.wp.com\/www.manquepierda.com\/historiarealbetis\/files\/2011\/07\/14-1946-4-11-El-Correo-de-Andaluc%C3%ADa.jpg?w=1060&amp;ssl=1 1060w\" sizes=\"auto, (max-width: 620px) 100vw, 620px\" \/><\/a><figcaption id=\"caption-attachment-12567\" class=\"wp-caption-text\">Fuente: El Correo de Andaluc\u00eda 11 de Abril de 1946<\/figcaption><\/figure>\n<p>&nbsp;<\/p>\n<p>A su vez la Delegaci\u00f3n Nacional de Deportes manda un comunicado que no se hace p\u00fablico a la Federaci\u00f3n Espa\u00f1ola de F\u00fatbol, y en el que le reprueba por su lentitud y su falta de rigor en el procedimiento seguido.<\/p>\n<p>&nbsp;<\/p>\n<figure id=\"attachment_12568\" aria-describedby=\"caption-attachment-12568\" style=\"width: 236px\" class=\"wp-caption aligncenter\"><a href=\"https:\/\/i0.wp.com\/www.manquepierda.com\/historiarealbetis\/files\/2011\/07\/15-1946-4-17-Mundo-Deportivo.jpg?ssl=1\"><img data-recalc-dims=\"1\" loading=\"lazy\" decoding=\"async\" class=\"size-full wp-image-12568\" src=\"https:\/\/i0.wp.com\/www.manquepierda.com\/historiarealbetis\/files\/2011\/07\/15-1946-4-17-Mundo-Deportivo.jpg?resize=236%2C260&#038;ssl=1\" alt=\"\" width=\"236\" height=\"260\" \/><\/a><figcaption id=\"caption-attachment-12568\" class=\"wp-caption-text\">Fuente: El Mundo Deportivo 17 de Abril de 1946<\/figcaption><\/figure>\n<p>&nbsp;<\/p>\n<p>La resoluci\u00f3n de la Delegaci\u00f3n Nacional de Deportes deja en evidencia a las autoridades federativas. \u00a0\u00a0Se produce la dimisi\u00f3n de la Federaci\u00f3n Espa\u00f1ola de F\u00fatbol y de la Federaci\u00f3n Regional Sur, pues su parcial actuaci\u00f3n en este asunto ha sido totalmente deslegitimada por la resoluci\u00f3n de la Delegaci\u00f3n Nacional de Deportes. \u00a0Tambi\u00e9n dimiten la Federaci\u00f3n Catalana de F\u00fatbol y la directiva del Gimn\u00e1stico de Tarragona.<\/p>\n<p>El \u00fanico comentario cr\u00edtico que he encontrado con la resoluci\u00f3n de la Delegaci\u00f3n Nacional de Deportes es el que plantea el diario Arriba, cuando al comentar la noticia se extra\u00f1a que no se invaliden los resultados del equipo sevillista en la competici\u00f3n de Liga, por tratarse de una clara e irreglamentaria alineaci\u00f3n indebida.<\/p>\n<figure id=\"attachment_12569\" aria-describedby=\"caption-attachment-12569\" style=\"width: 425px\" class=\"wp-caption aligncenter\"><a href=\"https:\/\/i0.wp.com\/www.manquepierda.com\/historiarealbetis\/files\/2011\/07\/16-1946-4-11-Arriba.jpg?ssl=1\"><img data-recalc-dims=\"1\" loading=\"lazy\" decoding=\"async\" class=\"size-large wp-image-12569\" src=\"https:\/\/i0.wp.com\/www.manquepierda.com\/historiarealbetis\/files\/2011\/07\/16-1946-4-11-Arriba.jpg?resize=425%2C1024&#038;ssl=1\" alt=\"\" width=\"425\" height=\"1024\" srcset=\"https:\/\/i0.wp.com\/www.manquepierda.com\/historiarealbetis\/files\/2011\/07\/16-1946-4-11-Arriba.jpg?resize=425%2C1024&amp;ssl=1 425w, https:\/\/i0.wp.com\/www.manquepierda.com\/historiarealbetis\/files\/2011\/07\/16-1946-4-11-Arriba.jpg?resize=124%2C300&amp;ssl=1 124w, https:\/\/i0.wp.com\/www.manquepierda.com\/historiarealbetis\/files\/2011\/07\/16-1946-4-11-Arriba.jpg?w=598&amp;ssl=1 598w\" sizes=\"auto, (max-width: 425px) 100vw, 425px\" \/><\/a><figcaption id=\"caption-attachment-12569\" class=\"wp-caption-text\">Fuente: Arriba 11 de Abril de 1946<\/figcaption><\/figure>\n<p>&nbsp;<\/p>\n<p>La relaci\u00f3n del Betis con la Federaci\u00f3n Regional Sur es tensa, llegando el club a rechazar la invitaci\u00f3n a participar en la Copa Primavera que todos los a\u00f1os por estas fechas se organiza con la intervenci\u00f3n de diversos clubs andaluces, una vez finalizada la competici\u00f3n oficial.<\/p>\n<p>As\u00ed nos lo cuenta El Correo de Andaluc\u00eda:<\/p>\n<figure id=\"attachment_12570\" aria-describedby=\"caption-attachment-12570\" style=\"width: 363px\" class=\"wp-caption aligncenter\"><a href=\"https:\/\/i0.wp.com\/www.manquepierda.com\/historiarealbetis\/files\/2011\/07\/17-1946-4-27-El-Correo-de-Andaluc%C3%ADa.jpg?ssl=1\"><img data-recalc-dims=\"1\" loading=\"lazy\" decoding=\"async\" class=\"size-full wp-image-12570\" src=\"https:\/\/i0.wp.com\/www.manquepierda.com\/historiarealbetis\/files\/2011\/07\/17-1946-4-27-El-Correo-de-Andaluc%C3%ADa.jpg?resize=363%2C345&#038;ssl=1\" alt=\"\" width=\"363\" height=\"345\" srcset=\"https:\/\/i0.wp.com\/www.manquepierda.com\/historiarealbetis\/files\/2011\/07\/17-1946-4-27-El-Correo-de-Andaluc%C3%ADa.jpg?w=363&amp;ssl=1 363w, https:\/\/i0.wp.com\/www.manquepierda.com\/historiarealbetis\/files\/2011\/07\/17-1946-4-27-El-Correo-de-Andaluc%C3%ADa.jpg?resize=300%2C285&amp;ssl=1 300w\" sizes=\"auto, (max-width: 363px) 100vw, 363px\" \/><\/a><figcaption id=\"caption-attachment-12570\" class=\"wp-caption-text\">Fuente: El Correo de Andaluc\u00eda 27 de Abril de 1946<\/figcaption><\/figure>\n<p>En unos a\u00f1os en que el taquillaje es,\u00a0 junto a los socios, el \u00fanico ingreso con que cuentan los clubs, el Betis prefiere organizar diversos amistosos contra el Real C\u00f3rdoba, Cacere\u00f1o y Recreativo de Huelva. En estos encuentros Ant\u00fanez vuelve a vestir la camiseta blanquiverde.<\/p>\n<p>&nbsp;<\/p>\n<figure id=\"attachment_12571\" aria-describedby=\"caption-attachment-12571\" style=\"width: 637px\" class=\"wp-caption aligncenter\"><a href=\"https:\/\/i0.wp.com\/www.manquepierda.com\/historiarealbetis\/files\/2011\/07\/18-1946-5-21-El-Correo-de-Andaluc%C3%ADa.jpg?ssl=1\"><img data-recalc-dims=\"1\" loading=\"lazy\" decoding=\"async\" class=\"size-full wp-image-12571\" src=\"https:\/\/i0.wp.com\/www.manquepierda.com\/historiarealbetis\/files\/2011\/07\/18-1946-5-21-El-Correo-de-Andaluc%C3%ADa.jpg?resize=637%2C575&#038;ssl=1\" alt=\"\" width=\"637\" height=\"575\" srcset=\"https:\/\/i0.wp.com\/www.manquepierda.com\/historiarealbetis\/files\/2011\/07\/18-1946-5-21-El-Correo-de-Andaluc%C3%ADa.jpg?w=637&amp;ssl=1 637w, https:\/\/i0.wp.com\/www.manquepierda.com\/historiarealbetis\/files\/2011\/07\/18-1946-5-21-El-Correo-de-Andaluc%C3%ADa.jpg?resize=300%2C270&amp;ssl=1 300w\" sizes=\"auto, (max-width: 637px) 100vw, 637px\" \/><\/a><figcaption id=\"caption-attachment-12571\" class=\"wp-caption-text\">Fuente: El Correo de Andaluc\u00eda 21 de Mayo de 1946<\/figcaption><\/figure>\n<p>Betis 5 Real C\u00f3rdoba 1. Ant\u00fanez a la izquierda del meta Tabales<\/p>\n<p>&nbsp;<\/p>\n<p>En Mayo \u00a0la Delegaci\u00f3n Nacional de Deportes nombra un nuevo presidente para la Federaci\u00f3n Espa\u00f1ola de F\u00fatbol: Javier Rivero Meneses, quien designa una nueva Junta Directiva federativa, y en la que permanece Ram\u00f3n S\u00e1nchez Pizju\u00e1n, esta vez como vocal.<\/p>\n<figure id=\"attachment_12572\" aria-describedby=\"caption-attachment-12572\" style=\"width: 355px\" class=\"wp-caption aligncenter\"><a href=\"https:\/\/i0.wp.com\/www.manquepierda.com\/historiarealbetis\/files\/2011\/07\/19-1946-5-15-ABC.jpg?ssl=1\"><img data-recalc-dims=\"1\" loading=\"lazy\" decoding=\"async\" class=\"size-full wp-image-12572\" src=\"https:\/\/i0.wp.com\/www.manquepierda.com\/historiarealbetis\/files\/2011\/07\/19-1946-5-15-ABC.jpg?resize=355%2C520&#038;ssl=1\" alt=\"\" width=\"355\" height=\"520\" srcset=\"https:\/\/i0.wp.com\/www.manquepierda.com\/historiarealbetis\/files\/2011\/07\/19-1946-5-15-ABC.jpg?w=355&amp;ssl=1 355w, https:\/\/i0.wp.com\/www.manquepierda.com\/historiarealbetis\/files\/2011\/07\/19-1946-5-15-ABC.jpg?resize=204%2C300&amp;ssl=1 204w\" sizes=\"auto, (max-width: 355px) 100vw, 355px\" \/><\/a><figcaption id=\"caption-attachment-12572\" class=\"wp-caption-text\">Fuente: ABC 15 de Mayo de 1946<\/figcaption><\/figure>\n<p>Para la presidencia de la Federaci\u00f3n Regional Sur se nombra al directivo sevillista Antonio Leal Casta\u00f1o. En su toma de posesi\u00f3n del cargo no escatima los elogios hacia Juan L\u00f3pez Garc\u00eda, ex presidente de la FRS y ex directivo sevillista, Ram\u00f3n S\u00e1nchez Pizju\u00e1n, ex presidente de la FRS, ex presidente del Sevilla FC y vocal de la FEF. Tambi\u00e9n participan en la ceremonia el presidente saliente de la FRS, Antonio Calder\u00f3n Hern\u00e1ndez, tambi\u00e9n ex directivo sevillista, y el presidente dimitido del Colegio de Arbitros, Manuel Oca\u00f1a, ex jugador sevillista.<\/p>\n<p>&nbsp;<\/p>\n<figure id=\"attachment_12573\" aria-describedby=\"caption-attachment-12573\" style=\"width: 434px\" class=\"wp-caption aligncenter\"><a href=\"https:\/\/i0.wp.com\/www.manquepierda.com\/historiarealbetis\/files\/2011\/07\/20-1946-5-25-ABC.jpg?ssl=1\"><img data-recalc-dims=\"1\" loading=\"lazy\" decoding=\"async\" class=\"size-full wp-image-12573\" src=\"https:\/\/i0.wp.com\/www.manquepierda.com\/historiarealbetis\/files\/2011\/07\/20-1946-5-25-ABC.jpg?resize=434%2C325&#038;ssl=1\" alt=\"\" width=\"434\" height=\"325\" srcset=\"https:\/\/i0.wp.com\/www.manquepierda.com\/historiarealbetis\/files\/2011\/07\/20-1946-5-25-ABC.jpg?w=434&amp;ssl=1 434w, https:\/\/i0.wp.com\/www.manquepierda.com\/historiarealbetis\/files\/2011\/07\/20-1946-5-25-ABC.jpg?resize=300%2C224&amp;ssl=1 300w\" sizes=\"auto, (max-width: 434px) 100vw, 434px\" \/><\/a><figcaption id=\"caption-attachment-12573\" class=\"wp-caption-text\">Fuente: ABC 25 de Mayo de 1946<\/figcaption><\/figure>\n<p>&nbsp;<\/p>\n<p>Mientras tanto en el Betis se reorganiza la Junta Directiva, cubri\u00e9ndose las bajas que han causado Carlos Hern\u00e1ndez y Alfonso de la Torre.<\/p>\n<figure id=\"attachment_12574\" aria-describedby=\"caption-attachment-12574\" style=\"width: 350px\" class=\"wp-caption aligncenter\"><a href=\"https:\/\/i0.wp.com\/www.manquepierda.com\/historiarealbetis\/files\/2011\/07\/21-1946-5-3-ABC.jpg?ssl=1\"><img data-recalc-dims=\"1\" loading=\"lazy\" decoding=\"async\" class=\"size-full wp-image-12574\" src=\"https:\/\/i0.wp.com\/www.manquepierda.com\/historiarealbetis\/files\/2011\/07\/21-1946-5-3-ABC.jpg?resize=350%2C263&#038;ssl=1\" alt=\"\" width=\"350\" height=\"263\" srcset=\"https:\/\/i0.wp.com\/www.manquepierda.com\/historiarealbetis\/files\/2011\/07\/21-1946-5-3-ABC.jpg?w=350&amp;ssl=1 350w, https:\/\/i0.wp.com\/www.manquepierda.com\/historiarealbetis\/files\/2011\/07\/21-1946-5-3-ABC.jpg?resize=300%2C225&amp;ssl=1 300w\" sizes=\"auto, (max-width: 350px) 100vw, 350px\" \/><\/a><figcaption id=\"caption-attachment-12574\" class=\"wp-caption-text\">Fuente: ABC 3 de Mayo de 1946<\/figcaption><\/figure>\n<p>Curiosamente \u00abSevilla\u00bb\u00a0 nos informa el\u00a0 4 de Mayo, adem\u00e1s de la reorganizaci\u00f3n de la directiva b\u00e9tica, que el entrenador b\u00e9tico Sol\u00e9 da permiso a Ant\u00fanez para acudir a Madrid a presenciar el partido de cuartos de final de la Copa entre el Atl\u00e9tico Aviaci\u00f3n y el Sevilla en el Metropolitano. Todo un detalle.<\/p>\n<figure id=\"attachment_12575\" aria-describedby=\"caption-attachment-12575\" style=\"width: 620px\" class=\"wp-caption aligncenter\"><a href=\"https:\/\/i0.wp.com\/www.manquepierda.com\/historiarealbetis\/files\/2011\/07\/22-1946-5-4-Sevilla.jpg?ssl=1\"><img data-recalc-dims=\"1\" loading=\"lazy\" decoding=\"async\" class=\"size-large wp-image-12575\" src=\"https:\/\/i0.wp.com\/www.manquepierda.com\/historiarealbetis\/files\/2011\/07\/22-1946-5-4-Sevilla.jpg?resize=620%2C995&#038;ssl=1\" alt=\"\" width=\"620\" height=\"995\" srcset=\"https:\/\/i0.wp.com\/www.manquepierda.com\/historiarealbetis\/files\/2011\/07\/22-1946-5-4-Sevilla.jpg?resize=638%2C1024&amp;ssl=1 638w, https:\/\/i0.wp.com\/www.manquepierda.com\/historiarealbetis\/files\/2011\/07\/22-1946-5-4-Sevilla.jpg?resize=187%2C300&amp;ssl=1 187w, https:\/\/i0.wp.com\/www.manquepierda.com\/historiarealbetis\/files\/2011\/07\/22-1946-5-4-Sevilla.jpg?w=962&amp;ssl=1 962w\" sizes=\"auto, (max-width: 620px) 100vw, 620px\" \/><\/a><figcaption id=\"caption-attachment-12575\" class=\"wp-caption-text\">Fuente: Sevilla 4 de mayo de 1946<\/figcaption><\/figure>\n<p>&nbsp;<\/p>\n<p>Conjuntamente con esta reorganizaci\u00f3n la prensa informa de una serie de inyecciones econ\u00f3micas en el club, que incluso le permite disputarle al Sevilla el fichaje del extremo Erasmo, procedente del Xerez.<\/p>\n<p>&nbsp;<\/p>\n<figure id=\"attachment_12576\" aria-describedby=\"caption-attachment-12576\" style=\"width: 337px\" class=\"wp-caption aligncenter\"><a href=\"https:\/\/i0.wp.com\/www.manquepierda.com\/historiarealbetis\/files\/2011\/07\/23-1946-5-9-Sevilla.jpg?ssl=1\"><img data-recalc-dims=\"1\" loading=\"lazy\" decoding=\"async\" class=\"size-full wp-image-12576\" src=\"https:\/\/i0.wp.com\/www.manquepierda.com\/historiarealbetis\/files\/2011\/07\/23-1946-5-9-Sevilla.jpg?resize=337%2C358&#038;ssl=1\" alt=\"\" width=\"337\" height=\"358\" srcset=\"https:\/\/i0.wp.com\/www.manquepierda.com\/historiarealbetis\/files\/2011\/07\/23-1946-5-9-Sevilla.jpg?w=337&amp;ssl=1 337w, https:\/\/i0.wp.com\/www.manquepierda.com\/historiarealbetis\/files\/2011\/07\/23-1946-5-9-Sevilla.jpg?resize=282%2C300&amp;ssl=1 282w\" sizes=\"auto, (max-width: 337px) 100vw, 337px\" \/><\/a><figcaption id=\"caption-attachment-12576\" class=\"wp-caption-text\">Fuente: Sevilla 9 de Mayo de 1946<\/figcaption><\/figure>\n<figure id=\"attachment_12577\" aria-describedby=\"caption-attachment-12577\" style=\"width: 499px\" class=\"wp-caption aligncenter\"><a href=\"https:\/\/i0.wp.com\/www.manquepierda.com\/historiarealbetis\/files\/2011\/07\/24-1946-5-29-Sevilla.jpg?ssl=1\"><img data-recalc-dims=\"1\" loading=\"lazy\" decoding=\"async\" class=\"size-large wp-image-12577\" src=\"https:\/\/i0.wp.com\/www.manquepierda.com\/historiarealbetis\/files\/2011\/07\/24-1946-5-29-Sevilla.jpg?resize=499%2C1024&#038;ssl=1\" alt=\"\" width=\"499\" height=\"1024\" srcset=\"https:\/\/i0.wp.com\/www.manquepierda.com\/historiarealbetis\/files\/2011\/07\/24-1946-5-29-Sevilla.jpg?resize=499%2C1024&amp;ssl=1 499w, https:\/\/i0.wp.com\/www.manquepierda.com\/historiarealbetis\/files\/2011\/07\/24-1946-5-29-Sevilla.jpg?resize=146%2C300&amp;ssl=1 146w, https:\/\/i0.wp.com\/www.manquepierda.com\/historiarealbetis\/files\/2011\/07\/24-1946-5-29-Sevilla.jpg?w=1032&amp;ssl=1 1032w\" sizes=\"auto, (max-width: 499px) 100vw, 499px\" \/><\/a><figcaption id=\"caption-attachment-12577\" class=\"wp-caption-text\">Fuente: Sevilla 29 de Mayo de 1946<\/figcaption><\/figure>\n<p>&nbsp;<\/p>\n<p>El Betis se va reorganizando de cara a la siguiente campa\u00f1a, mediante la renovaci\u00f3n de la plantilla y la contrataci\u00f3n de un nuevo, aunque veterano en\u00a0 el club, entrenador: Patrick O\u00b4Connell.<\/p>\n<p>En el Sevilla la campa\u00f1a deportiva finaliza con la eliminaci\u00f3n en la Copa frente al Valencia, y la actualidad se centra en la presentaci\u00f3n de un recurso de reposici\u00f3n ante la Delegaci\u00f3n Nacional de Deportes y las noticias sobre diversos fichajes y salidas en la plantilla.<\/p>\n","protected":false},"excerpt":{"rendered":"<p>Durante casi dos meses el caso\u00a0 Ant\u00fanez pasa a un segundo plano, mientras que la atenci\u00f3n se traslada al terreno meramente deportivo. El Sevilla obtiene en Las Corts el t\u00edtulo de Liga el 31 de Marzo de 1946 al empatar a 1 con el Barcelona, y las celebraciones copan los titulares period\u00edsticos. El Sevilla Campe\u00f3n&#8230;<\/p>\n","protected":false},"author":5,"featured_media":0,"comment_status":"open","ping_status":"open","sticky":false,"template":"","format":"standard","meta":{"_kad_post_transparent":"","_kad_post_title":"","_kad_post_layout":"","_kad_post_sidebar_id":"","_kad_post_content_style":"","_kad_post_vertical_padding":"","_kad_post_feature":"","_kad_post_feature_position":"","_kad_post_header":false,"_kad_post_footer":false,"_kad_post_classname":"","_jetpack_memberships_contains_paid_content":false,"footnotes":"","jetpack_publicize_message":"","jetpack_publicize_feature_enabled":true,"jetpack_social_post_already_shared":true,"jetpack_social_options":{"image_generator_settings":{"template":"highway","default_image_id":0,"font":"","enabled":false},"version":2}},"categories":[900,906],"tags":[2598,958,227,953,932,347,947,946,950,957,2599,642,2597,916],"class_list":["post-12562","post","type-post","status-publish","format-standard","hentry","category-1940-1949","category-investigacion-temas","tag-antonio-calderon-hernandez","tag-antonio-leal-castano","tag-caso-antunez","tag-delegacion-nacional-de-deportes","tag-eduardo-benjumea","tag-erasmo-fernandez","tag-federacion-espanola-de-futbol","tag-federacion-regional-sur","tag-javier-barroso","tag-javier-rivero-meneses","tag-manuel-ocana","tag-patrick-oconnell","tag-ramon-sanchez-pizjuan","tag-sevilla-fc"],"jetpack_publicize_connections":[],"jetpack_featured_media_url":"","jetpack_sharing_enabled":true,"jetpack_shortlink":"https:\/\/wp.me\/p1ij08-3gC","jetpack-related-posts":[],"_links":{"self":[{"href":"https:\/\/www.manquepierda.com\/historiarealbetis\/wp-json\/wp\/v2\/posts\/12562","targetHints":{"allow":["GET"]}}],"collection":[{"href":"https:\/\/www.manquepierda.com\/historiarealbetis\/wp-json\/wp\/v2\/posts"}],"about":[{"href":"https:\/\/www.manquepierda.com\/historiarealbetis\/wp-json\/wp\/v2\/types\/post"}],"author":[{"embeddable":true,"href":"https:\/\/www.manquepierda.com\/historiarealbetis\/wp-json\/wp\/v2\/users\/5"}],"replies":[{"embeddable":true,"href":"https:\/\/www.manquepierda.com\/historiarealbetis\/wp-json\/wp\/v2\/comments?post=12562"}],"version-history":[{"count":0,"href":"https:\/\/www.manquepierda.com\/historiarealbetis\/wp-json\/wp\/v2\/posts\/12562\/revisions"}],"wp:attachment":[{"href":"https:\/\/www.manquepierda.com\/historiarealbetis\/wp-json\/wp\/v2\/media?parent=12562"}],"wp:term":[{"taxonomy":"category","embeddable":true,"href":"https:\/\/www.manquepierda.com\/historiarealbetis\/wp-json\/wp\/v2\/categories?post=12562"},{"taxonomy":"post_tag","embeddable":true,"href":"https:\/\/www.manquepierda.com\/historiarealbetis\/wp-json\/wp\/v2\/tags?post=12562"}],"curies":[{"name":"wp","href":"https:\/\/api.w.org\/{rel}","templated":true}]}}