{"id":12722,"date":"2011-08-30T19:36:16","date_gmt":"2011-08-30T18:36:16","guid":{"rendered":"http:\/\/www.manquepierda.com\/historiarealbetis\/?p=12722"},"modified":"2024-09-07T11:58:08","modified_gmt":"2024-09-07T09:58:08","slug":"fronton-betis-pelota-vasca-y-remonte","status":"publish","type":"post","link":"https:\/\/www.manquepierda.com\/historiarealbetis\/fronton-betis-pelota-vasca-y-remonte\/","title":{"rendered":"Front\u00f3n BETIS.-Pelota Vasca y remonte"},"content":{"rendered":"<p style=\"text-align: center\"><a href=\"https:\/\/i0.wp.com\/www.manquepierda.com\/historiarealbetis\/files\/2011\/07\/Front%C3%B3n-Betis.jpg?ssl=1\"><img data-recalc-dims=\"1\" loading=\"lazy\" decoding=\"async\" class=\"aligncenter size-full wp-image-12723\" src=\"https:\/\/i0.wp.com\/www.manquepierda.com\/historiarealbetis\/files\/2011\/07\/Front%C3%B3n-Betis.jpg?resize=400%2C280&#038;ssl=1\" alt=\"\" width=\"400\" height=\"280\" \/><\/a><strong><em><\/em><\/strong><\/p>\n<p style=\"text-align: center\"><a href=\"https:\/\/i0.wp.com\/www.manquepierda.com\/historiarealbetis\/files\/2011\/07\/fronton_betis.jpg?ssl=1\"><img data-recalc-dims=\"1\" loading=\"lazy\" decoding=\"async\" class=\"aligncenter size-full wp-image-12724\" src=\"https:\/\/i0.wp.com\/www.manquepierda.com\/historiarealbetis\/files\/2011\/07\/fronton_betis.jpg?resize=320%2C156&#038;ssl=1\" alt=\"\" width=\"320\" height=\"156\" srcset=\"https:\/\/i0.wp.com\/www.manquepierda.com\/historiarealbetis\/files\/2011\/07\/fronton_betis.jpg?w=320&amp;ssl=1 320w, https:\/\/i0.wp.com\/www.manquepierda.com\/historiarealbetis\/files\/2011\/07\/fronton_betis.jpg?resize=300%2C146&amp;ssl=1 300w\" sizes=\"auto, (max-width: 320px) 100vw, 320px\" \/><\/a><\/p>\n<p style=\"text-align: left\"><strong><em>\u00abEl Front\u00f3n BETIS se inaugur\u00f3 en el Barrio de \u00abEl Porvenir\u00bb el domingo 24 de noviembre de 1929.<\/em><\/strong><\/p>\n<p style=\"text-align: left\"><a href=\"https:\/\/i0.wp.com\/www.manquepierda.com\/historiarealbetis\/files\/2011\/07\/Ignacio-S%C3%A1nchez-Mejias1.jpg?ssl=1\"><img data-recalc-dims=\"1\" loading=\"lazy\" decoding=\"async\" class=\"aligncenter size-full wp-image-12726\" src=\"https:\/\/i0.wp.com\/www.manquepierda.com\/historiarealbetis\/files\/2011\/07\/Ignacio-S%C3%A1nchez-Mejias1.jpg?resize=249%2C340&#038;ssl=1\" alt=\"\" width=\"249\" height=\"340\" \/><\/a><strong><em>El promotor fue don Ignacio S\u00e1nchez Mej\u00edas-presidente del Real Betis Balompi\u00e9 1927-1929, y el intendente Sr. Oria.<\/em><\/strong><\/p>\n<p style=\"text-align: left\">En la noche del s\u00e1bado 09 de agosto de 1930 se celebr\u00f3 Junta General Ordinaria del Betis Balompi\u00e9: Presidente Honorario, don Ignacio S\u00e1nchez Mej\u00edas; Presidente efectivo, don Camilo Romero S\u00e1nchez.<\/p>\n<p style=\"text-align: left\"><a href=\"https:\/\/i0.wp.com\/www.manquepierda.com\/historiarealbetis\/files\/2011\/07\/Patronato-1919.jpg?ssl=1\"><img data-recalc-dims=\"1\" loading=\"lazy\" decoding=\"async\" class=\"aligncenter size-full wp-image-12728\" src=\"https:\/\/i0.wp.com\/www.manquepierda.com\/historiarealbetis\/files\/2011\/07\/Patronato-1919.jpg?resize=400%2C172&#038;ssl=1\" alt=\"\" width=\"400\" height=\"172\" srcset=\"https:\/\/i0.wp.com\/www.manquepierda.com\/historiarealbetis\/files\/2011\/07\/Patronato-1919.jpg?w=400&amp;ssl=1 400w, https:\/\/i0.wp.com\/www.manquepierda.com\/historiarealbetis\/files\/2011\/07\/Patronato-1919.jpg?resize=300%2C129&amp;ssl=1 300w\" sizes=\"auto, (max-width: 400px) 100vw, 400px\" \/><\/a><strong>Campo deportes Real Patronato Obrero-Casas Baratas-\u00abEl Porvenir\u00bb, detr\u00e1s de la porter\u00eda de Gol Sur se observa la alta pared de la nave del Front\u00f3n Betis-Pelota vasca y remonte, vinculada al Real Betis Balompi\u00e9 cuando estaba ubicado en la Huerta del Fraile.<\/strong><\/p>\n<p style=\"text-align: left\"><strong><em>\u00abEn la mesa de la izquierda, unos hombres de negocios, hablan de un front\u00f3n que se construye en el campo del Betis Balompi\u00e9.\u00a0 Para inaugurarlo este verano estudian una instalaci\u00f3n que produzca fr\u00edo, y as\u00ed, del choque del fr\u00edo y del calor, buscar una temperatura agradable. Al hombre que ha de burlar al calor de Sevilla le llaman aqu\u00ed ingeniero del fr\u00edo\u00bb.<\/em><\/strong><\/p>\n<p style=\"text-align: left\"><strong><em>\u00abBajo el puro cielo andaluz, y\u00e9rguese en el barrio de \u00abEl Porvenir\u00bb de la graciosa ciudad de Sevilla, un nuevo y majestuoso edificio constru\u00eddo con el objeto de cultivar en \u00e9l el juego de pelota: Front\u00f3n Betis; se\u00f1or Cuadras Salcedo, arquitecto autor del proyecto y del constructor don Antonio Gir\u00f3n\u00bb.<\/em><\/strong><\/p>\n<p style=\"text-align: left\"><strong><em>\u00ab1929-Noviembre 22, viernes noche: Ante un numeroso y selecto p\u00fablico, invitado expresamente, se efectu\u00f3 en el Front\u00f3n Betis la prueba del alumbrado, jug\u00e1ndose un partido a 35 tantos, en honor a los asistentes al acto.<\/em><\/strong><\/p>\n<p style=\"text-align: left\"><strong><em>La prueba dio un resultado magn\u00edfico, presentando el front\u00f3n un soberbio aspecto, verdaderamente deslumbrador, que, iluminando de manera fastuosa las localidades, no produce, sin embargo, la menor molestia a los pelotaris. <\/em><\/strong><\/p>\n<p style=\"text-align: left\"><strong><em>La comodidad, el lujo de las localidades y el exquisito gusto que preside en todo, caus\u00f3 entre los invitados una grat\u00edsima impresi\u00f3n, escuch\u00e1ndose por todas partes merecidos elogios por la grat\u00edsima sorpresa, ya que nadie sospechaba que el Front\u00f3n Betis pudiera alcanzar tan maravillosa presentaci\u00f3n que honra a Sevilla. Los invitados al acto fueron atentamente obsequiados.<\/em><\/strong><\/p>\n<p style=\"text-align: left\"><strong><em>Definitivamente, la inauguraci\u00f3n ser\u00e1 el doming0 24, a las diez y media de la noche. Ni que decir tiene que la espectaci\u00f3n reinante en Sevilla es formidable\u00bb.<\/em><em><br \/>\n<\/em><\/strong><\/p>\n<p style=\"text-align: center\"><a href=\"https:\/\/i0.wp.com\/www.manquepierda.com\/historiarealbetis\/files\/2011\/07\/escanear0013.jpg?ssl=1\"><img data-recalc-dims=\"1\" loading=\"lazy\" decoding=\"async\" class=\"aligncenter size-full wp-image-12729\" src=\"https:\/\/i0.wp.com\/www.manquepierda.com\/historiarealbetis\/files\/2011\/07\/escanear0013.jpg?resize=232%2C80&#038;ssl=1\" alt=\"\" width=\"232\" height=\"80\" \/><\/a><\/p>\n<p style=\"text-align: center\">1929-Octubre.<\/p>\n<p style=\"text-align: center\"><a href=\"https:\/\/i0.wp.com\/www.manquepierda.com\/historiarealbetis\/files\/2011\/07\/escanear0014.jpg?ssl=1\"><img data-recalc-dims=\"1\" loading=\"lazy\" decoding=\"async\" class=\"aligncenter size-full wp-image-12730\" src=\"https:\/\/i0.wp.com\/www.manquepierda.com\/historiarealbetis\/files\/2011\/07\/escanear0014.jpg?resize=235%2C116&#038;ssl=1\" alt=\"\" width=\"235\" height=\"116\" \/><\/a><\/p>\n<p style=\"text-align: center\">1929-Noviembre.<\/p>\n<p style=\"text-align: left\"><strong><em><\/em><em><br \/>\n<\/em><\/strong><\/p>\n<p style=\"text-align: left\">Fotos:\u00a0 Obras de Fernando de la Quadra-Salcedo, marqu\u00e9s de los Castillejos; Frontones desaparecidos en el siglo XX (J. Javier Albisu).<\/p>\n<p style=\"text-align: left\">Fuentes:<\/p>\n<p style=\"text-align: left\">ABC-Madrid 10-05-1929: \u00abUn bonito espect\u00e1culo para extranjeros\u00bb (Corrochano).<\/p>\n","protected":false},"excerpt":{"rendered":"<p>\u00abEl Front\u00f3n BETIS se inaugur\u00f3 en el Barrio de \u00abEl Porvenir\u00bb el domingo 24 de noviembre de 1929. El promotor fue don Ignacio S\u00e1nchez Mej\u00edas-presidente del Real Betis Balompi\u00e9 1927-1929, y el intendente Sr. Oria. En la noche del s\u00e1bado 09 de agosto de 1930 se celebr\u00f3 Junta General Ordinaria del Betis Balompi\u00e9: Presidente Honorario,&#8230;<\/p>\n","protected":false},"author":48,"featured_media":0,"comment_status":"open","ping_status":"open","sticky":false,"template":"","format":"standard","meta":{"_kad_post_transparent":"","_kad_post_title":"","_kad_post_layout":"","_kad_post_sidebar_id":"","_kad_post_content_style":"","_kad_post_vertical_padding":"","_kad_post_feature":"","_kad_post_feature_position":"","_kad_post_header":false,"_kad_post_footer":false,"_kad_post_classname":"","_jetpack_memberships_contains_paid_content":false,"footnotes":"","jetpack_publicize_message":"","jetpack_publicize_feature_enabled":true,"jetpack_social_post_already_shared":false,"jetpack_social_options":{"image_generator_settings":{"template":"highway","default_image_id":0,"font":"","enabled":false},"version":2}},"categories":[898],"tags":[1576,1700],"class_list":["post-12722","post","type-post","status-publish","format-standard","hentry","category-1920-1929","tag-1576","tag-fronton-betis"],"jetpack_publicize_connections":[],"jetpack_featured_media_url":"","jetpack_sharing_enabled":true,"jetpack_shortlink":"https:\/\/wp.me\/p1ij08-3jc","jetpack-related-posts":[],"_links":{"self":[{"href":"https:\/\/www.manquepierda.com\/historiarealbetis\/wp-json\/wp\/v2\/posts\/12722","targetHints":{"allow":["GET"]}}],"collection":[{"href":"https:\/\/www.manquepierda.com\/historiarealbetis\/wp-json\/wp\/v2\/posts"}],"about":[{"href":"https:\/\/www.manquepierda.com\/historiarealbetis\/wp-json\/wp\/v2\/types\/post"}],"author":[{"embeddable":true,"href":"https:\/\/www.manquepierda.com\/historiarealbetis\/wp-json\/wp\/v2\/users\/48"}],"replies":[{"embeddable":true,"href":"https:\/\/www.manquepierda.com\/historiarealbetis\/wp-json\/wp\/v2\/comments?post=12722"}],"version-history":[{"count":1,"href":"https:\/\/www.manquepierda.com\/historiarealbetis\/wp-json\/wp\/v2\/posts\/12722\/revisions"}],"predecessor-version":[{"id":98735,"href":"https:\/\/www.manquepierda.com\/historiarealbetis\/wp-json\/wp\/v2\/posts\/12722\/revisions\/98735"}],"wp:attachment":[{"href":"https:\/\/www.manquepierda.com\/historiarealbetis\/wp-json\/wp\/v2\/media?parent=12722"}],"wp:term":[{"taxonomy":"category","embeddable":true,"href":"https:\/\/www.manquepierda.com\/historiarealbetis\/wp-json\/wp\/v2\/categories?post=12722"},{"taxonomy":"post_tag","embeddable":true,"href":"https:\/\/www.manquepierda.com\/historiarealbetis\/wp-json\/wp\/v2\/tags?post=12722"}],"curies":[{"name":"wp","href":"https:\/\/api.w.org\/{rel}","templated":true}]}}