{"id":12890,"date":"2011-07-09T12:49:34","date_gmt":"2011-07-09T11:49:34","guid":{"rendered":"http:\/\/www.manquepierda.com\/historiarealbetis\/?p=12890"},"modified":"2024-08-01T07:38:00","modified_gmt":"2024-08-01T05:38:00","slug":"antonio-aumesquet-tena","status":"publish","type":"post","link":"https:\/\/www.manquepierda.com\/historiarealbetis\/antonio-aumesquet-tena\/","title":{"rendered":"Antonio Aumesquet Tena"},"content":{"rendered":"<p style=\"text-align: left\"><a href=\"https:\/\/i0.wp.com\/www.manquepierda.com\/historiarealbetis\/files\/2011\/07\/AUMESQUET.jpg?ssl=1\"><img data-recalc-dims=\"1\" loading=\"lazy\" decoding=\"async\" class=\"aligncenter size-medium wp-image-12891\" src=\"https:\/\/i0.wp.com\/www.manquepierda.com\/historiarealbetis\/files\/2011\/07\/AUMESQUET.jpg?resize=145%2C300&#038;ssl=1\" alt=\"\" width=\"145\" height=\"300\" srcset=\"https:\/\/i0.wp.com\/www.manquepierda.com\/historiarealbetis\/files\/2011\/07\/AUMESQUET.jpg?resize=145%2C300&amp;ssl=1 145w, https:\/\/i0.wp.com\/www.manquepierda.com\/historiarealbetis\/files\/2011\/07\/AUMESQUET.jpg?w=220&amp;ssl=1 220w\" sizes=\"auto, (max-width: 145px) 100vw, 145px\" \/><\/a><strong>Monterrubio de la Serena (Badajoz), viernes 06-Diciembre-1929.-Sevilla, martes 25-Diciembre-2007.-78 a\u00f1os.-D. E. P.<br \/>\n<\/strong><\/p>\n<p style=\"text-align: left\"><strong>Medio diestro, Centrocampista del Real Betis Balompi\u00e9, temporadas:<\/strong><\/p>\n<p style=\"text-align: left\"><strong> 1953-1954.-Tercera Divisi\u00f3n. 1954-1955.-1955-1956.-1956-1957.-1957-1958.-Segunda Divisi\u00f3n.<\/strong><\/p>\n<p style=\"text-align: left\"><strong><em>\u00abExcelente compa\u00f1ero y amigo\u00bb de PORTU-Jos\u00e9 Besteiro Fari\u00f1as\u00bb.\u00a0 <\/em><\/strong><\/p>\n<p style=\"text-align: left\"><strong><em>Al preguntarle por \u00e9l en el \u00abHomenaje a grandes mitos del Real Betis Balompi\u00e9, \u00abVilla Luisa\u00bb mi\u00e9rcoles 27 de junio de 2007. <\/em><\/strong><\/p>\n<p style=\"text-align: left\"><strong><em>Contrajo matrimonio con D\u00aa Mar\u00eda Luisa Nocea Machado.<\/em><\/strong><\/p>\n<p style=\"text-align: left\"><a href=\"https:\/\/i0.wp.com\/www.manquepierda.com\/historiarealbetis\/files\/2011\/07\/BonosVillamar%C3%ADn1962.jpg?ssl=1\"><img data-recalc-dims=\"1\" loading=\"lazy\" decoding=\"async\" class=\"aligncenter size-medium wp-image-13076\" src=\"https:\/\/i0.wp.com\/www.manquepierda.com\/historiarealbetis\/files\/2011\/07\/BonosVillamar%C3%ADn1962-218x300.jpg?resize=218%2C300&#038;ssl=1\" alt=\"\" width=\"218\" height=\"300\" \/><\/a><strong>Real Betis Balompi\u00e9 Club de F\u00fatbol-Fundado en 1907.-Calle Alemanes N\u00ba 11.-Emisi\u00f3n de 20.000.000 de pesetas en tres series de Obligaciones, series A, B y C, de 1.000, 500 y 200 Pesetas.-Obligaci\u00f3n N\u00ba 09919 de 500 Pesetas Nominales.-Sevilla, jueves 22-Febrero-1962. Firman: El Presidente y El Tesorero.<br \/>\n<\/strong><\/p>\n<p style=\"text-align: center\"><strong><em><br \/>\n<a href=\"https:\/\/i0.wp.com\/www.manquepierda.com\/historiarealbetis\/files\/2011\/07\/escanear00032.jpg?ssl=1\"><img data-recalc-dims=\"1\" loading=\"lazy\" decoding=\"async\" class=\"aligncenter size-medium wp-image-12992\" src=\"https:\/\/i0.wp.com\/www.manquepierda.com\/historiarealbetis\/files\/2011\/07\/escanear00032.jpg?resize=294%2C300&#038;ssl=1\" alt=\"\" width=\"294\" height=\"300\" srcset=\"https:\/\/i0.wp.com\/www.manquepierda.com\/historiarealbetis\/files\/2011\/07\/escanear00032.jpg?resize=294%2C300&amp;ssl=1 294w, https:\/\/i0.wp.com\/www.manquepierda.com\/historiarealbetis\/files\/2011\/07\/escanear00032.jpg?w=400&amp;ssl=1 400w\" sizes=\"auto, (max-width: 294px) 100vw, 294px\" \/><\/a> <\/em><\/strong><\/p>\n<p style=\"text-align: left\"><strong>\u00abRelaci\u00f3n de los Se\u00f1ores que hasta hoy han cedido sus Obligaciones que pose\u00edan en favor del Real Betis Balompi\u00e9\u00bb, Antonio Aumesquet Tena es el primero por la izquierda de la quinta l\u00ednea de dicha relaci\u00f3n nominal.<\/strong><\/p>\n<p style=\"text-align: left\"><strong><\/strong><a href=\"https:\/\/i0.wp.com\/www.manquepierda.com\/historiarealbetis\/files\/2011\/07\/escanear00033.jpg?ssl=1\"><img data-recalc-dims=\"1\" loading=\"lazy\" decoding=\"async\" class=\"aligncenter size-medium wp-image-12993\" src=\"https:\/\/i0.wp.com\/www.manquepierda.com\/historiarealbetis\/files\/2011\/07\/escanear00033.jpg?resize=300%2C232&#038;ssl=1\" alt=\"\" width=\"300\" height=\"232\" srcset=\"https:\/\/i0.wp.com\/www.manquepierda.com\/historiarealbetis\/files\/2011\/07\/escanear00033.jpg?resize=300%2C232&amp;ssl=1 300w, https:\/\/i0.wp.com\/www.manquepierda.com\/historiarealbetis\/files\/2011\/07\/escanear00033.jpg?w=479&amp;ssl=1 479w\" sizes=\"auto, (max-width: 300px) 100vw, 300px\" \/><\/a> \u00ab60.000 Pesetas al cambio de 98% en Obligaciones 6&#8217;95% Real Betis Balompi\u00e9-Serie B.-P\u00f3liza de Operaciones al Contado 3\u00aa Clase N\u00ba 0001454-Sevilla, martes 02-08-1966, instranferible Real Betis Balompie\u00bb.-Muestra.<\/p>\n<p style=\"text-align: left\">Equipos:<\/p>\n<p style=\"text-align: left\">1947-1948 y 1948-1949: Cazalla Balompi\u00e9.<\/p>\n<p style=\"text-align: left\">1949-1950: Coria CF.<\/p>\n<p style=\"text-align: left\"><a href=\"https:\/\/i0.wp.com\/www.manquepierda.com\/historiarealbetis\/files\/2011\/07\/escanear00102.jpg?ssl=1\"><img data-recalc-dims=\"1\" loading=\"lazy\" decoding=\"async\" class=\"aligncenter size-full wp-image-12893\" src=\"https:\/\/i0.wp.com\/www.manquepierda.com\/historiarealbetis\/files\/2011\/07\/escanear00102.jpg?resize=276%2C183&#038;ssl=1\" alt=\"\" width=\"276\" height=\"183\" \/><\/a>De izquierda a derecha de la imagen, de pi\u00e9: AUMESQUET.-Foto: \u00abEl Club Deportivo Utrera en el siglo XX\u00bb.-Silvestre M. Fern\u00e1ndez de los Santos.-Temporadas: 1950-1951 y 1951-1952.<\/p>\n<p style=\"text-align: left\">1951-Enero 14, domingo.-Heli\u00f3polis.-18\u00aa Jornada-Liga Tercera Divisi\u00f3n-Grupo Sur.-Arbitr\u00f3 el se\u00f1or Campos Linares.-Magn\u00edfica entrada, asistiendo muchos aficionados de la Ciudad de los Mostachones.<\/p>\n<p style=\"text-align: left\">REAL BETIS BALOMPI\u00c9-4 Goles (Primera parte: ERASMO, PATRICIO, VERGARA, tras el descanso: EDUARDITO).<\/p>\n<p style=\"text-align: left\">Juan Antonio PALMA;\u00a0 M\u00c1XIMO Benito, PAQURRINI-Francisco Gil Gamero (3),\u00a0 Jos\u00e9 Garc\u00eda PULIDO;\u00a0 ESTEBAN Berros, Manuel UTRILLA;\u00a0 Jos\u00e9 VERGARA,\u00a0 Jos\u00e9 PATRICIO,\u00a0 Manuel DOM\u00cdNGUEZ\u00a0 S\u00e1nchez,\u00a0 EDUARDITO-Eduardo Guti\u00e9rrez S\u00e1nchez y ERASMO Fern\u00e1ndez Marcos (3).<\/p>\n<p style=\"text-align: left\">Vs.<\/p>\n<p style=\"text-align: left\">C. D. UTRERA-2 Tantos (LIZ: Uno en el primer y otro en el segundo tiempo).<\/p>\n<p style=\"text-align: left\">De pie:\u00a0 Faustino;\u00a0 ANTONIO AUMESQUET TENA descoll\u00f3 (3);\u00a0 Jap\u00f3n,\u00a0 Claudio,\u00a0 Alonso (3),\u00a0 Ruiz, Parrado,\u00a0 Gabriel Dom\u00ednguez.-Agachados:\u00a0 Gaspar,\u00a0 Liz (3),\u00a0 Rafael,\u00a0 Zamorita Pastor (a ratos) y\u00a0 Guti\u00e9rrez.<\/p>\n<p style=\"text-align: left\">DISC\u00d3BOLO-Gil G\u00f3mez Bajuelo.-ABC.<\/p>\n<p style=\"text-align: center\"><a href=\"https:\/\/i0.wp.com\/www.manquepierda.com\/historiarealbetis\/files\/2011\/07\/aumesquet.jpg?ssl=1\"><img data-recalc-dims=\"1\" loading=\"lazy\" decoding=\"async\" class=\"aligncenter size-full wp-image-12895\" src=\"https:\/\/i0.wp.com\/www.manquepierda.com\/historiarealbetis\/files\/2011\/07\/aumesquet.jpg?resize=152%2C239&#038;ssl=1\" alt=\"\" width=\"152\" height=\"239\" \/><\/a>1952-1953.-Club Deportivo M\u00e1laga.<\/p>\n<p style=\"text-align: left\">Fuente: web amigosmalaguistas.es<\/p>\n<p style=\"text-align: center\">\n","protected":false},"excerpt":{"rendered":"<p>Monterrubio de la Serena (Badajoz), viernes 06-Diciembre-1929.-Sevilla, martes 25-Diciembre-2007.-78 a\u00f1os.-D. E. P. Medio diestro, Centrocampista del Real Betis Balompi\u00e9, temporadas: 1953-1954.-Tercera Divisi\u00f3n. 1954-1955.-1955-1956.-1956-1957.-1957-1958.-Segunda Divisi\u00f3n. \u00abExcelente compa\u00f1ero y amigo\u00bb de PORTU-Jos\u00e9 Besteiro Fari\u00f1as\u00bb.\u00a0 Al preguntarle por \u00e9l en el \u00abHomenaje a grandes mitos del Real Betis Balompi\u00e9, \u00abVilla Luisa\u00bb mi\u00e9rcoles 27 de junio de 2007. Contrajo&#8230;<\/p>\n","protected":false},"author":48,"featured_media":0,"comment_status":"open","ping_status":"open","sticky":false,"template":"","format":"standard","meta":{"_kad_post_transparent":"","_kad_post_title":"","_kad_post_layout":"","_kad_post_sidebar_id":"","_kad_post_content_style":"","_kad_post_vertical_padding":"","_kad_post_feature":"","_kad_post_feature_position":"","_kad_post_header":false,"_kad_post_footer":false,"_kad_post_classname":"","_jetpack_memberships_contains_paid_content":false,"footnotes":"","jetpack_publicize_message":"","jetpack_publicize_feature_enabled":true,"jetpack_social_post_already_shared":false,"jetpack_social_options":{"image_generator_settings":{"template":"highway","default_image_id":0,"font":"","enabled":false},"version":2}},"categories":[893,1],"tags":[2582],"class_list":["post-12890","post","type-post","status-publish","format-standard","hentry","category-jugadores-temas","category-portada","tag-antonio-aumesquet"],"jetpack_publicize_connections":[],"jetpack_featured_media_url":"","jetpack_sharing_enabled":true,"jetpack_shortlink":"https:\/\/wp.me\/p1ij08-3lU","jetpack-related-posts":[],"_links":{"self":[{"href":"https:\/\/www.manquepierda.com\/historiarealbetis\/wp-json\/wp\/v2\/posts\/12890","targetHints":{"allow":["GET"]}}],"collection":[{"href":"https:\/\/www.manquepierda.com\/historiarealbetis\/wp-json\/wp\/v2\/posts"}],"about":[{"href":"https:\/\/www.manquepierda.com\/historiarealbetis\/wp-json\/wp\/v2\/types\/post"}],"author":[{"embeddable":true,"href":"https:\/\/www.manquepierda.com\/historiarealbetis\/wp-json\/wp\/v2\/users\/48"}],"replies":[{"embeddable":true,"href":"https:\/\/www.manquepierda.com\/historiarealbetis\/wp-json\/wp\/v2\/comments?post=12890"}],"version-history":[{"count":1,"href":"https:\/\/www.manquepierda.com\/historiarealbetis\/wp-json\/wp\/v2\/posts\/12890\/revisions"}],"predecessor-version":[{"id":95141,"href":"https:\/\/www.manquepierda.com\/historiarealbetis\/wp-json\/wp\/v2\/posts\/12890\/revisions\/95141"}],"wp:attachment":[{"href":"https:\/\/www.manquepierda.com\/historiarealbetis\/wp-json\/wp\/v2\/media?parent=12890"}],"wp:term":[{"taxonomy":"category","embeddable":true,"href":"https:\/\/www.manquepierda.com\/historiarealbetis\/wp-json\/wp\/v2\/categories?post=12890"},{"taxonomy":"post_tag","embeddable":true,"href":"https:\/\/www.manquepierda.com\/historiarealbetis\/wp-json\/wp\/v2\/tags?post=12890"}],"curies":[{"name":"wp","href":"https:\/\/api.w.org\/{rel}","templated":true}]}}