{"id":13081,"date":"2011-07-16T23:11:27","date_gmt":"2011-07-16T22:11:27","guid":{"rendered":"http:\/\/www.manquepierda.com\/historiarealbetis\/?p=13081"},"modified":"2024-09-12T19:07:36","modified_gmt":"2024-09-12T17:07:36","slug":"academia-politecnica-sevillana","status":"publish","type":"post","link":"https:\/\/www.manquepierda.com\/historiarealbetis\/academia-politecnica-sevillana\/","title":{"rendered":"Academia Polit\u00e9cnica Sevillana, calle Cervantes n\u00ba 13-15"},"content":{"rendered":"<p style=\"text-align: center\"><strong>1894-Julio 01, domingo:<\/strong><\/p>\n<p><strong>\u00abPara estudio de carreras especiales (Civiles y Militares) y las universitarias de Derecho y Ciencias, bajo la Direcci\u00f3n de Don Lu\u00eds Rodr\u00edguez Caso y D. Idelfonso G\u00f3mez de Santiago.-Calle Cervantes N\u00ba 13-15.<\/strong><\/p>\n<p style=\"text-align: center\"><strong>1911-Noviembre 02, jueves:<\/strong><\/p>\n<p style=\"text-align: left\"><a href=\"https:\/\/i0.wp.com\/www.manquepierda.com\/historiarealbetis\/files\/2011\/07\/descubrimientodeunalpid.jpg?ssl=1\"><img data-recalc-dims=\"1\" loading=\"lazy\" decoding=\"async\" class=\"aligncenter size-medium wp-image-13087\" src=\"https:\/\/i0.wp.com\/www.manquepierda.com\/historiarealbetis\/files\/2011\/07\/descubrimientodeunalpid.jpg?resize=300%2C252&#038;ssl=1\" alt=\"\" width=\"300\" height=\"252\" srcset=\"https:\/\/i0.wp.com\/www.manquepierda.com\/historiarealbetis\/files\/2011\/07\/descubrimientodeunalpid.jpg?resize=300%2C252&amp;ssl=1 300w, https:\/\/i0.wp.com\/www.manquepierda.com\/historiarealbetis\/files\/2011\/07\/descubrimientodeunalpid.jpg?w=320&amp;ssl=1 320w\" sizes=\"auto, (max-width: 300px) 100vw, 300px\" \/><\/a><strong><em>\u00abSe ha celebrado en la Academia Polit\u00e9cnica el acto de descubrimiento de la l\u00e1pida dedicada a los Tenientes Mu\u00f1oz Le\u00f3n y Laserna M\u00e9ndez-Vigo, muertos en Melilla, que fueron alumnos de dicho centro de ense\u00f1anza.<\/em><\/strong><\/p>\n<p style=\"text-align: left\"><strong><em>El patio de la Academia estaban los profesores y alumnos, y muchos invitados.<\/em><\/strong><\/p>\n<p style=\"text-align: left\"><strong><em>La banda del Regimiento de Infanteria Soria\u00a0 N\u00ba 9, ejecut\u00f3 una marcha f\u00fanebre.<\/em><\/strong><\/p>\n<p style=\"text-align: left\"><strong><em>Despu\u00e9s de rezar un responso el capell\u00e1n de la Academia, el director descubri\u00f3 la l\u00e1pida cuya inscripci\u00f3n es la siguiente:<\/em><\/strong><\/p>\n<p style=\"text-align: left\"><strong><em>\u00abA los tenientes de Infanter\u00eda Antonio Mu\u00f1oz Le\u00f3n y Froil\u00e1n Laserna M\u00e9ndez Vigo,\u00a0 antiguos alumnos de la Academia Polit\u00e9cnica Sevillana,\u00a0 que murieron en los campos de batalla en guerra con los moros,\u00a0 dedican este recuerdo como prueba de admiraci\u00f3n y cari\u00f1o los alumnos y profesores de la Academia.\u00a0 Gloria a los que lucharon dando la vida por la Patria\u00bb.<\/em><em><\/em><em><\/em><em><\/em><em><\/em><\/strong><\/p>\n<p style=\"text-align: left\"><strong><em>Despu\u00e9s de pronunciar un patri\u00f3tico discurso el director, todos los invitados desfilaron ante la l\u00e1pida, d\u00e1ndose por terminado el acto\u00bb.<\/em><\/strong><\/p>\n<p style=\"text-align: center\"><strong>1913-Agosto 30, s\u00e1bado:<\/strong><\/p>\n<p style=\"text-align: left\"><a href=\"https:\/\/i0.wp.com\/www.manquepierda.com\/historiarealbetis\/files\/2011\/07\/escanear00016.jpg?ssl=1\"><img data-recalc-dims=\"1\" loading=\"lazy\" decoding=\"async\" class=\"aligncenter size-medium wp-image-13082\" src=\"https:\/\/i0.wp.com\/www.manquepierda.com\/historiarealbetis\/files\/2011\/07\/escanear00016.jpg?resize=207%2C300&#038;ssl=1\" alt=\"\" width=\"207\" height=\"300\" srcset=\"https:\/\/i0.wp.com\/www.manquepierda.com\/historiarealbetis\/files\/2011\/07\/escanear00016.jpg?resize=207%2C300&amp;ssl=1 207w, https:\/\/i0.wp.com\/www.manquepierda.com\/historiarealbetis\/files\/2011\/07\/escanear00016.jpg?w=277&amp;ssl=1 277w\" sizes=\"auto, (max-width: 207px) 100vw, 207px\" \/><\/a><strong><em>\u00abPara la preparaci\u00f3n a ingreso en las CARRERAS MILITARES, LA ACADEMIA POLIT\u00c9CNICA SEVILLANA.<\/em><\/strong><\/p>\n<p style=\"text-align: center\"><strong><em>Alumnos aprobados este a\u00f1o<\/em><em> en las Academias Militares:<\/em><\/strong><\/p>\n<p style=\"text-align: left\"><strong><em>Examinados en la Academia de INFANTER\u00cdA, en Toledo.<br \/>\n<\/em><\/strong><\/p>\n<p style=\"text-align: left\"><strong><em>En los ejercicios\u00a0 1\u00ba-Gimnasia y Reconocimiento; \u00a0 2\u00ba Franc\u00e9s y Dibujo, y\u00a0 3\u00ba<\/em><em>, Geograf\u00eda, Historia de Espa\u00f1a e Historia Universal:<\/em><\/strong><\/p>\n<p style=\"text-align: left\"><strong><em>Don Enrique Mendicuti; D. Fernando Calero; D. Antonio N\u00fa\u00f1ez; D. Manuel Damas; D. Enrique A\u00f1ino Ilzarbe de Andueza; D. Patricio Guti\u00e9rrez; D. Antonio Rodr\u00edguez y D. Manuel Casaus.<\/em><\/strong><\/p>\n<p style=\"text-align: left\"><strong><em>En los ejercicios\u00a0 1\u00ba-Gimnasia y Reconocimiento;\u00a0 3\u00ba-Geograf\u00eda, Historia de Espa\u00f1a e Historia Universal y\u00a0 4\u00ba-Aritm\u00e9tica:\u00a0 D. Juan Mir\u00f3n y\u00a0 D. Lu\u00eds N\u00fa\u00f1ez.<\/em><em><\/em><\/strong><\/p>\n<p style=\"text-align: left\"><strong><em>En los ejecicios\u00a0 1\u00ba-Gimnasia y Reconocimiento;\u00a0 <\/em><em>2\u00ba-Franc\u00e9s y Dibujo;\u00a0 3\u00ba-Geograf\u00eda, Historia de Espa\u00f1a e Historia Universal;\u00a0 4\u00ba-Aritm\u00e9tica:\u00a0 D. Joaqu\u00edn Castillo y D. Francisco Gallardo.<\/em><\/strong><\/p>\n<p style=\"text-align: left\"><strong><em>En los ejercicios\u00a0 1\u00ba-Gimnasia y Reconocimiento;\u00a0 3\u00ba-Geograf\u00eda, Historia de Espa\u00f1a e Historia Universal; y\u00a0 5\u00ba-\u00c1lgebra: Don Manuel Boloix.<\/em><\/strong><\/p>\n<p style=\"text-align: left\"><strong><em>En todos los Ejercicios: D. Jos\u00e9 De Vargas Z\u00fa\u00f1iga;\u00a0 D. Jos\u00e9 Casaus;\u00a0 D. Fernando Calvo Rubio y\u00a0 Don Clemente Alcayna.<\/em><\/strong><\/p>\n<p style=\"text-align: center\"><strong>ARTILLER\u00cdA.<\/strong><\/p>\n<p style=\"text-align: left\"><strong>En los ejercicios primero, segundo y tercero: D. Antonio Carmona y D. Patricio Guti\u00e9rrez.<\/strong><\/p>\n<p style=\"text-align: left\"><strong>En los ejercicios primero, segundo, tercero y cuarto: D. Jos\u00e9 Fern\u00e1ndez Ca\u00f1ete; D. Francisco Gallardo; D. Fernando Calero y D. Teodomiro Del Salto.<\/strong><\/p>\n<p style=\"text-align: left\"><strong>En todos los ejercicios:\u00a0 D. Francisco Jos\u00e9 Carmona (con nota de muy bueno) y Don Manuel Boloix (con nota de muy bueno).<\/strong><\/p>\n<p style=\"text-align: center\"><strong>INTENDENCIA.<\/strong><\/p>\n<p style=\"text-align: left\"><strong>En los ejercicios primero, segundo y tercero: D. Antonio N\u00fa\u00f1ez; D. Ram\u00f3n Casaus y D. Enrique Pezzi.<\/strong><\/p>\n<p style=\"text-align: center\"><strong>INGENIEROS.<\/strong><\/p>\n<p style=\"text-align: left\"><strong>En los ejercicios primero, tercero y cuarto: Don Antonio Enrile.<\/strong><\/p>\n<p style=\"text-align: left\"><strong><em>Total: 23 Aprobados en diferentes Ejercicios.-6 Aprobados de todos los Ejercicios.<\/em><\/strong><\/p>\n<p style=\"text-align: left\"><strong><em>Numeroso profesorado compuesto de Jefes y Oficiales de Infanter\u00eda, Artiller\u00eda e Ingenieros.<\/em><em><\/em><\/strong><\/p>\n<p style=\"text-align: left\"><strong><em>234 Alumnos ingresados desde la fundaci\u00f3n, domingo 1\u00ba de Julio de 1.894.<\/em><\/strong><\/p>\n<p style=\"text-align: left\"><strong><em>Esta Academia no se anuncia m\u00e1s que por sus resultados.<\/em><\/strong><\/p>\n<p style=\"text-align: left\"><strong><em>P\u00eddanse reglamentos en la Secretar\u00eda de dicho Centro.<\/em><em><\/em><em><\/em><\/strong><\/p>\n<p style=\"text-align: left\"><strong><em>El curso para la preparaci\u00f3n militar empieza el pr\u00f3ximo s\u00e1bado 1\u00ba de Septiembre<\/em><\/strong>.<\/p>\n<p style=\"text-align: left\"><strong><em>En esta Academia se hace la preparaci\u00f3n completa para el ingreso en las escuelas de Ingenieros de Caminos, Minas y Montes; Ingenieros Industriales de Madrid, Barcelona y Bilbao; Aduanas; Correos; Tel\u00e9grafos, etc.<\/em><\/strong><\/p>\n<p style=\"text-align: left\"><strong><em>Secciones de Ciencias; Derecho; Comercio; primera y segunda ense\u00f1anza.<\/em><\/strong><\/p>\n<p style=\"text-align: center\"><strong><em>N\u00famero de profesores en las distintas secciones, 26.<\/em><\/strong><\/p>\n<p style=\"text-align: center\"><strong><em>Las clases permanecen abiertas todo el a\u00f1o.<\/em><em><\/em><em><\/em><em><\/em><\/strong><\/p>\n<p style=\"text-align: center\"><strong><em>CERVANTES 13-15, enfrente iglesia de San Andr\u00e9s.-SEVILLA\u00bb.<\/em><\/strong><\/p>\n<p style=\"text-align: left\"><strong>2000-Junio-06, jueves, fallece la directora de la Academia Polit\u00e9cnica Sevillana, do\u00f1a Adelina G\u00f3mez Cobi\u00e1n, 93 a\u00f1os de edad, con domicilio en la calle Cervantes n\u00ba 17.-D. E. P.<\/strong><\/p>\n<p><strong><em><\/em><\/strong><strong><\/strong>*Gu\u00eda de Sevilla y su Provincia&amp;c para 1895, por Vicente G\u00f3mez Zarzuela.<\/p>\n<p>*\u00bbEl Globo\u00bb, Madrid 1911-11-03.<\/p>\n<p>*\u00bbEl Liberal\u00bb, Madrid 1911-11-03.<\/p>\n<p>*\u00bbMundo Gr\u00e1fico\u00bb, 1911-11-15.-Foto Sandro.<\/p>\n<p>*Diario de C\u00f3rdoba, s\u00e1bado 30-Agosto-1913.-Anuncio Academia Polit\u00e9cnica Sevillana.<\/p>\n","protected":false},"excerpt":{"rendered":"<p>1894-Julio 01, domingo: \u00abPara estudio de carreras especiales (Civiles y Militares) y las universitarias de Derecho y Ciencias, bajo la Direcci\u00f3n de Don Lu\u00eds Rodr\u00edguez Caso y D. Idelfonso G\u00f3mez de Santiago.-Calle Cervantes N\u00ba 13-15. 1911-Noviembre 02, jueves: \u00abSe ha celebrado en la Academia Polit\u00e9cnica el acto de descubrimiento de la l\u00e1pida dedicada a los&#8230;<\/p>\n","protected":false},"author":48,"featured_media":0,"comment_status":"open","ping_status":"open","sticky":false,"template":"","format":"standard","meta":{"_kad_post_transparent":"","_kad_post_title":"","_kad_post_layout":"","_kad_post_sidebar_id":"","_kad_post_content_style":"","_kad_post_vertical_padding":"","_kad_post_feature":"","_kad_post_feature_position":"","_kad_post_header":false,"_kad_post_footer":false,"_kad_post_classname":"","_jetpack_memberships_contains_paid_content":false,"footnotes":"","jetpack_publicize_message":"","jetpack_publicize_feature_enabled":true,"jetpack_social_post_already_shared":false,"jetpack_social_options":{"image_generator_settings":{"template":"highway","default_image_id":0,"font":"","enabled":false},"version":2}},"categories":[896,891,893,1],"tags":[2785],"class_list":["post-13081","post","type-post","status-publish","format-standard","hentry","category-1908-1919","category-directivos-temas","category-jugadores-temas","category-portada","tag-academia-politecnica-sevillana"],"jetpack_publicize_connections":[],"jetpack_featured_media_url":"","jetpack_sharing_enabled":true,"jetpack_shortlink":"https:\/\/wp.me\/p1ij08-3oZ","jetpack-related-posts":[],"_links":{"self":[{"href":"https:\/\/www.manquepierda.com\/historiarealbetis\/wp-json\/wp\/v2\/posts\/13081","targetHints":{"allow":["GET"]}}],"collection":[{"href":"https:\/\/www.manquepierda.com\/historiarealbetis\/wp-json\/wp\/v2\/posts"}],"about":[{"href":"https:\/\/www.manquepierda.com\/historiarealbetis\/wp-json\/wp\/v2\/types\/post"}],"author":[{"embeddable":true,"href":"https:\/\/www.manquepierda.com\/historiarealbetis\/wp-json\/wp\/v2\/users\/48"}],"replies":[{"embeddable":true,"href":"https:\/\/www.manquepierda.com\/historiarealbetis\/wp-json\/wp\/v2\/comments?post=13081"}],"version-history":[{"count":1,"href":"https:\/\/www.manquepierda.com\/historiarealbetis\/wp-json\/wp\/v2\/posts\/13081\/revisions"}],"predecessor-version":[{"id":99154,"href":"https:\/\/www.manquepierda.com\/historiarealbetis\/wp-json\/wp\/v2\/posts\/13081\/revisions\/99154"}],"wp:attachment":[{"href":"https:\/\/www.manquepierda.com\/historiarealbetis\/wp-json\/wp\/v2\/media?parent=13081"}],"wp:term":[{"taxonomy":"category","embeddable":true,"href":"https:\/\/www.manquepierda.com\/historiarealbetis\/wp-json\/wp\/v2\/categories?post=13081"},{"taxonomy":"post_tag","embeddable":true,"href":"https:\/\/www.manquepierda.com\/historiarealbetis\/wp-json\/wp\/v2\/tags?post=13081"}],"curies":[{"name":"wp","href":"https:\/\/api.w.org\/{rel}","templated":true}]}}