{"id":13137,"date":"2011-08-05T02:16:25","date_gmt":"2011-08-05T01:16:25","guid":{"rendered":"http:\/\/www.manquepierda.com\/historiarealbetis\/?p=13137"},"modified":"2024-11-03T18:45:03","modified_gmt":"2024-11-03T17:45:03","slug":"timimi-pedro-gonzalez-sanchez-album-de-fotos","status":"publish","type":"post","link":"https:\/\/www.manquepierda.com\/historiarealbetis\/timimi-pedro-gonzalez-sanchez-album-de-fotos\/","title":{"rendered":"TIMIMI-Pedro Gonz\u00e1lez S\u00e1nchez.-Alb\u00fam de fotos"},"content":{"rendered":"<p style=\"text-align: center\"><a href=\"https:\/\/i0.wp.com\/www.manquepierda.com\/historiarealbetis\/files\/2011\/08\/22984.jpg?ssl=1\"><img data-recalc-dims=\"1\" loading=\"lazy\" decoding=\"async\" class=\"aligncenter size-medium wp-image-13138\" src=\"https:\/\/i0.wp.com\/www.manquepierda.com\/historiarealbetis\/files\/2011\/08\/22984.jpg?resize=196%2C300&#038;ssl=1\" alt=\"\" width=\"196\" height=\"300\" srcset=\"https:\/\/i0.wp.com\/www.manquepierda.com\/historiarealbetis\/files\/2011\/08\/22984.jpg?resize=196%2C300&amp;ssl=1 196w, https:\/\/i0.wp.com\/www.manquepierda.com\/historiarealbetis\/files\/2011\/08\/22984.jpg?resize=669%2C1024&amp;ssl=1 669w, https:\/\/i0.wp.com\/www.manquepierda.com\/historiarealbetis\/files\/2011\/08\/22984.jpg?w=1897&amp;ssl=1 1897w\" sizes=\"auto, (max-width: 196px) 100vw, 196px\" \/><\/a>Extremo derecho del Real Club Victoria.<\/p>\n<p style=\"text-align: center\"><a href=\"https:\/\/i0.wp.com\/www.manquepierda.com\/historiarealbetis\/files\/2011\/08\/timimi.jpg?ssl=1\"><img data-recalc-dims=\"1\" loading=\"lazy\" decoding=\"async\" class=\"aligncenter size-full wp-image-13154\" src=\"https:\/\/i0.wp.com\/www.manquepierda.com\/historiarealbetis\/files\/2011\/08\/timimi.jpg?resize=157%2C230&#038;ssl=1\" alt=\"\" width=\"157\" height=\"230\" \/><\/a><\/p>\n<p style=\"text-align: left\"><a href=\"https:\/\/i0.wp.com\/www.manquepierda.com\/historiarealbetis\/files\/2011\/08\/229651.jpg?ssl=1\"><img data-recalc-dims=\"1\" loading=\"lazy\" decoding=\"async\" class=\"aligncenter size-medium wp-image-13140\" src=\"https:\/\/i0.wp.com\/www.manquepierda.com\/historiarealbetis\/files\/2011\/08\/229651.jpg?resize=300%2C227&#038;ssl=1\" alt=\"\" width=\"300\" height=\"227\" srcset=\"https:\/\/i0.wp.com\/www.manquepierda.com\/historiarealbetis\/files\/2011\/08\/229651.jpg?resize=300%2C227&amp;ssl=1 300w, https:\/\/i0.wp.com\/www.manquepierda.com\/historiarealbetis\/files\/2011\/08\/229651.jpg?w=329&amp;ssl=1 329w\" sizes=\"auto, (max-width: 300px) 100vw, 300px\" \/><\/a>TIMIMI es el primero de pie en la parte superior izquierda de la foto del Real Club Victoria, de Las Palmas de Gran Canaria. -Fuente: Fedac.<\/p>\n<p style=\"text-align: left\"><strong>Jug\u00f3 en los siguientes equipos canarios: Marino FbC del Barrio de Los Arenales;\u00a0 Real Club Victoria del Puerto de la Luz.<\/strong><\/p>\n<p style=\"text-align: center\"><strong><em>Im\u00e1genes Verdiblancas:<\/em><\/strong><\/p>\n<p style=\"text-align: left\"><a href=\"https:\/\/i0.wp.com\/www.manquepierda.com\/historiarealbetis\/files\/2011\/08\/TIMIMI.jpg?ssl=1\"><img data-recalc-dims=\"1\" loading=\"lazy\" decoding=\"async\" class=\"aligncenter size-medium wp-image-13142\" src=\"https:\/\/i0.wp.com\/www.manquepierda.com\/historiarealbetis\/files\/2011\/08\/TIMIMI.jpg?resize=300%2C190&#038;ssl=1\" alt=\"\" width=\"300\" height=\"190\" srcset=\"https:\/\/i0.wp.com\/www.manquepierda.com\/historiarealbetis\/files\/2011\/08\/TIMIMI.jpg?resize=300%2C190&amp;ssl=1 300w, https:\/\/i0.wp.com\/www.manquepierda.com\/historiarealbetis\/files\/2011\/08\/TIMIMI.jpg?w=580&amp;ssl=1 580w\" sizes=\"auto, (max-width: 300px) 100vw, 300px\" \/><\/a>\u00abEl sufrimiento de un luchardor: El balompi\u00e9 de anta\u00f1o no estaba s\u00f3lo basado en la figura t\u00e9cnica, la elegancia y la belleza; tambi\u00e9n exist\u00edan los choques e incluso las entradas duras.<\/p>\n<p style=\"text-align: left\">Esta imagen, recogida de un t\u00edpico \u00abderby\u00bb Sevilla FbC vs. Betis Balompi\u00e9 de los a\u00f1os 1930&#8242; en el campo de Nervi\u00f3n, es fiel reflejo de ello.<\/p>\n<p style=\"text-align: left\">El rostro del futbolista b\u00e9tico TIMIMI nos da una idea del dolor que padece, a pesar de tratarse de un jugador que hizo gala en numerosas ocasiones de su constante entrega en el terreno de juego y de derrochar garra en cada lance.<\/p>\n<p style=\"text-align: left\">Dolorido en la banda, recibe los cuidados de los servicios m\u00e9dicos, limitados por entonces a una peque\u00f1a esponja y a la famosa <strong><em>\u00abagua milagrosa\u00bb.<\/em><\/strong><\/p>\n<p style=\"text-align: center\"><a href=\"https:\/\/i0.wp.com\/www.manquepierda.com\/historiarealbetis\/files\/2011\/08\/escanear0065.jpg?ssl=1\"><img data-recalc-dims=\"1\" loading=\"lazy\" decoding=\"async\" class=\"aligncenter size-medium wp-image-13534\" src=\"https:\/\/i0.wp.com\/www.manquepierda.com\/historiarealbetis\/files\/2011\/08\/escanear0065.jpg?resize=300%2C184&#038;ssl=1\" alt=\"\" width=\"300\" height=\"184\" srcset=\"https:\/\/i0.wp.com\/www.manquepierda.com\/historiarealbetis\/files\/2011\/08\/escanear0065.jpg?resize=300%2C184&amp;ssl=1 300w, https:\/\/i0.wp.com\/www.manquepierda.com\/historiarealbetis\/files\/2011\/08\/escanear0065.jpg?w=389&amp;ssl=1 389w\" sizes=\"auto, (max-width: 300px) 100vw, 300px\" \/><\/a>1935-Febrero 03, domingo-Nervi\u00f3n-10\u00aa Jornada Liga Primera Divisi\u00f3n 1934-1935:<\/p>\n<p style=\"text-align: left\">Sevilla CF-0Tantos.<\/p>\n<p style=\"text-align: left\">vs. BETIS BALOMPI\u00c9-3 Goles.<\/p>\n<p style=\"text-align: left\">0-1, Sim\u00f3n LEKUE Andrade, al rematar un rechace deficiente de EUSKALDUNA. 0-2, minutos antes de finalizar el primer tiempo: Un tiro de SARO-\u00c1ngel Mart\u00edn Rodr\u00edguez lo rechaza EIZAGUIRRE muy forzado, y recoge ADOLFO Mart\u00edn Gonz\u00e1lez que pasa a Sim\u00f3n LECUE Andrade consiguiendo marcar. \u00a0 \u00a0 \u00a0 \u00a0 \u00a0 \u00a0 \u00a0 \u00a0 \u00a0 \u00a0 \u00a0 0-3, 77 minutos: ADOLFO Mart\u00edn Gonz\u00e1lez al rematar un buen centro de SARO.<\/p>\n<p style=\"text-align: left\">En la imagen TIMIMI sufriendo una dura entrada, patada a la altura de los ri\u00f1ones, del sevillista EUSKALDUNA-Pedro Aurrecoetxea Etxeand\u00eda.-Fot\u00f3grafo sin especificar-Fondo Sim\u00f3 325.<\/p>\n<p style=\"text-align: left\"><strong><em><\/em><\/strong>Fuente: ABC-Historia Viva del Real Betis Balompi\u00e9.-Foto para el recuerdo.<\/p>\n<p style=\"text-align: left\"><strong><em>Delantero-Extremo Diestro.-44 partidos jugados: 10 Goles marcados.<\/em><\/strong><\/p>\n<p style=\"text-align: center\"><strong><em>1930-1931:<\/em><\/strong><\/p>\n<p style=\"text-align: left\"><strong><em> Segunda Divisi\u00f3n-Real Betis Balompi\u00e9 6\u00ba Clasificado.-Campeonato de Andaluc\u00eda.-<\/em><\/strong><em><strong>Campeonto-Copa de Espa\u00f1a.<br \/>\n<\/strong><\/em><\/p>\n<p style=\"text-align: center\"><strong><em>1931-1932:<\/em><\/strong><\/p>\n<p style=\"text-align: left\"><strong><em>Campe\u00f3n 2\u00aa Divisi\u00f3n Betis Balompi\u00e9.-Campeonato de Andaluc\u00eda.-Campeonato-Copa de Espa\u00f1a.<br \/>\n<\/em><\/strong><\/p>\n<p style=\"text-align: center\"><strong><em>1932-1933:<\/em><\/strong><\/p>\n<p style=\"text-align: left\"><strong><em>Primera Divisi\u00f3n-Betis Balompi\u00e9 5\u00ba Clasificado.-Campeonato Mancomunado.-Campeonato-Copa de Espa\u00f1a.<br \/>\n<\/em><\/strong><\/p>\n<p style=\"text-align: center\"><strong><em>1933-1934:<\/em><\/strong><\/p>\n<p style=\"text-align: left\"><strong><em>Primera Divisi\u00f3n-Betis Balompi\u00e9 4\u00ba Clasificado.-Campeonato Mancomunado.-Campeonato-Copa de Espa\u00f1a.<br \/>\n<\/em><\/strong><\/p>\n<p style=\"text-align: center\"><strong><em>1934-1935:<\/em><\/strong><\/p>\n<p style=\"text-align: left\"><strong><em><\/em><em><\/em><em><\/em><em><\/em><em><\/em><em><\/em><em>Betis Balompi\u00e9-Campe\u00f3n Liga Primera Divisi\u00f3n.-Campeonato Mancomunado.<\/em><\/strong><\/p>\n<p style=\"text-align: left\"><a href=\"https:\/\/i0.wp.com\/www.manquepierda.com\/historiarealbetis\/files\/2011\/08\/timimi1.jpg?ssl=1\"><img data-recalc-dims=\"1\" loading=\"lazy\" decoding=\"async\" class=\"aligncenter size-full wp-image-13144\" src=\"https:\/\/i0.wp.com\/www.manquepierda.com\/historiarealbetis\/files\/2011\/08\/timimi1.jpg?resize=155%2C208&#038;ssl=1\" alt=\"\" width=\"155\" height=\"208\" \/><\/a><strong><em>\u00abEl temor del coloso: Los primeros futbolistas que jugaron en el Betis Balompi\u00e9 fueron los victoristas ADOLFO Mart\u00edn Gonz\u00e1lez, Juan MART\u00cdN y TIMIMI-Pedro Gonz\u00e1lez S\u00e1nchez, que se incorporan en 1930.<\/em><\/strong><\/p>\n<p style=\"text-align: left\"><strong><em>Estos futbolistas jugaron en Sevilla con el Real Club Victoria un partido de Copa de Espa\u00f1a ante el Real Valladolid gustando mucho su juego.<\/em><\/strong><\/p>\n<p style=\"text-align: left\"><strong><em>Los \u00abcanarios\u00bb fueron fichados por el Real Betis Balompi\u00e9 y durante los a\u00f1os siguientes fueron piezas importantes en el conjunto verdiblanco que consigui\u00f3 un ascenso, ser subcampe\u00f3n de Espa\u00f1a y ganar la Liga de 1935.<\/em><\/strong><\/p>\n<p style=\"text-align: left\"><strong><em>Estos futbolistas canarios ayudaron a los andaluces a alcanzar las cotas m\u00e1s altas en su historia deportiva\u00bb.<\/em><\/strong><\/p>\n<p style=\"text-align: left\"><strong>Fuente: \u00abHistoria del F\u00fatbol Canario: Homenaje al Real Betis Balompi\u00e9 por su Centenario.<em><\/em><\/strong><\/p>\n<p style=\"text-align: center\"><a href=\"https:\/\/i0.wp.com\/www.manquepierda.com\/historiarealbetis\/files\/2011\/08\/escanear0005.jpg?ssl=1\"><img data-recalc-dims=\"1\" loading=\"lazy\" decoding=\"async\" class=\"aligncenter size-full wp-image-13147\" src=\"https:\/\/i0.wp.com\/www.manquepierda.com\/historiarealbetis\/files\/2011\/08\/escanear0005.jpg?resize=229%2C296&#038;ssl=1\" alt=\"\" width=\"229\" height=\"296\" \/><\/a><\/p>\n<p style=\"text-align: left\"><a href=\"https:\/\/i0.wp.com\/www.manquepierda.com\/historiarealbetis\/files\/2011\/08\/19350203.jpg?ssl=1\"><img data-recalc-dims=\"1\" loading=\"lazy\" decoding=\"async\" class=\"aligncenter size-medium wp-image-13149\" src=\"https:\/\/i0.wp.com\/www.manquepierda.com\/historiarealbetis\/files\/2011\/08\/19350203.jpg?resize=300%2C192&#038;ssl=1\" alt=\"\" width=\"300\" height=\"192\" srcset=\"https:\/\/i0.wp.com\/www.manquepierda.com\/historiarealbetis\/files\/2011\/08\/19350203.jpg?resize=300%2C192&amp;ssl=1 300w, https:\/\/i0.wp.com\/www.manquepierda.com\/historiarealbetis\/files\/2011\/08\/19350203.jpg?w=356&amp;ssl=1 356w\" sizes=\"auto, (max-width: 300px) 100vw, 300px\" \/><\/a>Urquiaga;\u00a0 Areso,\u00a0 Aedo,\u00a0 Peral;\u00a0 G\u00f3mez,\u00a0 Larrinoa;\u00a0 TIMIMI,\u00a0 Adolfo Mart\u00edn,\u00a0 Unamuno,\u00a0 Lecue\u00a0 y\u00a0 Saro (Fotograf\u00eda S. S\u00e1nchez del Pando, FS-232: Nervi\u00f3n 03-Febrero-1935).<\/p>\n<p style=\"text-align: center\"><a href=\"https:\/\/i0.wp.com\/www.manquepierda.com\/historiarealbetis\/files\/2011\/08\/escanear0006.jpg?ssl=1\"><img data-recalc-dims=\"1\" loading=\"lazy\" decoding=\"async\" class=\"aligncenter size-medium wp-image-13150\" src=\"https:\/\/i0.wp.com\/www.manquepierda.com\/historiarealbetis\/files\/2011\/08\/escanear0006.jpg?resize=146%2C300&#038;ssl=1\" alt=\"\" width=\"146\" height=\"300\" srcset=\"https:\/\/i0.wp.com\/www.manquepierda.com\/historiarealbetis\/files\/2011\/08\/escanear0006.jpg?resize=146%2C300&amp;ssl=1 146w, https:\/\/i0.wp.com\/www.manquepierda.com\/historiarealbetis\/files\/2011\/08\/escanear0006.jpg?w=240&amp;ssl=1 240w\" sizes=\"auto, (max-width: 146px) 100vw, 146px\" \/><\/a><\/p>\n<p style=\"text-align: left\"><a href=\"https:\/\/i0.wp.com\/www.manquepierda.com\/historiarealbetis\/files\/2011\/08\/escanear0004.jpg?ssl=1\"><img data-recalc-dims=\"1\" loading=\"lazy\" decoding=\"async\" class=\"aligncenter size-medium wp-image-13146\" src=\"https:\/\/i0.wp.com\/www.manquepierda.com\/historiarealbetis\/files\/2011\/08\/escanear0004.jpg?resize=170%2C300&#038;ssl=1\" alt=\"\" width=\"170\" height=\"300\" srcset=\"https:\/\/i0.wp.com\/www.manquepierda.com\/historiarealbetis\/files\/2011\/08\/escanear0004.jpg?resize=170%2C300&amp;ssl=1 170w, https:\/\/i0.wp.com\/www.manquepierda.com\/historiarealbetis\/files\/2011\/08\/escanear0004.jpg?w=229&amp;ssl=1 229w\" sizes=\"auto, (max-width: 170px) 100vw, 170px\" \/><\/a><\/p>\n<p style=\"text-align: center\">PEDRO GONZ\u00c1LEZ S\u00c1NCHEZ (a) \u00abTIMIMI\u00bb<\/p>\n<p style=\"text-align: left\">Las Palmas de Gran Canaria-Barrio de Arenales-feudo del Marino FbC, domingo 1\u00ba de enero de 1911; Hospital de San Mart\u00edn de dicha ciudad, enfermedad grave, martes 26 de enero de 1960.<\/p>\n<p style=\"text-align: center\"><a href=\"https:\/\/i0.wp.com\/www.manquepierda.com\/historiarealbetis\/files\/2011\/08\/TIMIMI-1.jpg?ssl=1\"><img data-recalc-dims=\"1\" loading=\"lazy\" decoding=\"async\" class=\"aligncenter size-full wp-image-13145\" src=\"https:\/\/i0.wp.com\/www.manquepierda.com\/historiarealbetis\/files\/2011\/08\/TIMIMI-1.jpg?resize=171%2C223&#038;ssl=1\" alt=\"\" width=\"171\" height=\"223\" \/><\/a>D. E. P.-49 a\u00f1os.<\/p>\n","protected":false},"excerpt":{"rendered":"<p>Extremo derecho del Real Club Victoria. TIMIMI es el primero de pie en la parte superior izquierda de la foto del Real Club Victoria, de Las Palmas de Gran Canaria. -Fuente: Fedac. Jug\u00f3 en los siguientes equipos canarios: Marino FbC del Barrio de Los Arenales;\u00a0 Real Club Victoria del Puerto de la Luz. Im\u00e1genes Verdiblancas:&#8230;<\/p>\n","protected":false},"author":48,"featured_media":0,"comment_status":"open","ping_status":"open","sticky":false,"template":"","format":"standard","meta":{"_kad_post_transparent":"","_kad_post_title":"","_kad_post_layout":"","_kad_post_sidebar_id":"","_kad_post_content_style":"","_kad_post_vertical_padding":"","_kad_post_feature":"","_kad_post_feature_position":"","_kad_post_header":false,"_kad_post_footer":false,"_kad_post_classname":"","_jetpack_memberships_contains_paid_content":false,"footnotes":"","jetpack_publicize_message":"","jetpack_publicize_feature_enabled":true,"jetpack_social_post_already_shared":false,"jetpack_social_options":{"image_generator_settings":{"template":"highway","default_image_id":0,"font":"","enabled":false},"version":2}},"categories":[893,1],"tags":[1113],"class_list":["post-13137","post","type-post","status-publish","format-standard","hentry","category-jugadores-temas","category-portada","tag-pedro-gonzalez-timimi"],"jetpack_publicize_connections":[],"jetpack_featured_media_url":"","jetpack_sharing_enabled":true,"jetpack_shortlink":"https:\/\/wp.me\/p1ij08-3pT","jetpack-related-posts":[],"_links":{"self":[{"href":"https:\/\/www.manquepierda.com\/historiarealbetis\/wp-json\/wp\/v2\/posts\/13137","targetHints":{"allow":["GET"]}}],"collection":[{"href":"https:\/\/www.manquepierda.com\/historiarealbetis\/wp-json\/wp\/v2\/posts"}],"about":[{"href":"https:\/\/www.manquepierda.com\/historiarealbetis\/wp-json\/wp\/v2\/types\/post"}],"author":[{"embeddable":true,"href":"https:\/\/www.manquepierda.com\/historiarealbetis\/wp-json\/wp\/v2\/users\/48"}],"replies":[{"embeddable":true,"href":"https:\/\/www.manquepierda.com\/historiarealbetis\/wp-json\/wp\/v2\/comments?post=13137"}],"version-history":[{"count":1,"href":"https:\/\/www.manquepierda.com\/historiarealbetis\/wp-json\/wp\/v2\/posts\/13137\/revisions"}],"predecessor-version":[{"id":100679,"href":"https:\/\/www.manquepierda.com\/historiarealbetis\/wp-json\/wp\/v2\/posts\/13137\/revisions\/100679"}],"wp:attachment":[{"href":"https:\/\/www.manquepierda.com\/historiarealbetis\/wp-json\/wp\/v2\/media?parent=13137"}],"wp:term":[{"taxonomy":"category","embeddable":true,"href":"https:\/\/www.manquepierda.com\/historiarealbetis\/wp-json\/wp\/v2\/categories?post=13137"},{"taxonomy":"post_tag","embeddable":true,"href":"https:\/\/www.manquepierda.com\/historiarealbetis\/wp-json\/wp\/v2\/tags?post=13137"}],"curies":[{"name":"wp","href":"https:\/\/api.w.org\/{rel}","templated":true}]}}