{"id":14127,"date":"2011-09-03T14:03:05","date_gmt":"2011-09-03T13:03:05","guid":{"rendered":"http:\/\/www.manquepierda.com\/historiarealbetis\/?p=14127"},"modified":"2011-09-04T10:27:20","modified_gmt":"2011-09-04T09:27:20","slug":"german-sorzano-villavicencio","status":"publish","type":"post","link":"https:\/\/www.manquepierda.com\/historiarealbetis\/german-sorzano-villavicencio\/","title":{"rendered":"GERMAN Sorzano Villavicencio"},"content":{"rendered":"<p style=\"text-align: center\"><a href=\"https:\/\/i0.wp.com\/www.manquepierda.com\/historiarealbetis\/files\/2011\/09\/GERM%C3%81N-Vieja-Gloria.jpg?ssl=1\"><img data-recalc-dims=\"1\" loading=\"lazy\" decoding=\"async\" class=\"size-full wp-image-14128\" src=\"https:\/\/i0.wp.com\/www.manquepierda.com\/historiarealbetis\/files\/2011\/09\/GERM%C3%81N-Vieja-Gloria.jpg?resize=114%2C248&#038;ssl=1\" alt=\"\" width=\"114\" height=\"248\" \/><\/a><\/p>\n<p style=\"text-align: center\"><strong><em>GERM\u00c1N Sorzano Villavicencio.<\/em><\/strong><\/p>\n<p style=\"text-align: left\"><strong>\u00abA Germ\u00e1n lo vemos en su establecimiento de l\u00e1mparas que tiene montado.<\/strong><\/p>\n<p style=\"text-align: left\"><strong>&#8211;\u00bfLa mayor alegr\u00eda que le ha deparado el Betis mientras ha pertenecido a \u00e9l?<\/strong><\/p>\n<p style=\"text-align: left\"><strong><em>&#8211;Cuando eliminamos al Athl\u00e9tic de Madrid en la temporada 1927 que marqu\u00e9 dos goles a Javier Barroso S\u00e1nchez-Guerra, Campeonato Regional Centro-Andaluc\u00eda.<\/em><\/strong><\/p>\n<p style=\"text-align: left\"><strong>&#8211;\u00bfCu\u00e1ndo hizo el Betis Balompi\u00e9 mejor f\u00fatbol?<\/strong><\/p>\n<p style=\"text-align: left\"><strong><em>&#8211;El Real Betis Balompi\u00e9, durante su permanencia en la Divisi\u00f3n de Honor, siempre practic\u00f3 buen f\u00fatbol, a m\u00e1s un f\u00fatbol que llegaba al coraz\u00f3n de todo buen aficionado al balompi\u00e9.<\/em><\/strong><\/p>\n<p style=\"text-align: left\"><strong>&#8211;\u00bfEst\u00e1 usted contento de ver que su Betis emprende nuevamente su segunda etapa feliz?<\/strong><\/p>\n<p style=\"text-align: left\"><strong><em>&#8211;Content\u00edsimo.\u00a0 Usted sabe que esto lo siente uno bastantante, que ha pertenecido uno muchos a\u00f1os a \u00e9l y todo lo que sea en bien del equipo, le agrada a uno.<\/em><\/strong><\/p>\n<p style=\"text-align: left\"><strong>&#8211;Lo comprendemos.<\/strong><\/p>\n<p style=\"text-align: left\">1954-Mayo: Entrevista firmada por \u00abP\u00bb en el n\u00famero especial <strong><em><\/em><em><\/em><\/strong>dedicado al REAL BETIS BALOMPI\u00c9 del Semanario Gr\u00e1fico de Actualidades y Deportes \u00a1\u00a1 OIGA \u00a1\u00a1 \u00abLas Viejas Glorias, hacen Memoria\u00bb.<\/p>\n<p style=\"text-align: left\"><strong><em>Electricidad GERM\u00c1N.-Calle Cuna n\u00ba 52.-41004-Ciudad del Betis.-<\/em>Distribuidor \u00abCorber\u00f3\u00bb: Cocinas-Frigor\u00edficos-Calentadores.\u00a0 <\/strong><\/p>\n<p style=\"text-align: left\"><strong><em>En mi ni\u00f1ez, mi padre me lo present\u00f3 en su despacho de \u00abCasa Germ\u00e1n\u00bb.-Tel\u00e9fono 29581.-Taller, calle Alfonso XII n\u00ba 2.-Tel\u00e9fono 20313.<br \/>\n<\/em><\/strong><\/p>\n<p>1924-Septiembre: Vicecapit\u00e1n del San Rom\u00e1n Club de F\u00fatbol.<\/p>\n<p>1925-Enero 13: San Rom\u00e1n CF, de Sevilla.-Seleccionado-equipo rojo-partido Andaluc\u00eda vs. Budapest, 25-01-1925.<\/p>\n<p><strong><em>Sevilla, s\u00e1bado 12-Octubre-1963, 58 a\u00f1os.-D. E. P.-<\/em><\/strong>Viuda do\u00f1a Eloisa Ramirez Jim\u00e9nez, fallece, jueves 11-Octubre-1979, 73 a\u00f1os.-D.E.P.<\/p>\n","protected":false},"excerpt":{"rendered":"<p>GERM\u00c1N Sorzano Villavicencio. \u00abA Germ\u00e1n lo vemos en su establecimiento de l\u00e1mparas que tiene montado. &#8211;\u00bfLa mayor alegr\u00eda que le ha deparado el Betis mientras ha pertenecido a \u00e9l? &#8211;Cuando eliminamos al Athl\u00e9tic de Madrid en la temporada 1927 que marqu\u00e9 dos goles a Javier Barroso S\u00e1nchez-Guerra, Campeonato Regional Centro-Andaluc\u00eda. &#8211;\u00bfCu\u00e1ndo hizo el Betis Balompi\u00e9&#8230;<\/p>\n","protected":false},"author":48,"featured_media":0,"comment_status":"open","ping_status":"open","sticky":false,"template":"","format":"standard","meta":{"_kad_post_transparent":"","_kad_post_title":"","_kad_post_layout":"","_kad_post_sidebar_id":"","_kad_post_content_style":"","_kad_post_vertical_padding":"","_kad_post_feature":"","_kad_post_feature_position":"","_kad_post_header":false,"_kad_post_footer":false,"_kad_post_classname":"","_jetpack_memberships_contains_paid_content":false,"footnotes":"","jetpack_publicize_message":"","jetpack_publicize_feature_enabled":true,"jetpack_social_post_already_shared":false,"jetpack_social_options":{"image_generator_settings":{"template":"highway","default_image_id":0,"font":"","enabled":false},"version":2}},"categories":[898,893],"tags":[],"class_list":["post-14127","post","type-post","status-publish","format-standard","hentry","category-1920-1929","category-jugadores-temas"],"jetpack_publicize_connections":[],"jetpack_featured_media_url":"","jetpack_sharing_enabled":true,"jetpack_shortlink":"https:\/\/wp.me\/p1ij08-3FR","jetpack-related-posts":[],"_links":{"self":[{"href":"https:\/\/www.manquepierda.com\/historiarealbetis\/wp-json\/wp\/v2\/posts\/14127","targetHints":{"allow":["GET"]}}],"collection":[{"href":"https:\/\/www.manquepierda.com\/historiarealbetis\/wp-json\/wp\/v2\/posts"}],"about":[{"href":"https:\/\/www.manquepierda.com\/historiarealbetis\/wp-json\/wp\/v2\/types\/post"}],"author":[{"embeddable":true,"href":"https:\/\/www.manquepierda.com\/historiarealbetis\/wp-json\/wp\/v2\/users\/48"}],"replies":[{"embeddable":true,"href":"https:\/\/www.manquepierda.com\/historiarealbetis\/wp-json\/wp\/v2\/comments?post=14127"}],"version-history":[{"count":0,"href":"https:\/\/www.manquepierda.com\/historiarealbetis\/wp-json\/wp\/v2\/posts\/14127\/revisions"}],"wp:attachment":[{"href":"https:\/\/www.manquepierda.com\/historiarealbetis\/wp-json\/wp\/v2\/media?parent=14127"}],"wp:term":[{"taxonomy":"category","embeddable":true,"href":"https:\/\/www.manquepierda.com\/historiarealbetis\/wp-json\/wp\/v2\/categories?post=14127"},{"taxonomy":"post_tag","embeddable":true,"href":"https:\/\/www.manquepierda.com\/historiarealbetis\/wp-json\/wp\/v2\/tags?post=14127"}],"curies":[{"name":"wp","href":"https:\/\/api.w.org\/{rel}","templated":true}]}}