{"id":14251,"date":"2011-09-07T17:08:39","date_gmt":"2011-09-07T16:08:39","guid":{"rendered":"http:\/\/www.manquepierda.com\/historiarealbetis\/?p=14251"},"modified":"2024-09-15T10:57:13","modified_gmt":"2024-09-15T08:57:13","slug":"1960-julio-27-miercoles-pepin-jose-casas-gris","status":"publish","type":"post","link":"https:\/\/www.manquepierda.com\/historiarealbetis\/1960-julio-27-miercoles-pepin-jose-casas-gris\/","title":{"rendered":"1960-Julio 27, mi\u00e9rcoles: PEP\u00cdN-Jos\u00e9 Casas Gris"},"content":{"rendered":"<p style=\"text-align: center\"><a href=\"https:\/\/i0.wp.com\/www.manquepierda.com\/historiarealbetis\/files\/2011\/09\/PEPIN-Agosto-1960.jpg?ssl=1\"><img data-recalc-dims=\"1\" loading=\"lazy\" decoding=\"async\" class=\"aligncenter size-medium wp-image-14252\" src=\"https:\/\/i0.wp.com\/www.manquepierda.com\/historiarealbetis\/files\/2011\/09\/PEPIN-Agosto-1960.jpg?resize=228%2C300&#038;ssl=1\" alt=\"\" width=\"228\" height=\"300\" srcset=\"https:\/\/i0.wp.com\/www.manquepierda.com\/historiarealbetis\/files\/2011\/09\/PEPIN-Agosto-1960.jpg?resize=228%2C300&amp;ssl=1 228w, https:\/\/i0.wp.com\/www.manquepierda.com\/historiarealbetis\/files\/2011\/09\/PEPIN-Agosto-1960.jpg?w=393&amp;ssl=1 393w\" sizes=\"auto, (max-width: 228px) 100vw, 228px\" \/><\/a><strong><em>Jos\u00e9 Casas Gris (a) PEP\u00cdN.<\/em><\/strong><\/p>\n<p style=\"text-align: left\"><strong>Valencia, lunes 16-Noviembre-1931<\/strong>; <strong>Las Palmas de Gran Canaria,\u00a0 martes 12-Octubre-2010, 78 a\u00f1os. D. E. P.<\/strong><\/p>\n<p style=\"text-align: left\"><strong>Empresario hostelero en Playa de Las Cantera; La Puntilla en d\u00f3nde ha vivido siempre.-Gerente del Real Club Victoria de Las Palmas.<\/strong><\/p>\n<p style=\"text-align: left\"><a href=\"https:\/\/i0.wp.com\/www.manquepierda.com\/historiarealbetis\/files\/2011\/09\/PEP%C3%8DN.jpg?ssl=1\"><img data-recalc-dims=\"1\" loading=\"lazy\" decoding=\"async\" class=\"aligncenter size-medium wp-image-14253\" src=\"https:\/\/i0.wp.com\/www.manquepierda.com\/historiarealbetis\/files\/2011\/09\/PEP%C3%8DN-195x300.jpg?resize=195%2C300&#038;ssl=1\" alt=\"\" width=\"195\" height=\"300\" \/><\/a><strong>\u00abEn la baraja de ases futbol\u00edstica, un nombre que todos cotizan: PEP\u00cdN.\u00a0 Guardameta de primera fila, el nuevo jugador b\u00e9tico representa una garant\u00eda en su nuevo Club.<\/strong><\/p>\n<p style=\"text-align: left\"><strong>Por PEP\u00cdN se hab\u00edan trazado planes de adquisici\u00f3n varios clubes de la Liga Primera, varios de estos se las promet\u00edan muy felices cuando surgi\u00f3 el Real Betis Balompi\u00e9 en la danza de las ofertas.<\/strong><\/p>\n<p style=\"text-align: left\"><strong>Jaime Fern\u00e1ndez Murube lleg\u00f3 a Las Palmas, habl\u00f3 en la prensa de Larraz y Espino, para despistar, y en cuanto se puso al habla con la directiva canaria, el traspaso del renombrado cancerbero qued\u00f3 planteado y rematado.\u00a0 <\/strong><\/p>\n<p style=\"text-align: left\"><strong>El mi\u00e9rcoles 27 de julio de 1960, PEP\u00cdN se present\u00f3 en Heli\u00f3polis para conocer de la disciplina b\u00e9tica, de los consejos de Fernando Daucik Fonfer y a sus nuevos compa\u00f1eros.<\/strong><\/p>\n<p style=\"text-align: left\"><strong>Al finalizar esta primera sesi\u00f3n de entrene, le abordamos.\u00a0 PEP\u00cdN es valenciano.\u00a0 En el Sorolla, en el Pe\u00f1a Asensi y en el Disc\u00f3bolo club de categor\u00eda local, comenz\u00f3 su formaci\u00f3n deportiva.<\/strong><\/p>\n<p style=\"text-align: left\"><strong>Jug\u00f3 m\u00e1s tarde en el Alcira, de la primera categor\u00eda regional.\u00a0 De este club salt\u00f3 al Alicante CF, que, por aquel entonces, peleaba por el ascenso, a Segunda Divisi\u00f3n.\u00a0 <\/strong><\/p>\n<p style=\"text-align: left\"><strong>Jug\u00f3 aquella c\u00e9lebre liguilla de ascenso, en la que participase el Real Betis Balompi\u00e9 junto al \u00abonce\u00bb levantino, Real Club Recreativo de Huelva, CD Cacere\u00f1o, CD Guadalajara y Atl\u00e9tico Baleares.<\/strong><\/p>\n<p style=\"text-align: left\"><strong>Con este ascenso el nombre de Jos\u00e9 Casas Gris se hab\u00eda hecho de nombrad\u00eda.\u00a0 Desde Canarias solicitaron su fichaje.\u00a0 El Alicante hizo mejor negocio de su historia y \u00abPep\u00edn\u00bb pas\u00f3 a formar parte de la Uni\u00f3n Deportiva Las Palmas, club en el que se ha mantenido durante 9 temporadas como titular indiscutible, y con el que ha conseguido ser considerado como uno de los mejores guardametas espa\u00f1oles de la \u00faltima d\u00e9cada.<\/strong><\/p>\n<p style=\"text-align: left\"><strong>PEP\u00cdN nos facilita sus primeras impresiones al finalizar el entrenamiento.\u00a0 Despu\u00e9s de facilitarnos los datos de su historial, se refiere a su fichaje por el Club de la calle Alemanes n\u00ba 11:<\/strong><\/p>\n<p style=\"text-align: left\"><strong><em>&#8211;Desde hace tiempo me ilusionaba la idea de jugar en un club sevillano.\u00a0 Este p\u00fablico me ha alentado siempre que he actuado en estos campos y espero que este favor siga brid\u00e1ndome cuando juegue con mi nuevo equipo.<\/em><\/strong><\/p>\n<p style=\"text-align: left\"><strong>&#8211;\u00bfC\u00f3mo se acogi\u00f3 en Las Palmas la noticia de su traspaso?<\/strong><\/p>\n<p style=\"text-align: left\"><strong><em>&#8211;El ambiente est\u00e1 bastante enrarecido, y es l\u00f3gico, despu\u00e9s del descenso.\u00a0 Como se rumeroaba que el Club se desprender\u00eda de sus mejores figuras y ya el aficionado se sent\u00eda defraudado por la marcha de \u00abFelo\u00bb-Rafael Batista Hern\u00e1ndez y los rumores que corr\u00edan sobre Jorge Alberto \u00abLarraz\u00bb Camardelli, al conocerse mi traspaso al Real Betis Balompi\u00e9 sent\u00f3 bastante mal.<\/em><\/strong><\/p>\n<p style=\"text-align: left\"><strong>&#8211;\u00bfDej\u00f3 \u00abPep\u00edn\u00bb a gusto la UD Las Palmas?<\/strong><\/p>\n<p style=\"text-align: left\"><strong><em>&#8211;Deportivamente mi pase al Real Betis Balompi\u00e9 representaba un ascenso en mi carrera deportiva.\u00a0 Significaba seguir jugando en Primera y en uno de los conjuntos espa\u00f1oles de mayor prestigio.\u00a0 Por otro, no puedo ocultarlo, si sent\u00ed dejar aquello.\u00a0 He pertenecido a la Uni\u00f3n Deportiva Las Palmas nueve temporadas, tengo all\u00ed amigos, mi negocio, muchos lazos de uni\u00f3n que tengo que recordar.<\/em><\/strong><\/p>\n<p style=\"text-align: left\"><strong>&#8211;\u00bfTu mejor estapa futbol\u00edstica?<\/strong><\/p>\n<p style=\"text-align: left\"><strong><em>&#8211;Creo que desde que juego en Primera siempre he rendido a un mismo nivel.<\/em><\/strong><\/p>\n<p style=\"text-align: left\"><strong>&#8211;\u00bfTu mejor virtud?<\/strong><\/p>\n<p style=\"text-align: left\"><strong><em>&#8211;Seg\u00fan los t\u00e9cnicos, el dominio del \u00e1rea, mando sobre los compa\u00f1eros de la zaga, agilidad y reflejos.<\/em><\/strong><\/p>\n<p style=\"text-align: left\"><strong>&#8211;\u00bfLo crees tu as\u00ed?<\/strong><\/p>\n<p style=\"text-align: left\"><strong><em>&#8211;Opino que la regularidad es mi mejor cualidad.\u00a0 Por eso respond\u00eda antes desde que juego en Primera he rendido a un mismo nivel.<\/em><\/strong><\/p>\n<p style=\"text-align: left\"><strong>&#8211;\u00bfQu\u00e9 esperas en el Betis Balompi\u00e9?<\/strong><\/p>\n<p style=\"text-align: left\"><strong><em>&#8211;Responder a la confianza que el Club ha puesto en m\u00ed.<\/em><\/strong><\/p>\n<p style=\"text-align: left\"><strong>&#8211;\u00bfQu\u00e9 persigues?<\/strong><\/p>\n<p style=\"text-align: left\"><strong><em>&#8211;Triunfar, seguir manteniendo la consideraci\u00f3n que he merecido entre los p\u00fablicos espa\u00f1oles.<\/em><\/strong><\/p>\n<p style=\"text-align: left\"><strong>&#8211;\u00bfAnimado?<\/strong><\/p>\n<p style=\"text-align: left\"><strong><em>&#8211;Con la ilusi\u00f3n del que empieza ahora su carrera.<\/em><\/strong><\/p>\n<p style=\"text-align: left\"><strong>&#8211;\u00bfUna promesa?<\/strong><\/p>\n<p style=\"text-align: left\"><strong><em>&#8211;Hacer cuanto est\u00e9 de mi parte por ser \u00fatil al Real Betis Balompi\u00e9?<\/em><\/strong><\/p>\n<p style=\"text-align: left\">&#8212;<strong>Remata la intervi\u00fa&#8230;<\/strong><\/p>\n<p style=\"text-align: left\"><strong><em>&#8211;Mi saludo para la extraordinaria afici\u00f3n b\u00e9tica a trav\u00e9s de esta Revista VERDE Y BLANCO-Agosto 1960&#8243;.<\/em><em><\/em><em><\/em><em><\/em><\/strong><\/p>\n<p style=\"text-align: left\">\n","protected":false},"excerpt":{"rendered":"<p>Jos\u00e9 Casas Gris (a) PEP\u00cdN. Valencia, lunes 16-Noviembre-1931; Las Palmas de Gran Canaria,\u00a0 martes 12-Octubre-2010, 78 a\u00f1os. D. E. P. Empresario hostelero en Playa de Las Cantera; La Puntilla en d\u00f3nde ha vivido siempre.-Gerente del Real Club Victoria de Las Palmas. \u00abEn la baraja de ases futbol\u00edstica, un nombre que todos cotizan: PEP\u00cdN.\u00a0 Guardameta de&#8230;<\/p>\n","protected":false},"author":48,"featured_media":0,"comment_status":"open","ping_status":"open","sticky":false,"template":"","format":"standard","meta":{"_kad_post_transparent":"","_kad_post_title":"","_kad_post_layout":"","_kad_post_sidebar_id":"","_kad_post_content_style":"","_kad_post_vertical_padding":"","_kad_post_feature":"","_kad_post_feature_position":"","_kad_post_header":false,"_kad_post_footer":false,"_kad_post_classname":"","_jetpack_memberships_contains_paid_content":false,"footnotes":"","jetpack_publicize_message":"","jetpack_publicize_feature_enabled":true,"jetpack_social_post_already_shared":false,"jetpack_social_options":{"image_generator_settings":{"template":"highway","default_image_id":0,"font":"","enabled":false},"version":2}},"categories":[902,893],"tags":[1246,2664,1336],"class_list":["post-14251","post","type-post","status-publish","format-standard","hentry","category-1960-1969","category-jugadores-temas","tag-1246","tag-1960-61","tag-jose-casas-pepin"],"jetpack_publicize_connections":[],"jetpack_featured_media_url":"","jetpack_sharing_enabled":true,"jetpack_shortlink":"https:\/\/wp.me\/p1ij08-3HR","jetpack-related-posts":[],"_links":{"self":[{"href":"https:\/\/www.manquepierda.com\/historiarealbetis\/wp-json\/wp\/v2\/posts\/14251","targetHints":{"allow":["GET"]}}],"collection":[{"href":"https:\/\/www.manquepierda.com\/historiarealbetis\/wp-json\/wp\/v2\/posts"}],"about":[{"href":"https:\/\/www.manquepierda.com\/historiarealbetis\/wp-json\/wp\/v2\/types\/post"}],"author":[{"embeddable":true,"href":"https:\/\/www.manquepierda.com\/historiarealbetis\/wp-json\/wp\/v2\/users\/48"}],"replies":[{"embeddable":true,"href":"https:\/\/www.manquepierda.com\/historiarealbetis\/wp-json\/wp\/v2\/comments?post=14251"}],"version-history":[{"count":1,"href":"https:\/\/www.manquepierda.com\/historiarealbetis\/wp-json\/wp\/v2\/posts\/14251\/revisions"}],"predecessor-version":[{"id":99298,"href":"https:\/\/www.manquepierda.com\/historiarealbetis\/wp-json\/wp\/v2\/posts\/14251\/revisions\/99298"}],"wp:attachment":[{"href":"https:\/\/www.manquepierda.com\/historiarealbetis\/wp-json\/wp\/v2\/media?parent=14251"}],"wp:term":[{"taxonomy":"category","embeddable":true,"href":"https:\/\/www.manquepierda.com\/historiarealbetis\/wp-json\/wp\/v2\/categories?post=14251"},{"taxonomy":"post_tag","embeddable":true,"href":"https:\/\/www.manquepierda.com\/historiarealbetis\/wp-json\/wp\/v2\/tags?post=14251"}],"curies":[{"name":"wp","href":"https:\/\/api.w.org\/{rel}","templated":true}]}}