{"id":14336,"date":"2011-09-12T01:23:52","date_gmt":"2011-09-12T00:23:52","guid":{"rendered":"http:\/\/www.manquepierda.com\/historiarealbetis\/?p=14336"},"modified":"2024-08-28T12:12:05","modified_gmt":"2024-08-28T10:12:05","slug":"jose-rodriguez-caso-jimenez","status":"publish","type":"post","link":"https:\/\/www.manquepierda.com\/historiarealbetis\/jose-rodriguez-caso-jimenez\/","title":{"rendered":"Jos\u00e9 Rodr\u00edguez-Caso Jim\u00e9nez"},"content":{"rendered":"<p style=\"text-align: center\"><a href=\"https:\/\/i0.wp.com\/www.manquepierda.com\/historiarealbetis\/files\/2011\/09\/jos%C3%A9rodr%C3%ADguezcaso1.jpg?ssl=1\"><img data-recalc-dims=\"1\" loading=\"lazy\" decoding=\"async\" class=\"aligncenter size-full wp-image-14337\" src=\"https:\/\/i0.wp.com\/www.manquepierda.com\/historiarealbetis\/files\/2011\/09\/jos%C3%A9rodr%C3%ADguezcaso1.jpg?resize=78%2C127&#038;ssl=1\" alt=\"\" width=\"78\" height=\"127\" \/><\/a><\/p>\n<p style=\"text-align: left\"><strong><em>1917-1918.-Guardameta del Real Betis Balompi\u00e9.<\/em><\/strong><\/p>\n<p style=\"text-align: left\"><strong><em>1949-1950.-Secretario-Junta Directiva-Presidente don Pascual Aparicio Garc\u00eda.<\/em><\/strong><\/p>\n<p style=\"text-align: left\"><strong><em>1957-Noviembre.-Teniente Coronel de Artiller\u00eda; ingeniero industrial del Ej\u00e9rcito; presidente de la Federaci\u00f3n Regional de Boxeo; Vicepresidente provincial de la Asamblea Regional de la Cruz Roja y ex-presidente de la Federaci\u00f3n Andaluza de F\u00fatbol.<\/em><\/strong><\/p>\n<p style=\"text-align: left\"><strong>Sevilla, domingo 11-marzo-1900; viernes 30-junio-1961.-D. E. P.<\/strong><\/p>\n<p style=\"text-align: left\">Fuentes: ABC, R.M.D, M.C.R.<\/p>\n","protected":false},"excerpt":{"rendered":"<p>1917-1918.-Guardameta del Real Betis Balompi\u00e9. 1949-1950.-Secretario-Junta Directiva-Presidente don Pascual Aparicio Garc\u00eda. 1957-Noviembre.-Teniente Coronel de Artiller\u00eda; ingeniero industrial del Ej\u00e9rcito; presidente de la Federaci\u00f3n Regional de Boxeo; Vicepresidente provincial de la Asamblea Regional de la Cruz Roja y ex-presidente de la Federaci\u00f3n Andaluza de F\u00fatbol. Sevilla, domingo 11-marzo-1900; viernes 30-junio-1961.-D. E. P. Fuentes: ABC, R.M.D, M.C.R.<\/p>\n","protected":false},"author":48,"featured_media":0,"comment_status":"open","ping_status":"open","sticky":false,"template":"","format":"standard","meta":{"_kad_post_transparent":"","_kad_post_title":"","_kad_post_layout":"","_kad_post_sidebar_id":"","_kad_post_content_style":"","_kad_post_vertical_padding":"","_kad_post_feature":"","_kad_post_feature_position":"","_kad_post_header":false,"_kad_post_footer":false,"_kad_post_classname":"","_jetpack_memberships_contains_paid_content":false,"footnotes":"","jetpack_publicize_message":"","jetpack_publicize_feature_enabled":true,"jetpack_social_post_already_shared":false,"jetpack_social_options":{"image_generator_settings":{"template":"highway","default_image_id":0,"font":"","enabled":false},"version":2}},"categories":[896,900,891,893],"tags":[3426],"class_list":["post-14336","post","type-post","status-publish","format-standard","hentry","category-1908-1919","category-1940-1949","category-directivos-temas","category-jugadores-temas","tag-jose-rodriguez-caso-jimenez"],"jetpack_publicize_connections":[],"jetpack_featured_media_url":"","jetpack_sharing_enabled":true,"jetpack_shortlink":"https:\/\/wp.me\/p1ij08-3Je","jetpack-related-posts":[],"_links":{"self":[{"href":"https:\/\/www.manquepierda.com\/historiarealbetis\/wp-json\/wp\/v2\/posts\/14336","targetHints":{"allow":["GET"]}}],"collection":[{"href":"https:\/\/www.manquepierda.com\/historiarealbetis\/wp-json\/wp\/v2\/posts"}],"about":[{"href":"https:\/\/www.manquepierda.com\/historiarealbetis\/wp-json\/wp\/v2\/types\/post"}],"author":[{"embeddable":true,"href":"https:\/\/www.manquepierda.com\/historiarealbetis\/wp-json\/wp\/v2\/users\/48"}],"replies":[{"embeddable":true,"href":"https:\/\/www.manquepierda.com\/historiarealbetis\/wp-json\/wp\/v2\/comments?post=14336"}],"version-history":[{"count":1,"href":"https:\/\/www.manquepierda.com\/historiarealbetis\/wp-json\/wp\/v2\/posts\/14336\/revisions"}],"predecessor-version":[{"id":98072,"href":"https:\/\/www.manquepierda.com\/historiarealbetis\/wp-json\/wp\/v2\/posts\/14336\/revisions\/98072"}],"wp:attachment":[{"href":"https:\/\/www.manquepierda.com\/historiarealbetis\/wp-json\/wp\/v2\/media?parent=14336"}],"wp:term":[{"taxonomy":"category","embeddable":true,"href":"https:\/\/www.manquepierda.com\/historiarealbetis\/wp-json\/wp\/v2\/categories?post=14336"},{"taxonomy":"post_tag","embeddable":true,"href":"https:\/\/www.manquepierda.com\/historiarealbetis\/wp-json\/wp\/v2\/tags?post=14336"}],"curies":[{"name":"wp","href":"https:\/\/api.w.org\/{rel}","templated":true}]}}