{"id":14397,"date":"2011-09-17T06:36:59","date_gmt":"2011-09-17T05:36:59","guid":{"rendered":"http:\/\/www.manquepierda.com\/historiarealbetis\/?p=14397"},"modified":"2024-08-27T23:52:44","modified_gmt":"2024-08-27T21:52:44","slug":"la-seleccion-y-los-clubs-1930-1940-parte-2%c2%aa","status":"publish","type":"post","link":"https:\/\/www.manquepierda.com\/historiarealbetis\/la-seleccion-y-los-clubs-1930-1940-parte-2%c2%aa\/","title":{"rendered":"La selecci\u00f3n y los clubs 1930-1940 (Parte 2\u00aa)"},"content":{"rendered":"<p>&nbsp;<\/p>\n<figure id=\"attachment_14404\" aria-describedby=\"caption-attachment-14404\" style=\"width: 507px\" class=\"wp-caption aligncenter\"><a href=\"https:\/\/i0.wp.com\/www.manquepierda.com\/historiarealbetis\/files\/2011\/09\/1935-05-12-Selecci%C3%B3n-Lecue-y-Areso.jpg?ssl=1\"><img data-recalc-dims=\"1\" loading=\"lazy\" decoding=\"async\" class=\"size-full wp-image-14404\" src=\"https:\/\/i0.wp.com\/www.manquepierda.com\/historiarealbetis\/files\/2011\/09\/1935-05-12-Selecci%C3%B3n-Lecue-y-Areso.jpg?resize=507%2C597&#038;ssl=1\" alt=\"\" width=\"507\" height=\"597\" \/><\/a><figcaption id=\"caption-attachment-14404\" class=\"wp-caption-text\">Fuente: Cr\u00f3nica 12 de Mayo de 1935<\/figcaption><\/figure>\n<p>El periodo 1930-40 est\u00e1 marcado por\u00a0 la ruptura que la guerra civil y el exilio produjeron en el f\u00fatbol espa\u00f1ol. Es posible que la primera mitad de los a\u00f1os 30 sea uno de los periodos de m\u00e1s calidad en el juego, con una gran profusi\u00f3n de magn\u00edficos jugadores. Un periodo que termin\u00f3 bruscamente con la interrupci\u00f3n durante 3 a\u00f1os de las competiciones oficiales, y que al reanudarse en 1939 sufri\u00f3 las consecuencias de la contienda b\u00e9lica: clubs desorganizados, campos destrozados, jugadores exilliados, etc<\/p>\n<p>A lo largo de las 6 temporadas que transcurren entre 1930 y 1936 se disputan 22 encuentros internacionales, destacando la primera participaci\u00f3n en un Campeonato Mundial: en 1934 en Italia, donde la selecci\u00f3n fue eliminada tras un dur\u00edsimo y pol\u00e9mico enfrentamiento con el pa\u00eds organizador.<\/p>\n<p>Es el Real Madrid el club que m\u00e1s jugadores aporta durante la d\u00e9cada, con 67 jugadores.\u00a0 Observemos el conjunto total del periodo 1930-1940:<\/p>\n<p>Real Madrid 67<\/p>\n<p>Athletic Club 63<\/p>\n<p>Barcelona 36<\/p>\n<p>Oviedo 19<\/p>\n<p>Espa\u00f1ol 12<\/p>\n<p>Betis 11<\/p>\n<p>Athletic de Madrid 10<\/p>\n<p>Real Sociedad 10<\/p>\n<p>Sevilla 9<\/p>\n<p>Alav\u00e9s 6<\/p>\n<p>Real Uni\u00f3n 6<\/p>\n<p>Arenas de Guecho 2<\/p>\n<p>Celta 2<\/p>\n<p>Racing de Santander 2<\/p>\n<p>Valencia 1<\/p>\n<p>Podemos comprobar que por primera vez aparecen jugadores del Betis en la selecci\u00f3n. Ser\u00e1 Sim\u00f3n Lecue el primer internacional b\u00e9tico, al debutar en el Mundial de Italia en G\u00e9nova contra Brasil.<\/p>\n<figure id=\"attachment_14399\" aria-describedby=\"caption-attachment-14399\" style=\"width: 283px\" class=\"wp-caption aligncenter\"><a href=\"https:\/\/i0.wp.com\/www.manquepierda.com\/historiarealbetis\/files\/2011\/09\/1934-05-27-Selecci%C3%B3n-espa%C3%B1ola.jpg?ssl=1\"><img data-recalc-dims=\"1\" loading=\"lazy\" decoding=\"async\" class=\"size-medium wp-image-14399\" src=\"https:\/\/i0.wp.com\/www.manquepierda.com\/historiarealbetis\/files\/2011\/09\/1934-05-27-Selecci%C3%B3n-espa%C3%B1ola-283x300.jpg?resize=283%2C300&#038;ssl=1\" alt=\"\" width=\"283\" height=\"300\" \/><\/a><figcaption id=\"caption-attachment-14399\" class=\"wp-caption-text\">Fuente: Cr\u00f3nica 27 de Mayo de 1934<\/figcaption><\/figure>\n<p>A continuaci\u00f3n Lecue jug\u00f3 el partido de desempate con Italia en Florencia el 1 de Junio con victoria italiana y eliminaci\u00f3n espa\u00f1ola.<\/p>\n<p>El 24 de Enero de 1935 en Chamart\u00edn contra Francia son otros 2 jugadores b\u00e9ticos los que debutan: Pedro Areso y Seraf\u00edn Aedo, que forman, junto a Zamora, el tr\u00edo defensivo del equipo.<\/p>\n<figure id=\"attachment_14400\" aria-describedby=\"caption-attachment-14400\" style=\"width: 300px\" class=\"wp-caption aligncenter\"><a href=\"https:\/\/i0.wp.com\/www.manquepierda.com\/historiarealbetis\/files\/2011\/09\/Espa%C3%B1a-Francia-ABC-25-1-1935.jpg?ssl=1\"><img data-recalc-dims=\"1\" loading=\"lazy\" decoding=\"async\" class=\"size-medium wp-image-14400\" src=\"https:\/\/i0.wp.com\/www.manquepierda.com\/historiarealbetis\/files\/2011\/09\/Espa%C3%B1a-Francia-ABC-25-1-1935-300x198.jpg?resize=300%2C198&#038;ssl=1\" alt=\"\" width=\"300\" height=\"198\" \/><\/a><figcaption id=\"caption-attachment-14400\" class=\"wp-caption-text\">Fuente: ABC 25 de Enero de 1935<\/figcaption><\/figure>\n<p>Contra Portugal en Lisboa el 5 de Mayo de 1935 juegan Areso y Lecue, que repiten conta Alemania en Colonia el 12 de Mayo de 1935.<\/p>\n<p>En la temporada 1935-36 el 23 de Febrero de 1936 en Barcelona contra Alemania juega Aedo, quien tambien lo hace contra Checoslovaquia en Praga el 26 de Abril y contra Suiza en Berna el 3 de Mayo, en lo que ser\u00eda el \u00faltimo partido de selecci\u00f3n de la Espa\u00f1a republicana<\/p>\n<figure id=\"attachment_14401\" aria-describedby=\"caption-attachment-14401\" style=\"width: 300px\" class=\"wp-caption aligncenter\"><a href=\"https:\/\/i0.wp.com\/www.manquepierda.com\/historiarealbetis\/files\/2011\/09\/SELECCION-REPUBLICA-Suiza-1936.jpg?ssl=1\"><img data-recalc-dims=\"1\" loading=\"lazy\" decoding=\"async\" class=\"size-medium wp-image-14401\" src=\"https:\/\/i0.wp.com\/www.manquepierda.com\/historiarealbetis\/files\/2011\/09\/SELECCION-REPUBLICA-Suiza-1936.jpg?resize=300%2C184&#038;ssl=1\" alt=\"\" width=\"300\" height=\"184\" srcset=\"https:\/\/i0.wp.com\/www.manquepierda.com\/historiarealbetis\/files\/2011\/09\/SELECCION-REPUBLICA-Suiza-1936.jpg?resize=300%2C184&amp;ssl=1 300w, https:\/\/i0.wp.com\/www.manquepierda.com\/historiarealbetis\/files\/2011\/09\/SELECCION-REPUBLICA-Suiza-1936.jpg?w=320&amp;ssl=1 320w\" sizes=\"auto, (max-width: 300px) 100vw, 300px\" \/><\/a><figcaption id=\"caption-attachment-14401\" class=\"wp-caption-text\">3 de Mayo de 1936 Suiza 0 Espa\u00f1a 2<\/figcaption><\/figure>\n<p>Durante la guerra la Espa\u00f1a franquista jug\u00f3 2 partidos amistosos contra Portugal en Vigo y Lisboa. Estos encuentros, en los que se impuso el equipo portugu\u00e9s, no son reconocidos\u00a0 por la FIFA, por lo que no tienen categor\u00eda de encuentros oficiales. En el segundo de ellos particip\u00f3 un jugador b\u00e9tico:\u00a0 Jos\u00e9 Su\u00e1rez \u00abPeral\u00bb.<\/p>\n<p>&nbsp;<\/p>\n<p>Si analizamos los 10 primeros equipos desde el inicio de la selecci\u00f3n espa\u00f1ola en 1920 la clasificaci\u00f3n es la siguiente:<\/p>\n<table border=\"0\" width=\"171\" cellspacing=\"0\" cellpadding=\"0\">\n<tbody>\n<tr>\n<td width=\"91\" height=\"17\">Ath.Bilbao<\/td>\n<td width=\"80\">116<\/td>\n<\/tr>\n<tr>\n<td height=\"17\">Real Madrid<\/td>\n<td>106<\/td>\n<\/tr>\n<tr>\n<td height=\"17\">Barcelona<\/td>\n<td>86<\/td>\n<\/tr>\n<tr>\n<td height=\"17\">Espa\u00f1ol<\/td>\n<td>61<\/td>\n<\/tr>\n<tr>\n<td height=\"17\">Real Sociedad<\/td>\n<td>51<\/td>\n<\/tr>\n<tr>\n<td height=\"17\">Real Uni\u00f3n<\/td>\n<td>49<\/td>\n<\/tr>\n<tr>\n<td height=\"17\">Arenas<\/td>\n<td>47<\/td>\n<\/tr>\n<tr>\n<td height=\"17\">Oviedo<\/td>\n<td>19<\/td>\n<\/tr>\n<tr>\n<td height=\"17\">Atco.Madrid<\/td>\n<td>19<\/td>\n<\/tr>\n<tr>\n<td height=\"17\">Alav\u00e9s<\/td>\n<td>19<\/td>\n<\/tr>\n<\/tbody>\n<\/table>\n","protected":false},"excerpt":{"rendered":"<p>&nbsp; El periodo 1930-40 est\u00e1 marcado por\u00a0 la ruptura que la guerra civil y el exilio produjeron en el f\u00fatbol espa\u00f1ol. Es posible que la primera mitad de los a\u00f1os 30 sea uno de los periodos de m\u00e1s calidad en el juego, con una gran profusi\u00f3n de magn\u00edficos jugadores. Un periodo que termin\u00f3 bruscamente con&#8230;<\/p>\n","protected":false},"author":5,"featured_media":14404,"comment_status":"open","ping_status":"open","sticky":false,"template":"","format":"standard","meta":{"_kad_post_transparent":"","_kad_post_title":"","_kad_post_layout":"","_kad_post_sidebar_id":"","_kad_post_content_style":"","_kad_post_vertical_padding":"","_kad_post_feature":"","_kad_post_feature_position":"","_kad_post_header":false,"_kad_post_footer":false,"_kad_post_classname":"","_jetpack_memberships_contains_paid_content":false,"footnotes":"","jetpack_publicize_message":"","jetpack_publicize_feature_enabled":true,"jetpack_social_post_already_shared":false,"jetpack_social_options":{"image_generator_settings":{"template":"highway","default_image_id":0,"font":"","enabled":false},"version":2}},"categories":[906],"tags":[1016,1586,1017,1043],"class_list":["post-14397","post","type-post","status-publish","format-standard","has-post-thumbnail","hentry","category-investigacion-temas","tag-pedro-areso","tag-seleccion-espanola","tag-serafin-aedo","tag-simon-lecue"],"jetpack_publicize_connections":[],"jetpack_featured_media_url":"https:\/\/i0.wp.com\/www.manquepierda.com\/historiarealbetis\/files\/2011\/09\/1935-05-12-Selecci%C3%B3n-Lecue-y-Areso.jpg?fit=507%2C597&ssl=1","jetpack_sharing_enabled":true,"jetpack_shortlink":"https:\/\/wp.me\/p1ij08-3Kd","jetpack-related-posts":[],"_links":{"self":[{"href":"https:\/\/www.manquepierda.com\/historiarealbetis\/wp-json\/wp\/v2\/posts\/14397","targetHints":{"allow":["GET"]}}],"collection":[{"href":"https:\/\/www.manquepierda.com\/historiarealbetis\/wp-json\/wp\/v2\/posts"}],"about":[{"href":"https:\/\/www.manquepierda.com\/historiarealbetis\/wp-json\/wp\/v2\/types\/post"}],"author":[{"embeddable":true,"href":"https:\/\/www.manquepierda.com\/historiarealbetis\/wp-json\/wp\/v2\/users\/5"}],"replies":[{"embeddable":true,"href":"https:\/\/www.manquepierda.com\/historiarealbetis\/wp-json\/wp\/v2\/comments?post=14397"}],"version-history":[{"count":1,"href":"https:\/\/www.manquepierda.com\/historiarealbetis\/wp-json\/wp\/v2\/posts\/14397\/revisions"}],"predecessor-version":[{"id":98017,"href":"https:\/\/www.manquepierda.com\/historiarealbetis\/wp-json\/wp\/v2\/posts\/14397\/revisions\/98017"}],"wp:featuredmedia":[{"embeddable":true,"href":"https:\/\/www.manquepierda.com\/historiarealbetis\/wp-json\/wp\/v2\/media\/14404"}],"wp:attachment":[{"href":"https:\/\/www.manquepierda.com\/historiarealbetis\/wp-json\/wp\/v2\/media?parent=14397"}],"wp:term":[{"taxonomy":"category","embeddable":true,"href":"https:\/\/www.manquepierda.com\/historiarealbetis\/wp-json\/wp\/v2\/categories?post=14397"},{"taxonomy":"post_tag","embeddable":true,"href":"https:\/\/www.manquepierda.com\/historiarealbetis\/wp-json\/wp\/v2\/tags?post=14397"}],"curies":[{"name":"wp","href":"https:\/\/api.w.org\/{rel}","templated":true}]}}