{"id":14446,"date":"2011-09-14T15:24:49","date_gmt":"2011-09-14T14:24:49","guid":{"rendered":"http:\/\/www.manquepierda.com\/historiarealbetis\/?p=14446"},"modified":"2024-09-01T12:24:56","modified_gmt":"2024-09-01T10:24:56","slug":"1928-noviembre-17-sabado-obsequio-bandera-verdiblanca","status":"publish","type":"post","link":"https:\/\/www.manquepierda.com\/historiarealbetis\/1928-noviembre-17-sabado-obsequio-bandera-verdiblanca\/","title":{"rendered":"1928-Noviembre 17 s\u00e1bado.-Obsequio Bandera Verdiblanca"},"content":{"rendered":"<p style=\"text-align: center\"><a href=\"https:\/\/i0.wp.com\/www.manquepierda.com\/historiarealbetis\/files\/2011\/09\/escanear0024.jpg?ssl=1\"><img data-recalc-dims=\"1\" loading=\"lazy\" decoding=\"async\" class=\"aligncenter size-full wp-image-14447\" src=\"https:\/\/i0.wp.com\/www.manquepierda.com\/historiarealbetis\/files\/2011\/09\/escanear0024.jpg?resize=206%2C121&#038;ssl=1\" alt=\"\" width=\"206\" height=\"121\" \/><\/a><\/p>\n<p style=\"text-align: center\"><strong><em>ATENEO DE SEVILLA.-Jovenes literatos-Revista Mediod\u00eda.<br \/>\n<\/em><\/strong><\/p>\n<p style=\"text-align: left\">\u00abLAS CENAS \u00abSUPERREALISTAS\u00bb DE LA REVISTA MEDIOD\u00cdA\u00bb.-El s\u00e1bado 17 de noviembre de 1928, \u00abMediod\u00eda\u00bb cit\u00f3 a sus amigos en torno a un pintor de Sevilla.<\/p>\n<p style=\"text-align: left\">Estupenda ciudad que sigue apurando las antiguas ubres, sin j\u00f3venes pinceles orientados hacia la cuarta dimensi\u00f3n.<\/p>\n<p style=\"text-align: left\">Pablo Sebasti\u00e1n Casals, ha sido el primer rompehielos de la calma bienaventurada y castiza.<\/p>\n<p style=\"text-align: left\">Present\u00f3 en el Concurso de carteles, convocado por el Ayuntamiento para elegir el anuncio oficial de la Primavera de 1929-Semana Santa, Feria y Exposici\u00f3n&#8211;, una figura inadmisible.\u00a0 Naturalmente fue descalificado.<\/p>\n<p style=\"text-align: left\">No centr\u00f3se el \u00abafiche\u00bb de Sebasti\u00e1n Casals en la representaci\u00f3n de Sevilla usual:\u00a0 la mujer, m\u00e1s o menos triste, m\u00e1s o menos alegre;\u00a0 present\u00f3 un \u00e1ngel mozo sonando la trompeta de la dalm\u00e1tica cofradiera.<\/p>\n<p style=\"text-align: left\">Descansando en el suelo la palma del Domingo de Ramos, encaje vegetal, orfebrer\u00eda de oriente y sol.<\/p>\n<p style=\"text-align: left\">Las vestiduras de colores s\u00f3lidos y lit\u00fargicos, las carnes de regalo y pan y torta, reflejo de horno, dulce cuaresmal, morena de altar y de siglos.<\/p>\n<p style=\"text-align: left\">Al fondo, las palmas de los reflectores, el cine de la ciudad, rayada de torres, abanicos el\u00e9ctricos, fiesta, certamen, industria y faustos fuegos de dos continentes&#8230;<\/p>\n<p style=\"text-align: left\">Por esto solo, por su postura, el pintor joven Pablo Sebasti\u00e1n se vi\u00f3 la noche del 17 de noviembre rodeado de amigos y de alegr\u00eda.<\/p>\n<p style=\"text-align: left\">Lo de \u00abCena Superrealista\u00bb se puso para despistar.<\/p>\n<p style=\"text-align: left\"><strong>&#8211;Aqu\u00ed viven quienes nos llaman ultra\u00edstas y hasta \u00a1\u00a1 modernistas \u00a1\u00a1&#8211;. Los platos entraron en la sala<em> conducidos por camareros equipiers,\u00a0 a una se\u00f1al de l\u00edneman&#8211;bandera blanquiverde de B\u00e9tis, obsequio de S\u00e1nchez Mej\u00edas&#8211;y silbato de referee.<\/em><\/strong><\/p>\n<p style=\"text-align: left\">Las adhesiones y comentarios se leyeron entre manjar y manjar.\u00a0 Recibi\u00e9ronse telegramas sentidos de Picasso, <strong><em><\/em><\/strong>Vel\u00e1zquez, Goya, Foujita, <strong><em>y uno casi verde , de amarillo, del Greco.<\/em><\/strong><\/p>\n<p style=\"text-align: center\">Se leyeron an\u00edmos de di\u00e1fana atribuci\u00f3n.<\/p>\n<p style=\"text-align: left\">Entre los minutos de silencio,\u00a0 recordamos <strong><em><\/em><\/strong>los dedicados a M\u00e9ndez Bringa, Regidor, Salaverr\u00eda, Lozano Sidro, D\u00edaz Huerta y otros predilectos del obsequiado.<\/p>\n<p style=\"text-align: left\">Hubo un largo minuto de algarab\u00eda en loor del inquieto cr\u00edtico de arte y oficio, D. Melit\u00f3n Gonz\u00e1lez.<\/p>\n<p style=\"text-align: left\"><strong><em>Joaqu\u00edn Romero Murube hizo un brindis original y alborozado.<\/em><\/strong><\/p>\n<p style=\"text-align: left\">Antonio N\u00fa\u00f1ez, unas consideraciones <strong><em><\/em><\/strong>sobre el est\u00f3mago.<\/p>\n<p style=\"text-align: left\">Juan Sierra, \u00e9l solo comisi\u00f3n organizadora, ofreci\u00f3 el acto con respetables t\u00f3picos.<\/p>\n<p style=\"text-align: left\"><strong><em>Y Ram\u00f3n Porlan y Merlo traz\u00f3 una biograf\u00eda del pintor al gusto espa\u00f1ol, que coron\u00f3 el entusiasmo de los comensales.<\/em><\/strong><\/p>\n<p style=\"text-align: left\">Al fin, Pablo Sebasti\u00e1n Casals, con sencillez y sinceridad, hizo su acci\u00f3n de gracias.<\/p>\n<p style=\"text-align: left\">Todo el acto estuvo ribeteado por las pitadas de los asistentes, que fueron provistos con la debida antelaci\u00f3n de potentes silbatos.<\/p>\n<p style=\"text-align: left\">Fuente: \u00abLa Gaceta Literaria\u00bb de Madrid.-Alejandro Collantes de Ter\u00e1n (contrajo matrimonio con una hermana de Pablo Sebasti\u00e1n, Mar\u00eda Teresa).<\/p>\n","protected":false},"excerpt":{"rendered":"<p>ATENEO DE SEVILLA.-Jovenes literatos-Revista Mediod\u00eda. \u00abLAS CENAS \u00abSUPERREALISTAS\u00bb DE LA REVISTA MEDIOD\u00cdA\u00bb.-El s\u00e1bado 17 de noviembre de 1928, \u00abMediod\u00eda\u00bb cit\u00f3 a sus amigos en torno a un pintor de Sevilla. Estupenda ciudad que sigue apurando las antiguas ubres, sin j\u00f3venes pinceles orientados hacia la cuarta dimensi\u00f3n. Pablo Sebasti\u00e1n Casals, ha sido el primer rompehielos de&#8230;<\/p>\n","protected":false},"author":48,"featured_media":0,"comment_status":"open","ping_status":"open","sticky":false,"template":"","format":"standard","meta":{"_kad_post_transparent":"","_kad_post_title":"","_kad_post_layout":"","_kad_post_sidebar_id":"","_kad_post_content_style":"","_kad_post_vertical_padding":"","_kad_post_feature":"","_kad_post_feature_position":"","_kad_post_header":false,"_kad_post_footer":false,"_kad_post_classname":"","_jetpack_memberships_contains_paid_content":false,"footnotes":"","jetpack_publicize_message":"","jetpack_publicize_feature_enabled":true,"jetpack_social_post_already_shared":false,"jetpack_social_options":{"image_generator_settings":{"template":"highway","default_image_id":0,"font":"","enabled":false},"version":2}},"categories":[898,894],"tags":[2499,3516,1701,3513,1919,3515],"class_list":["post-14446","post","type-post","status-publish","format-standard","hentry","category-1920-1929","category-la-aficion","tag-2499","tag-homenaje-pablo-sebastian-casals","tag-ignacio-sanchez-mejias","tag-joaquin-romero-murube","tag-ramon-porlan-y-merlo","tag-revista-mediodia"],"jetpack_publicize_connections":[],"jetpack_featured_media_url":"","jetpack_sharing_enabled":true,"jetpack_shortlink":"https:\/\/wp.me\/p1ij08-3L0","jetpack-related-posts":[],"_links":{"self":[{"href":"https:\/\/www.manquepierda.com\/historiarealbetis\/wp-json\/wp\/v2\/posts\/14446","targetHints":{"allow":["GET"]}}],"collection":[{"href":"https:\/\/www.manquepierda.com\/historiarealbetis\/wp-json\/wp\/v2\/posts"}],"about":[{"href":"https:\/\/www.manquepierda.com\/historiarealbetis\/wp-json\/wp\/v2\/types\/post"}],"author":[{"embeddable":true,"href":"https:\/\/www.manquepierda.com\/historiarealbetis\/wp-json\/wp\/v2\/users\/48"}],"replies":[{"embeddable":true,"href":"https:\/\/www.manquepierda.com\/historiarealbetis\/wp-json\/wp\/v2\/comments?post=14446"}],"version-history":[{"count":1,"href":"https:\/\/www.manquepierda.com\/historiarealbetis\/wp-json\/wp\/v2\/posts\/14446\/revisions"}],"predecessor-version":[{"id":98424,"href":"https:\/\/www.manquepierda.com\/historiarealbetis\/wp-json\/wp\/v2\/posts\/14446\/revisions\/98424"}],"wp:attachment":[{"href":"https:\/\/www.manquepierda.com\/historiarealbetis\/wp-json\/wp\/v2\/media?parent=14446"}],"wp:term":[{"taxonomy":"category","embeddable":true,"href":"https:\/\/www.manquepierda.com\/historiarealbetis\/wp-json\/wp\/v2\/categories?post=14446"},{"taxonomy":"post_tag","embeddable":true,"href":"https:\/\/www.manquepierda.com\/historiarealbetis\/wp-json\/wp\/v2\/tags?post=14446"}],"curies":[{"name":"wp","href":"https:\/\/api.w.org\/{rel}","templated":true}]}}