{"id":14576,"date":"2012-07-21T16:00:48","date_gmt":"2012-07-21T15:00:48","guid":{"rendered":"http:\/\/www.manquepierda.com\/historiarealbetis\/?p=14576"},"modified":"2024-08-28T11:47:34","modified_gmt":"2024-08-28T09:47:34","slug":"alineacion-betis-real-madrid-copa-1944","status":"publish","type":"post","link":"https:\/\/www.manquepierda.com\/historiarealbetis\/alineacion-betis-real-madrid-copa-1944\/","title":{"rendered":"Alineaci\u00f3n Real Betis-Real Madrid Copa 1944"},"content":{"rendered":"<p>&nbsp;<\/p>\n<figure id=\"attachment_34546\" aria-describedby=\"caption-attachment-34546\" style=\"width: 680px\" class=\"wp-caption aligncenter\"><a href=\"https:\/\/www.manquepierda.com\/historiarealbetis\/14576-alineacion-betis-real-madrid-copa-1944\/alineacion-betis-madrid-copa-1944-nmp-marca-9-5-1944\/\" rel=\"attachment wp-att-34546\"><img data-recalc-dims=\"1\" loading=\"lazy\" decoding=\"async\" class=\"size-medium wp-image-34546\" src=\"https:\/\/i0.wp.com\/www.manquepierda.com\/historiarealbetis\/files\/2012\/07\/Alineaci%C3%B3n-Betis-Madrid-Copa-1944-NMP.-Marca-9-5-1944.jpg?resize=680%2C396&#038;ssl=1\" alt=\"Fuente: Marca 9 de mayo de 1944\" width=\"680\" height=\"396\" srcset=\"https:\/\/i0.wp.com\/www.manquepierda.com\/historiarealbetis\/files\/2012\/07\/Alineaci%C3%B3n-Betis-Madrid-Copa-1944-NMP.-Marca-9-5-1944.jpg?resize=680%2C396&amp;ssl=1 680w, https:\/\/i0.wp.com\/www.manquepierda.com\/historiarealbetis\/files\/2012\/07\/Alineaci%C3%B3n-Betis-Madrid-Copa-1944-NMP.-Marca-9-5-1944.jpg?resize=220%2C128&amp;ssl=1 220w, https:\/\/i0.wp.com\/www.manquepierda.com\/historiarealbetis\/files\/2012\/07\/Alineaci%C3%B3n-Betis-Madrid-Copa-1944-NMP.-Marca-9-5-1944.jpg?resize=960%2C559&amp;ssl=1 960w, https:\/\/i0.wp.com\/www.manquepierda.com\/historiarealbetis\/files\/2012\/07\/Alineaci%C3%B3n-Betis-Madrid-Copa-1944-NMP.-Marca-9-5-1944.jpg?w=1161&amp;ssl=1 1161w\" sizes=\"auto, (max-width: 680px) 100vw, 680px\" \/><\/a><figcaption id=\"caption-attachment-34546\" class=\"wp-caption-text\">Fuente: Marca 9 de mayo de 1944<\/figcaption><\/figure>\n<p>7 de Mayo de 1944 en Heli\u00f3polis\u00a0 Betis 1 Real Madrid 4;\u00a0 partido de vuelta de los dieciseisavos de Copa<\/p>\n<p>&nbsp;<\/p>\n<p>En la imagen arriba: Pitilo, Mariano, Greus, Besc\u00f3s, Coll, Guillam\u00f3n, Mariages y Saro; abajo: Rold\u00e1n, Cabezas y Pineda.<\/p>\n<p>&nbsp;<\/p>\n<p>El Madrid se impuso con facilidad en un partido bronco y pol\u00e9mico, El tanto b\u00e9tico fue obra de Pineda.<\/p>\n","protected":false},"excerpt":{"rendered":"<p>&nbsp; 7 de Mayo de 1944 en Heli\u00f3polis\u00a0 Betis 1 Real Madrid 4;\u00a0 partido de vuelta de los dieciseisavos de Copa &nbsp; En la imagen arriba: Pitilo, Mariano, Greus, Besc\u00f3s, Coll, Guillam\u00f3n, Mariages y Saro; abajo: Rold\u00e1n, Cabezas y Pineda. &nbsp; El Madrid se impuso con facilidad en un partido bronco y pol\u00e9mico, El tanto&#8230;<\/p>\n","protected":false},"author":5,"featured_media":34546,"comment_status":"open","ping_status":"open","sticky":false,"template":"","format":"standard","meta":{"_kad_post_transparent":"","_kad_post_title":"","_kad_post_layout":"","_kad_post_sidebar_id":"","_kad_post_content_style":"","_kad_post_vertical_padding":"","_kad_post_feature":"","_kad_post_feature_position":"","_kad_post_header":false,"_kad_post_footer":false,"_kad_post_classname":"","_jetpack_memberships_contains_paid_content":false,"footnotes":"","jetpack_publicize_message":"","jetpack_publicize_feature_enabled":true,"jetpack_social_post_already_shared":false,"jetpack_social_options":{"image_generator_settings":{"template":"highway","default_image_id":0,"font":"","enabled":false},"version":2}},"categories":[900,1],"tags":[2481,1203,1041,1426,1057,17999,1934,1932,2651,2652,1079,2532,564,1496,13362],"class_list":["post-14576","post","type-post","status-publish","format-standard","has-post-thumbnail","hentry","category-1940-1949","category-portada","tag-1943-44","tag-1203","tag-alfredo-greus","tag-angel-dominguez-pitilo","tag-angel-martin-saro","tag-copa-1943-44","tag-enrique-bescos","tag-guillermo-coll","tag-joaquin-guillamon","tag-jose-maria-mariages","tag-jose-pineda","tag-luis-garcia-cabezas","tag-mariano-sanchez","tag-ramon-blanco-roldan","tag-real-madrid-cf"],"jetpack_publicize_connections":[],"jetpack_featured_media_url":"https:\/\/i0.wp.com\/www.manquepierda.com\/historiarealbetis\/files\/2012\/07\/Alineaci%C3%B3n-Betis-Madrid-Copa-1944-NMP.-Marca-9-5-1944.jpg?fit=1161%2C677&ssl=1","jetpack_sharing_enabled":true,"jetpack_shortlink":"https:\/\/wp.me\/p1ij08-3N6","jetpack-related-posts":[],"_links":{"self":[{"href":"https:\/\/www.manquepierda.com\/historiarealbetis\/wp-json\/wp\/v2\/posts\/14576","targetHints":{"allow":["GET"]}}],"collection":[{"href":"https:\/\/www.manquepierda.com\/historiarealbetis\/wp-json\/wp\/v2\/posts"}],"about":[{"href":"https:\/\/www.manquepierda.com\/historiarealbetis\/wp-json\/wp\/v2\/types\/post"}],"author":[{"embeddable":true,"href":"https:\/\/www.manquepierda.com\/historiarealbetis\/wp-json\/wp\/v2\/users\/5"}],"replies":[{"embeddable":true,"href":"https:\/\/www.manquepierda.com\/historiarealbetis\/wp-json\/wp\/v2\/comments?post=14576"}],"version-history":[{"count":1,"href":"https:\/\/www.manquepierda.com\/historiarealbetis\/wp-json\/wp\/v2\/posts\/14576\/revisions"}],"predecessor-version":[{"id":96688,"href":"https:\/\/www.manquepierda.com\/historiarealbetis\/wp-json\/wp\/v2\/posts\/14576\/revisions\/96688"}],"wp:featuredmedia":[{"embeddable":true,"href":"https:\/\/www.manquepierda.com\/historiarealbetis\/wp-json\/wp\/v2\/media\/34546"}],"wp:attachment":[{"href":"https:\/\/www.manquepierda.com\/historiarealbetis\/wp-json\/wp\/v2\/media?parent=14576"}],"wp:term":[{"taxonomy":"category","embeddable":true,"href":"https:\/\/www.manquepierda.com\/historiarealbetis\/wp-json\/wp\/v2\/categories?post=14576"},{"taxonomy":"post_tag","embeddable":true,"href":"https:\/\/www.manquepierda.com\/historiarealbetis\/wp-json\/wp\/v2\/tags?post=14576"}],"curies":[{"name":"wp","href":"https:\/\/api.w.org\/{rel}","templated":true}]}}