{"id":14713,"date":"2011-09-28T16:07:56","date_gmt":"2011-09-28T14:07:56","guid":{"rendered":"http:\/\/www.manquepierda.com\/historiarealbetis\/?p=14713"},"modified":"2024-08-16T20:19:52","modified_gmt":"2024-08-16T18:19:52","slug":"1982-bodas-de-platino-real-betis-balompie","status":"publish","type":"post","link":"https:\/\/www.manquepierda.com\/historiarealbetis\/1982-bodas-de-platino-real-betis-balompie\/","title":{"rendered":"1982.-Bodas de Platino Real Betis Balompi\u00e9"},"content":{"rendered":"<p style=\"text-align: left\"><a href=\"https:\/\/i0.wp.com\/www.manquepierda.com\/historiarealbetis\/files\/2011\/09\/escanear00541.jpg?ssl=1\"><img data-recalc-dims=\"1\" loading=\"lazy\" decoding=\"async\" class=\"aligncenter size-full wp-image-14714\" src=\"https:\/\/i0.wp.com\/www.manquepierda.com\/historiarealbetis\/files\/2011\/09\/escanear00541.jpg?resize=290%2C109&#038;ssl=1\" alt=\"\" width=\"290\" height=\"109\" \/><\/a>\u00abMiembros de la actual directiva, que preside Juan Manuel Mauduit, posan junto a componentes de la Comisi\u00f3n Organizadora de los actos del 75 Aniversario del Real Betis Balompi\u00e9\u00bb.<\/p>\n<p style=\"text-align: left\"><strong>De izquierda a derecha, de pie:<\/strong><\/p>\n<p style=\"text-align: center\"><strong><em>Diego VIGUERAS Murube:<\/em><\/strong><\/p>\n<p style=\"text-align: left\"><strong><em>1959-1960 y 1960-1961.-Vocal-Junta Directiva-Presidente, don Benito Villamar\u00edn Prieto.<\/em><\/strong><\/p>\n<p style=\"text-align: left\"><strong>1984-Abril.-Vicepresidente 2\u00ba de la Cantera.-Presidente Equipo de Trabajo, don Ram\u00f3n Bordas Marrod\u00e1n<em>: Vicepresidente 1\u00ba Real Betis Balompi\u00e9.<\/em><\/strong><\/p>\n<p style=\"text-align: center\"><strong><em><\/em><em>Francisco MOLINA Conde:<\/em><\/strong><\/p>\n<p style=\"text-align: left\"><strong>1979-Marzo 04-25\u00aa Jornada Segunda Divisi\u00f3n 1978-1979: Real Betis Balompi\u00e9 vs. Real Murcia: <\/strong><\/p>\n<p style=\"text-align: left\"><strong>\u00abSe\u00f1ores jugadores de la Plantilla\u00bb.- \u00abLa nota firmada por el Gerente del Club, Antonio Picchi y \u00e9l uno de los 3 testigos, fue entregada a los jugadores y estos se negaron a firmar\u00bb.<\/strong><\/p>\n<p style=\"text-align: left\"><strong>1984-Abril.-Vocal en el Equipo de Trabajo Pro Cantera, siendo su Presidente y Vicepresidente 1\u00ba del Real Betis Balompi\u00e9, don Ram\u00f3n Bordas Marrod\u00e1n.<em><br \/>\n<\/em><\/strong><\/p>\n<p style=\"text-align: center\"><strong><em>Juan Jos\u00e9 DEL NIDO Borrego:<\/em><\/strong><\/p>\n<p style=\"text-align: left\"><strong>1974-1975.-Federaci\u00f3n Andaluza F\u00fatbol: Medalla al M\u00e9rito Futbol\u00edstico Amateur-Oro.<\/strong><\/p>\n<p style=\"text-align: left\"><strong><em>1983.-Miembro de la Comisi\u00f3n Organizadora del 75\u00ba Aniversario-Bodas de Platino Real Betis Balompi\u00e9.<\/em><\/strong><\/p>\n<p style=\"text-align: left\"><strong>1984.-Vicepresidente 1\u00ba-Equipo Trabajo Pro Cantera-Presidente don Ram\u00f3n Bordas Marrod\u00e1n (Vicepresidente 1\u00ba Real Betis Balompi\u00e9).<\/strong><\/p>\n<p style=\"text-align: center\"><strong><\/strong><strong><em>Jos\u00e9 Carlos CAMPOS Camacho-M\u00e9dico:<\/em><\/strong><\/p>\n<p style=\"text-align: left\"><strong>1982.-Jornadas Nacionales de Medicina y Traumatolog\u00eda del F\u00fatbol, organizadas con motivo de las Bodas de Platino Real Betis Balompi\u00e9.<\/strong><\/p>\n<p style=\"text-align: left\"><strong>1989.-Presidente Comisi\u00f3n Asuntos Sociales-Junta Directiva Real Betis Balompi\u00e9 presidida por don Hugo Galera Davidson.<\/strong><\/p>\n<p style=\"text-align: left\"><strong><em>1989-1990 y 1990-1991.-Vicepresidente y 2\u00ba respectivamente seg\u00fan Juntas Directivas del presidente don Hugo Galera Davidson.<\/em><\/strong><\/p>\n<p style=\"text-align: center\"><strong><\/strong><strong><em>Jos\u00e9 GUTI\u00c9RREZ Guill\u00e9n:<\/em><\/strong><\/p>\n<p style=\"text-align: left\"><strong>1983.-Miembro del Jurado calificador -Premios Prensa y Fotograf\u00eda-Bodas de Platino Real Betis Balompi\u00e9, Secretario de la Comisi\u00f3n 75\u00ba Aniversario.<\/strong><\/p>\n<p style=\"text-align: left\"><strong>1983.-En la Mesa Junta Electoral-presidida por Jos\u00e9 Mar\u00eda De la Concha Meneses.<\/strong><\/p>\n<p style=\"text-align: left\"><strong>1984.-Secretario-Equipo de Trabajo Pro-Cantera Real Betis Balompi\u00e9-Presidente don Ram\u00f3n Bordas Marrod\u00e1n (Vicepresidente 1\u00ba del Club).<\/strong><\/p>\n<p style=\"text-align: center\"><strong><\/strong><strong><em>Manuel CUEVAS Caballero.<br \/>\n<\/em><\/strong><\/p>\n<p style=\"text-align: left\"><em><strong>1983.-Delegado-Expediciones-viajes Real Betis Balompi\u00e9.<\/strong><\/em><\/p>\n<p style=\"text-align: left\"><strong>1984.-Vocal Equipo de Trabajo Pro Cantera del Club-presidente don Ram\u00f3n Bordas Marrod\u00e1n (Vicepresidente 1\u00ba del Betis Balompi\u00e9).<\/strong><\/p>\n<p style=\"text-align: center\"><strong><em>Joaqu\u00edn V\u00c1ZQUEZ Hermoso-Abogado.<\/em><\/strong><\/p>\n<p style=\"text-align: left\"><strong><em>1968-1969.-Vocal-Junta Directiva-Presidente don Julio Antonio De la Puerta Castro.<\/em><\/strong><\/p>\n<p style=\"text-align: left\"><strong><em>1968.-Colaborador en la Comisi\u00f3n Jur\u00eddica-Real Betis Balompi\u00e9, siendo delegado Juan Manuel Mauduit Caller.<\/em><\/strong><\/p>\n<p style=\"text-align: left\"><strong>1982.-Socio N\u00ba 2.- 1987.-Socio N\u00ba 1 del Real Betis Balompi\u00e9.<\/strong><\/p>\n<p style=\"text-align: left\"><strong>Sevilla, jueves 12-Julio-1990, 86 a\u00f1os.-D. E. P.-Viudo de do\u00f1a Eugenia Mu\u00f1oz Garc\u00eda-Olalla, martes 11-Junio-1988, D. E. P. Viv\u00edan en la calle Duero n\u00ba 9\u00a0 (Heli\u00f3polis).<em><br \/>\n<\/em><\/strong><\/p>\n<p style=\"text-align: center\"><strong><em>Francisco HIDALGO Martin.<br \/>\n<\/em><\/strong><\/p>\n<p style=\"text-align: left\"><strong>En la comisi\u00f3n organizadora 75\u00ba Aniversario-Bodas de Platino-Real Betis Balompi\u00e9.<em><br \/>\n<\/em><\/strong><\/p>\n<p style=\"text-align: left\"><strong>Sentados, mismo orden:<\/strong><\/p>\n<p style=\"text-align: center\"><strong><em>Carlos CABRERA Santos.<br \/>\n<\/em><\/strong><\/p>\n<p style=\"text-align: left\"><strong>1978.-Presidente Pe\u00f1a B\u00e9tica de Tomares (Sevilla).<\/strong><\/p>\n<p style=\"text-align: left\"><strong>1983.-Distinci\u00f3n por parte de la Federaci\u00f3n de Pe\u00f1as B\u00e9ticas.-Estadio Benito Villamar\u00edn.<\/strong><\/p>\n<p style=\"text-align: center\"><strong><em>Miguel ESPINA Mart\u00edn.<\/em><\/strong><\/p>\n<p style=\"text-align: left\"><strong><em><br \/>\n<\/em>1983.-Present\u00f3 su candidatura presidente Real Betis Balompi\u00e9.<\/strong><\/p>\n<p style=\"text-align: left\"><strong>1987-1988 y 1988-1989.-Vicepresidente y Vicepresidente 1\u00ba-Juntas Directivas-Presidente don Gerardo Mart\u00ednez Retamero.<em><br \/>\n<\/em><\/strong><\/p>\n<p style=\"text-align: center\"><strong><em>Jos\u00e9 LE\u00d3N G\u00f3mez.<\/em><\/strong><\/p>\n<p style=\"text-align: left\"><strong>1968-1969.-Vicecontador-Junta Directiva-Presidente don Julio Antonio De la Puerta Castro.-Tras su dimisi\u00f3n, pas\u00f3 a ser presidente del Real Betis Balompi\u00e9, hasta el final de la temporada.<br \/>\n<\/strong><\/p>\n<p style=\"text-align: left\"><strong>1968-1969.-Colaborador en la Comisi\u00f3n de Trabajo: Organizaci\u00f3n y R\u00e9gimen Interior, delegado don Enrique Vel\u00e1zquez Naranjo.<\/strong><\/p>\n<p style=\"text-align: left\"><strong>1969-Febrero.-Federaci\u00f3n Andaluza F\u00fatbol.-Nombramiento Vicepresidente 1\u00ba (desde el lunes 27-Enero-1969, seg\u00fan carta del Real Betis Balompi\u00e9); por dimisi\u00f3n del mismo cargo don Jos\u00e9 Lu\u00eds N\u00fa\u00f1ez Naranjo (s\u00e1bado 25-Enero-1969; Escrito del Real Betis Balompi\u00e9<\/strong>).<\/p>\n<p style=\"text-align: left\"><strong>1969-Abril.-Represent\u00f3 al Triana Balompi\u00e9 junto al presidente don Ventura Castell\u00f3 Hern\u00e1ndez, en la F. A. F.-Reuni\u00f3n presidentes 3\u00aa Divisi\u00f3n.<\/strong><\/p>\n<p style=\"text-align: left\"><strong>1979-1980.-Vicepresidente-Junta Directiva-Presidente Juan Manuel Mauduit Caller.<\/strong><\/p>\n<p style=\"text-align: center\"><strong><em>Juan Manuel MAUDUIT Caller.-Abogado.<br \/>\n<\/em><\/strong><\/p>\n<p style=\"text-align: left\"><strong><em>1968-1969.-Secretario-Junta Directiva-Presidente don Julio Antonio De la Puerta Castro.<\/em><\/strong><\/p>\n<p style=\"text-align: left\"><strong><em>1968-1969.-Delegado Comisi\u00f3n de Trabajo:\u00a0 Jur\u00eddica del Real Betis Balompi\u00e9.<\/em><\/strong><\/p>\n<p style=\"text-align: left\"><strong><em>1979-1980 \u00e1 1982-1983.-Presidente del Real Betis Balompi\u00e9.<\/em><\/strong><\/p>\n<p style=\"text-align: center\"><strong><em>Juan CALLE Mart\u00ednez.-Abogado.<\/em><\/strong><\/p>\n<p style=\"text-align: left\"><strong><em>1981-1982 y 1982-1983.-Secretario-Junta Directiva Real Betis Bal0mpi\u00e9-presidente don Juan Manuel Mauduit Caller.<\/em><\/strong><\/p>\n<p style=\"text-align: left\"><strong>1983-Junio.-Secretario en la Candidadura Miguel Espina Mart\u00edn, a la presidencia del Real Betis Balompi\u00e9.-Socio Numerario N\u00ba 375.<\/strong><\/p>\n<p style=\"text-align: left\"><strong>1983.-Premios Prensa y Fotograf\u00eda-Jurado calificador<\/strong>.<\/p>\n<p style=\"text-align: center\"><em><strong>Francisco LUCENA Crespo.<\/strong><\/em><\/p>\n<p style=\"text-align: left\"><strong>1983-Junio.-Vocal en la Candidatura Miguel Espina Mart\u00edn-Presidencia Real Betis Balompi\u00e9.-Socio Numerario N\u00ba 391.<\/strong><\/p>\n<p style=\"text-align: left\"><strong><em><\/em><em><\/em><em><\/em><em><br \/>\n<\/em><\/strong><\/p>\n<p style=\"text-align: left\">\n","protected":false},"excerpt":{"rendered":"<p>\u00abMiembros de la actual directiva, que preside Juan Manuel Mauduit, posan junto a componentes de la Comisi\u00f3n Organizadora de los actos del 75 Aniversario del Real Betis Balompi\u00e9\u00bb. De izquierda a derecha, de pie: Diego VIGUERAS Murube: 1959-1960 y 1960-1961.-Vocal-Junta Directiva-Presidente, don Benito Villamar\u00edn Prieto. 1984-Abril.-Vicepresidente 2\u00ba de la Cantera.-Presidente Equipo de Trabajo, don Ram\u00f3n&#8230;<\/p>\n","protected":false},"author":48,"featured_media":0,"comment_status":"open","ping_status":"open","sticky":false,"template":"","format":"standard","meta":{"_kad_post_transparent":"","_kad_post_title":"","_kad_post_layout":"","_kad_post_sidebar_id":"","_kad_post_content_style":"","_kad_post_vertical_padding":"","_kad_post_feature":"","_kad_post_feature_position":"","_kad_post_header":false,"_kad_post_footer":false,"_kad_post_classname":"","_jetpack_memberships_contains_paid_content":false,"footnotes":"","jetpack_publicize_message":"","jetpack_publicize_feature_enabled":true,"jetpack_social_post_already_shared":false,"jetpack_social_options":{"image_generator_settings":{"template":"highway","default_image_id":0,"font":"","enabled":false},"version":2}},"categories":[904,891],"tags":[1218,5122,3651,1959,3656,3649,3657,3653,3655,3648,3652],"class_list":["post-14713","post","type-post","status-publish","format-standard","hentry","category-1980-1989","category-directivos-temas","tag-1218","tag-bodas-de-platino","tag-carlos-cabrera-santos","tag-diego-vigueras-murube","tag-francisco-lucena-crespo","tag-joaquin-vazquez-hermoso","tag-jose-gutierrez-guillen","tag-jose-leon-gomez","tag-juan-calle-martinez","tag-manuel-cuevas-caballero","tag-miguel-espina-martin"],"jetpack_publicize_connections":[],"jetpack_featured_media_url":"","jetpack_sharing_enabled":true,"jetpack_shortlink":"https:\/\/wp.me\/p1ij08-3Pj","jetpack-related-posts":[],"_links":{"self":[{"href":"https:\/\/www.manquepierda.com\/historiarealbetis\/wp-json\/wp\/v2\/posts\/14713","targetHints":{"allow":["GET"]}}],"collection":[{"href":"https:\/\/www.manquepierda.com\/historiarealbetis\/wp-json\/wp\/v2\/posts"}],"about":[{"href":"https:\/\/www.manquepierda.com\/historiarealbetis\/wp-json\/wp\/v2\/types\/post"}],"author":[{"embeddable":true,"href":"https:\/\/www.manquepierda.com\/historiarealbetis\/wp-json\/wp\/v2\/users\/48"}],"replies":[{"embeddable":true,"href":"https:\/\/www.manquepierda.com\/historiarealbetis\/wp-json\/wp\/v2\/comments?post=14713"}],"version-history":[{"count":1,"href":"https:\/\/www.manquepierda.com\/historiarealbetis\/wp-json\/wp\/v2\/posts\/14713\/revisions"}],"predecessor-version":[{"id":96907,"href":"https:\/\/www.manquepierda.com\/historiarealbetis\/wp-json\/wp\/v2\/posts\/14713\/revisions\/96907"}],"wp:attachment":[{"href":"https:\/\/www.manquepierda.com\/historiarealbetis\/wp-json\/wp\/v2\/media?parent=14713"}],"wp:term":[{"taxonomy":"category","embeddable":true,"href":"https:\/\/www.manquepierda.com\/historiarealbetis\/wp-json\/wp\/v2\/categories?post=14713"},{"taxonomy":"post_tag","embeddable":true,"href":"https:\/\/www.manquepierda.com\/historiarealbetis\/wp-json\/wp\/v2\/tags?post=14713"}],"curies":[{"name":"wp","href":"https:\/\/api.w.org\/{rel}","templated":true}]}}