{"id":14719,"date":"2011-10-07T06:40:39","date_gmt":"2011-10-07T04:40:39","guid":{"rendered":"http:\/\/www.manquepierda.com\/historiarealbetis\/?p=14719"},"modified":"2024-09-30T23:34:48","modified_gmt":"2024-09-30T21:34:48","slug":"entrevista-sabino-barinaga-1954","status":"publish","type":"post","link":"https:\/\/www.manquepierda.com\/historiarealbetis\/entrevista-sabino-barinaga-1954\/","title":{"rendered":"Entrevista Sabino Barinaga 1954"},"content":{"rendered":"<figure id=\"attachment_14720\" aria-describedby=\"caption-attachment-14720\" style=\"width: 303px\" class=\"wp-caption aligncenter\"><a href=\"https:\/\/i0.wp.com\/www.manquepierda.com\/historiarealbetis\/files\/2011\/09\/Entrevista-Sabino-Barinaga-1954-NMP-Marca-5-6-1954.jpg?ssl=1\"><img data-recalc-dims=\"1\" loading=\"lazy\" decoding=\"async\" class=\"size-full wp-image-14720\" src=\"https:\/\/i0.wp.com\/www.manquepierda.com\/historiarealbetis\/files\/2011\/09\/Entrevista-Sabino-Barinaga-1954-NMP-Marca-5-6-1954.jpg?resize=303%2C523&#038;ssl=1\" alt=\"\" width=\"303\" height=\"523\" srcset=\"https:\/\/i0.wp.com\/www.manquepierda.com\/historiarealbetis\/files\/2011\/09\/Entrevista-Sabino-Barinaga-1954-NMP-Marca-5-6-1954.jpg?w=303&amp;ssl=1 303w, https:\/\/i0.wp.com\/www.manquepierda.com\/historiarealbetis\/files\/2011\/09\/Entrevista-Sabino-Barinaga-1954-NMP-Marca-5-6-1954.jpg?resize=173%2C300&amp;ssl=1 173w\" sizes=\"auto, (max-width: 303px) 100vw, 303px\" \/><\/a><figcaption id=\"caption-attachment-14720\" class=\"wp-caption-text\">Fuente: Marca 5 de Junio de 1954<\/figcaption><\/figure>\n<p>&nbsp;<\/p>\n<p>Sabino Barinaga es la gran estrella del conjunto b\u00e9tico que consigue salir de la Tercera Divisi\u00f3n en 1954. Llega en la jornada 13 y disputa todos los partidos, contribuyendo con 10 goles al ascenso del Betis. Se trata de un jugador importante, que ha jugado en Primera Divisi\u00f3n con\u00a0 el Real Madrid y en la Real Sociedad.<\/p>\n<p>Esta entrevista se realiza en Valdepe\u00f1as, donde el Betis disputa el 3 de Junio de 1954 su \u00faltimo partido en la Tercera Divisi\u00f3n. En ella repasa su llegada al equipo b\u00e9tico, la dif\u00edcil adaptaci\u00f3n a una categor\u00eda de \u00able\u00f1a\u00bb y sus planes de futuro, adem\u00e1s de hacer un recorrido por su paso por el f\u00fatbol espa\u00f1ol.<\/p>\n<p>Curiosa la alusi\u00f3n a lo que se formaba en los campos que visitaba el Betis ( era el D\u00eda del Club) as\u00ed como a los campos de tierra en que el Betis jugaba lejos de Heli\u00f3polis. Y prof\u00e9tica su menci\u00f3n del Athletic de Bilbao; efectivamente al a\u00f1o siguiente, 1955,\u00a0 gan\u00f3 la Copa y en 1956 hizo doblete: Liga y Copa.\u00a0 Indudablemente Sabino Barinaga sab\u00eda mucho de f\u00fatbol.<\/p>\n<p><span style=\"color: #008000\"><em>El portero b\u00e9tico, Gonz\u00e1lez, hizo de presentador\u00a0 cuando, tras el partido que pon\u00eda punto final a la espl\u00e9ndida campa\u00f1a del once blanquiverde, quisimos charlar con Barinaga. Y teniendo como testigos a varios jugadores b\u00e9ticos y al propio presidente, don Manuel Ruiz, iniciamos el di\u00e1logo con ex madridista y easonense.<\/em><\/span><\/p>\n<p><span style=\"color: #008000\">&#8211;\u00a0\u00a0\u00a0\u00a0\u00a0\u00a0\u00a0\u00a0\u00a0 <em>\u00bfCu\u00e1ndo firm\u00f3 con el Betis?<\/em><\/span><\/p>\n<p><span style=\"color: #008000\">&#8211;\u00a0\u00a0\u00a0\u00a0\u00a0\u00a0\u00a0\u00a0\u00a0 <em>Llevaban doce partidos de Liga. Desde entonces los he jugado todos.<\/em><\/span><\/p>\n<p><span style=\"color: #008000\">&#8211;\u00a0\u00a0\u00a0\u00a0\u00a0\u00a0\u00a0\u00a0\u00a0 <em>\u00bfEn qu\u00e9 puestos?<\/em><\/span><\/p>\n<p><span style=\"color: #008000\">&#8211;\u00a0\u00a0\u00a0\u00a0\u00a0\u00a0\u00a0\u00a0\u00a0 <em>De interior de ambos lados y de delantero centro una vez.<\/em><\/span><\/p>\n<p><span style=\"color: #008000\">&#8211;\u00a0\u00a0\u00a0\u00a0\u00a0\u00a0\u00a0\u00a0\u00a0 <em>\u00bfJug\u00f3 bien como ariete?<\/em><\/span><\/p>\n<p><span style=\"color: #008000\">&#8211;\u00a0\u00a0\u00a0\u00a0\u00a0\u00a0\u00a0\u00a0\u00a0 <em>El peor partido que recuerdo. Fue en Heli\u00f3polis, contra el Iliturgi.<\/em><\/span><\/p>\n<p><span style=\"color: #008000\">&#8211;\u00a0\u00a0\u00a0\u00a0\u00a0\u00a0\u00a0\u00a0\u00a0 <em>Barinaga en Tercera \u00bfEs igual al de Primera Divisi\u00f3n?<\/em><\/span><\/p>\n<p><span style=\"color: #008000\">&#8211;\u00a0\u00a0\u00a0\u00a0\u00a0\u00a0\u00a0\u00a0\u00a0 <em>Yo creo que s\u00ed. Si acaso, que encuentro\u00a0 enfrente m\u00e1s cosillas\u2026<\/em><\/span><\/p>\n<p><span style=\"color: #008000\">&#8211;\u00a0\u00a0\u00a0\u00a0\u00a0\u00a0\u00a0\u00a0\u00a0 <em>\u00bfPor eso de ser Barinaga?<\/em><\/span><\/p>\n<p><span style=\"color: #008000\">&#8211;\u00a0\u00a0\u00a0\u00a0\u00a0\u00a0\u00a0\u00a0\u00a0 <em>\u00a0Pues\u2026 s\u00ed. Los contrarios te marcan como pueden y no como deben.<\/em><\/span><\/p>\n<p><span style=\"color: #008000\">&#8211;\u00a0\u00a0\u00a0\u00a0\u00a0\u00a0\u00a0\u00a0\u00a0 <em>Lo que quiere decir que no ha actuado a gusto del todo\u2026<\/em><\/span><\/p>\n<p><span style=\"color: #008000\">&#8211;\u00a0\u00a0\u00a0\u00a0\u00a0\u00a0\u00a0\u00a0\u00a0 <em>Los primeros partidos no; porque aparte que desconoc\u00eda por completo a mis compa\u00f1eros, el modo y la forma de jugar en Tercera Divisi\u00f3n influ\u00edan lo suyo.<\/em><\/span><\/p>\n<p><span style=\"color: #008000\">&#8211;\u00a0\u00a0\u00a0\u00a0\u00a0\u00a0\u00a0\u00a0\u00a0 <em>\u00a0\u00bfMucha diferencia de Primera a Tercera?<\/em><\/span><\/p>\n<p><span style=\"color: #008000\">&#8211;\u00a0\u00a0\u00a0\u00a0\u00a0\u00a0\u00a0\u00a0\u00a0 <em>Enorme. En Primera hay mucha m\u00e1s velocidad, m\u00e1s t\u00e9cnica\u2026 Se puede jugar, porque s\u00f3lo hay que preocuparse del bal\u00f3n. Aqu\u00ed estoy recibiendo m\u00e1s patadas en los partidos jugados que en catorce a\u00f1os en Primera Divisi\u00f3n.<\/em><\/span><\/p>\n<p><span style=\"color: #008000\">&#8211;\u00a0\u00a0\u00a0\u00a0\u00a0\u00a0\u00a0\u00a0\u00a0 <em>\u00bfQui\u00e9n la ha marcado mejor ahora?<\/em><\/span><\/p>\n<p><span style=\"color: #008000\">&#8211;\u00a0\u00a0\u00a0\u00a0\u00a0\u00a0\u00a0\u00a0\u00a0 <em>Fuentes Gala, del Valdepe\u00f1as. Un muchacho muy noble y excelente jugador.<\/em><\/span><\/p>\n<p><span style=\"color: #008000\">&#8211;\u00a0\u00a0\u00a0\u00a0\u00a0\u00a0\u00a0\u00a0\u00a0 <em>\u00bfY el partido en que m\u00e1s \u201cle\u00f1a\u201d recibi\u00f3?<\/em><\/span><\/p>\n<p><span style=\"color: #008000\">&#8211;\u00a0\u00a0\u00a0\u00a0\u00a0\u00a0\u00a0\u00a0\u00a0 <em>En Huelva me pas\u00e9 la tarde esquivando \u00a0todo lo que \u201cllegaba\u201d a m\u00ed<\/em><\/span><\/p>\n<p><span style=\"color: #008000\">&#8211;\u00a0\u00a0\u00a0\u00a0\u00a0\u00a0\u00a0\u00a0\u00a0 <em>\u00bfCu\u00e1ntos goles ha marcado en el Betis?<\/em><\/span><\/p>\n<p><span style=\"color: #008000\">&#8211;\u00a0\u00a0\u00a0\u00a0\u00a0\u00a0\u00a0\u00a0\u00a0 <em>Diez<\/em><\/span><\/p>\n<p><span style=\"color: #008000\">&#8211;\u00a0\u00a0\u00a0\u00a0\u00a0\u00a0\u00a0\u00a0\u00a0 <em>\u00bfHa sido f\u00e1cil quedar campeones?<\/em><\/span><\/p>\n<p><span style=\"color: #008000\">&#8211;\u00a0\u00a0\u00a0\u00a0\u00a0\u00a0\u00a0\u00a0\u00a0 <em>S\u00f3lo relativamente. Porque en todas partes hac\u00edan D\u00eda del Club, y los adversarios con tal de vencer al Betis, pon\u00edan alma y coraz\u00f3n en la lucha, con exceso, a pesar de lo cual s\u00f3lo hemos perdido cuatro partidos de treinta y seis disputados.<\/em><\/span><\/p>\n<p><span style=\"color: #008000\">&#8211;\u00a0\u00a0\u00a0\u00a0\u00a0\u00a0\u00a0\u00a0\u00a0 <em>Adem\u00e1s han terminado con veinti\u00fan puntos positivos\u2026<\/em><\/span><\/p>\n<p><span style=\"color: #008000\">&#8211;\u00a0\u00a0\u00a0\u00a0\u00a0\u00a0\u00a0\u00a0\u00a0 <em>Y puedo a\u00f1adir, porque es cierto, y asienten los dem\u00e1s jugadores, que si el Betis llega a jugar fuera en campos de hierba siempre, habr\u00eda sumado m\u00e1s puntos a\u00fan.<\/em><\/span><\/p>\n<p><span style=\"color: #008000\">&#8211;\u00a0\u00a0\u00a0\u00a0\u00a0\u00a0\u00a0\u00a0\u00a0 <em>\u00bfQu\u00e9 equipo del grupo le gust\u00f3 m\u00e1s?<\/em><\/span><\/p>\n<p><span style=\"color: #008000\">&#8211;\u00a0\u00a0\u00a0\u00a0\u00a0\u00a0\u00a0\u00a0\u00a0 <em>Por clase de juego ninguno como el Algeciras; excepto el Betis, claro.<\/em><\/span><\/p>\n<p><span style=\"color: #008000\">&#8211;\u00a0\u00a0\u00a0\u00a0\u00a0\u00a0\u00a0\u00a0\u00a0 <em>Antes de venir a Tercera \u00bfQu\u00e9 idea ten\u00eda de la dureza?<\/em><\/span><\/p>\n<p><span style=\"color: #008000\">&#8211;\u00a0\u00a0\u00a0\u00a0\u00a0\u00a0\u00a0\u00a0\u00a0 <em>Me he encontrado con que no me hab\u00eda equivocado. Lo que s\u00ed me ha sorprendido es la calidad del grupo sexto, ya que reconozco que, aunque se juega con bastante mala intenci\u00f3n, hay varios Clubs que practican un f\u00fatbol magn\u00edfico.<\/em><\/span><\/p>\n<p><span style=\"color: #008000\">&#8211;\u00a0\u00a0\u00a0\u00a0\u00a0\u00a0\u00a0\u00a0\u00a0 <em>Este Betis campe\u00f3n \u00bfQu\u00e9 papel har\u00eda en Segunda ahora mismo?<\/em><\/span><\/p>\n<p><span style=\"color: #008000\">&#8211;\u00a0\u00a0\u00a0\u00a0\u00a0\u00a0\u00a0\u00a0\u00a0 <em>No conozco la Segunda, pero desde luego dar\u00eda muchos disgustos.<\/em><\/span><\/p>\n<p><span style=\"color: #008000\">&#8211;\u00a0\u00a0\u00a0\u00a0\u00a0\u00a0\u00a0\u00a0\u00a0 <em>\u00bfLo mejor del equipo?<\/em><\/span><\/p>\n<p><span style=\"color: #008000\">&#8211;\u00a0\u00a0\u00a0\u00a0\u00a0\u00a0\u00a0\u00a0\u00a0 <em>Que no hay \u201cgarbanzo negro\u201d en el plantel de jugadores. Todos somos amigos y todos nos alegramos de los \u00e9xitos de los dem\u00e1s. \u00a1Eso vale mucho, amigo\u00a1<\/em><\/span><\/p>\n<p><span style=\"color: #008000\">&#8211;\u00a0\u00a0\u00a0\u00a0\u00a0\u00a0\u00a0\u00a0\u00a0 <em>\u00bfC\u00f3mo fue el dejar la Real Sociedad?<\/em><\/span><\/p>\n<p><span style=\"color: #008000\">&#8211;\u00a0\u00a0\u00a0\u00a0\u00a0\u00a0\u00a0\u00a0\u00a0 <em>Ten\u00eda contrato en vigor, pero llegu\u00e9 a un acuerdo y me march\u00e9.<\/em><\/span><\/p>\n<p><span style=\"color: #008000\">&#8211;\u00a0\u00a0\u00a0\u00a0\u00a0\u00a0\u00a0\u00a0\u00a0 <em>Y para salir del Madrid, tras once a\u00f1os en \u00e9l \u00bfqu\u00e9 le pas\u00f3?<\/em><\/span><\/p>\n<p><span style=\"color: #008000\">&#8211;\u00a0\u00a0\u00a0\u00a0\u00a0\u00a0\u00a0\u00a0\u00a0 <em>No me resignaba a ser suplente. Y no quiero hablar m\u00e1s de eso.<\/em><\/span><\/p>\n<p><span style=\"color: #008000\">&#8211;\u00a0\u00a0\u00a0\u00a0\u00a0\u00a0\u00a0\u00a0\u00a0 <em>Muy bueno, porque estuve once a\u00f1os como usted dice, y conquist\u00e9 en ellos t\u00edtulos y nombre. \u00a0Aparte de que yo tambi\u00e9n creo rend\u00ed lo m\u00edo\u2026 y algo m\u00e1s.<\/em><\/span><\/p>\n<p><span style=\"color: #008000\">&#8211;\u00a0\u00a0\u00a0\u00a0\u00a0\u00a0\u00a0\u00a0\u00a0 <em>\u00bfPor qu\u00e9 dice eso?<\/em><\/span><\/p>\n<p><span style=\"color: #008000\">&#8211;\u00a0\u00a0\u00a0\u00a0\u00a0\u00a0\u00a0\u00a0\u00a0 <em>Jugu\u00e9 hasta de portero, dos partidos, contra el \u201ceterno rival\u201d, el Atl\u00e9tico, y contra el Celta, en Vigo. Y muchos encuentros tambi\u00e9n de central.<\/em><\/span><\/p>\n<p><span style=\"color: #008000\">&#8211;\u00a0\u00a0\u00a0\u00a0\u00a0\u00a0\u00a0\u00a0\u00a0 <em>Cuando vino de Inglaterra con dieciocho a\u00f1os \u00bfcrey\u00f3 ser titular? <\/em><\/span><\/p>\n<p><span style=\"color: #008000\">&#8211;\u00a0\u00a0\u00a0\u00a0\u00a0\u00a0\u00a0\u00a0\u00a0 <em>Yo era entonces un \u201cfideo\u201d y jugaba de delantero centro. Me sirvi\u00f3 de mucho la cesi\u00f3n al Valladolid, que fue realmente donde acab\u00e9 de formarme, ya que frente a la Leonesa, Ferrol, Salamanca, etc, aprend\u00ed el duro oficio de ariete.<\/em><\/span><\/p>\n<p><span style=\"color: #008000\">&#8211;\u00a0\u00a0\u00a0\u00a0\u00a0\u00a0\u00a0\u00a0\u00a0 <em>\u00a0\u00bfCu\u00e1l es su mejor recuerdo en el Madrid? <\/em><\/span><\/p>\n<p><span style=\"color: #008000\">&#8211;\u00a0\u00a0\u00a0\u00a0\u00a0\u00a0\u00a0\u00a0\u00a0 <em>Muchos. Pero ponga la inolvidable tarde copera contra el Barcelona, cuando los once a uno. Marqu\u00e9 seis goles, de los que s\u00f3lo cuatro fueron v\u00e1lidos. <\/em><\/span><\/p>\n<p><span style=\"color: #008000\">&#8211;\u00a0\u00a0\u00a0\u00a0\u00a0\u00a0\u00a0\u00a0\u00a0 <em>\u00bfPor qu\u00e9 no fue internacional?<\/em><\/span><\/p>\n<p><span style=\"color: #008000\">&#8211;\u00a0\u00a0\u00a0\u00a0\u00a0\u00a0\u00a0\u00a0\u00a0 <em>Por mala suerte, ya que estando preseleccionado me romp\u00ed un hombro en los d\u00edas anteriores al partido de Lisboa que se perdi\u00f3 por cuatro a uno.<\/em><\/span><\/p>\n<p><span style=\"color: #008000\">&#8211;\u00a0\u00a0\u00a0\u00a0\u00a0\u00a0\u00a0\u00a0\u00a0 <em>\u00a0\u00bfHa habido alg\u00fan campo \u201cgafe\u201d para Barinaga?<\/em><\/span><\/p>\n<p><span style=\"color: #008000\">&#8211;\u00a0\u00a0\u00a0\u00a0\u00a0\u00a0\u00a0\u00a0\u00a0 <em>El de Ceuta se me da muy mal; no s\u00e9 porqu\u00e9, pero es as\u00ed.<\/em><\/span><\/p>\n<p><span style=\"color: #008000\">&#8211;\u00a0\u00a0\u00a0\u00a0\u00a0\u00a0\u00a0\u00a0\u00a0 <em>\u00bfPiensa seguir jugando al f\u00fatbol?<\/em><\/span><\/p>\n<p><span style=\"color: #008000\">&#8211;\u00a0\u00a0\u00a0\u00a0\u00a0\u00a0\u00a0\u00a0\u00a0 <em>En estos d\u00edas he renovado contrato con el Betis. Y como f\u00edsicamente me encuentro muy bien, gracias a Dios, todav\u00eda hay Barinaga para rato.<\/em><\/span><\/p>\n<p><span style=\"color: #008000\">&#8211;\u00a0\u00a0\u00a0\u00a0\u00a0\u00a0\u00a0\u00a0\u00a0 <em>\u00bfEst\u00e1 casado?<\/em><\/span><\/p>\n<p><span style=\"color: #008000\">&#8211;\u00a0\u00a0\u00a0\u00a0\u00a0\u00a0\u00a0\u00a0\u00a0 <em>Tengo dos chicas que viven en Madrid. Mi esposa est\u00e1 conmigo en Sevilla. O sea que puede decirse que dura mi viaje de novios todav\u00eda.<\/em><\/span><\/p>\n<p><span style=\"color: #008000\">&#8211;\u00a0\u00a0\u00a0\u00a0\u00a0\u00a0\u00a0\u00a0\u00a0 <em>\u00bfSe atreve a decirme la edad, Barinaga?<\/em><\/span><\/p>\n<p><span style=\"color: #008000\">&#8211;\u00a0\u00a0\u00a0\u00a0\u00a0\u00a0\u00a0\u00a0\u00a0 <em>Me hace gracia o\u00edr a muchos, que tienen m\u00e1s a\u00f1os que yo, que ahora acaban de cumplir veintiocho o por ah\u00ed\u2026 Yo voy a cumplir treinta y dos, y no tengo por qu\u00e9 ocultarlo.<\/em><\/span><\/p>\n<p><span style=\"color: #008000\">&#8211;\u00a0\u00a0\u00a0\u00a0\u00a0\u00a0\u00a0\u00a0\u00a0 <em>\u00bfQu\u00e9 es lo que m\u00e1s le extra\u00f1a del f\u00fatbol? <\/em><\/span><\/p>\n<p><span style=\"color: #008000\">&#8211;\u00a0\u00a0\u00a0\u00a0\u00a0\u00a0\u00a0\u00a0\u00a0 <em>\u00a0Una de las cosas, que cuando un jugador llega a Primera Divisi\u00f3n y cuenta veinticuatro a\u00f1os digan que todav\u00eda no est\u00e1 hecho, que es un cr\u00edo\u2026<\/em><\/span><\/p>\n<p><span style=\"color: #008000\">&#8211;\u00a0\u00a0\u00a0\u00a0\u00a0\u00a0\u00a0\u00a0\u00a0 <em>Cuando cuelgue las botas \u00bfqu\u00e9 tiene pensado?<\/em><\/span><\/p>\n<p><span style=\"color: #008000\">&#8211;\u00a0\u00a0\u00a0\u00a0\u00a0\u00a0\u00a0\u00a0\u00a0 <em>Quiz\u00e1 sea entrenador, ya que consegu\u00ed el t\u00edtulo en los primeros cursillos de Burgos.<\/em><\/span><\/p>\n<p><span style=\"color: #008000\">&#8211;\u00a0\u00a0\u00a0\u00a0\u00a0\u00a0\u00a0\u00a0\u00a0 <em>\u00bfQu\u00e9 equipo cree que acaparar\u00e1 la atenci\u00f3n dentro de poco?<\/em><\/span><\/p>\n<p><span style=\"color: #008000\">&#8211;\u00a0\u00a0\u00a0\u00a0\u00a0\u00a0\u00a0\u00a0\u00a0 <em>\u00a0El Atl\u00e9tico de Bilbao de aqu\u00ed a dos a\u00f1os ser\u00e1 el \u201ccoco\u201d de todos.<\/em><\/span><\/p>\n<p><span style=\"color: #008000\">&#8211;\u00a0\u00a0\u00a0\u00a0\u00a0\u00a0\u00a0\u00a0\u00a0 <em>\u00bfSe ha alegrado de que el Madrid haya sido campe\u00f3n de Liga?<\/em><\/span><\/p>\n<p><span style=\"color: #008000\">&#8211;\u00a0\u00a0\u00a0\u00a0\u00a0\u00a0\u00a0\u00a0\u00a0 <em>\u00a1Much\u00edsimo\u00a1 Porque yo desde antes de llegar al Madrid era, y sigo siendo, madridista de coraz\u00f3n.<\/em><\/span><\/p>\n<p><span style=\"color: #008000\">&#8211;\u00a0\u00a0\u00a0\u00a0\u00a0\u00a0\u00a0\u00a0\u00a0 <em>\u00bfContento en el Betis?<\/em><\/span><\/p>\n<p><span style=\"color: #008000\">&#8211;\u00a0\u00a0\u00a0\u00a0\u00a0\u00a0\u00a0\u00a0\u00a0 <em>Por todos los conceptos, s\u00ed, se\u00f1or. Y celebro mucho haber contribuido a que este hist\u00f3rico club est\u00e9 ya en Segunda Divisi\u00f3n.<\/em><\/span><\/p>\n<p><span style=\"color: #008000\"><em>\u00a0<\/em><\/span><\/p>\n<p><span style=\"color: #008000\"><em>Los b\u00e9ticos, hablando del recibimiento triunfal que les espera a la ca\u00edda de la tarde del lunes, ya no nos dejaron seguir hablando m\u00e1s.<\/em><\/span><\/p>\n<p><span style=\"color: #008000\"><em>\u00a0<\/em><\/span><\/p>\n<p>Fuente: Entrevista de Borbujo en Marca 5 de Junio de 1954<\/p>\n<p>&nbsp;<\/p>\n<p>&nbsp;<\/p>\n","protected":false},"excerpt":{"rendered":"<p>&nbsp; Sabino Barinaga es la gran estrella del conjunto b\u00e9tico que consigue salir de la Tercera Divisi\u00f3n en 1954. Llega en la jornada 13 y disputa todos los partidos, contribuyendo con 10 goles al ascenso del Betis. Se trata de un jugador importante, que ha jugado en Primera Divisi\u00f3n con\u00a0 el Real Madrid y en&#8230;<\/p>\n","protected":false},"author":5,"featured_media":14720,"comment_status":"open","ping_status":"open","sticky":false,"template":"","format":"standard","meta":{"_kad_post_transparent":"","_kad_post_title":"","_kad_post_layout":"","_kad_post_sidebar_id":"","_kad_post_content_style":"","_kad_post_vertical_padding":"","_kad_post_feature":"","_kad_post_feature_position":"","_kad_post_header":false,"_kad_post_footer":false,"_kad_post_classname":"","_jetpack_memberships_contains_paid_content":false,"footnotes":"","jetpack_publicize_message":"","jetpack_publicize_feature_enabled":true,"jetpack_social_post_already_shared":false,"jetpack_social_options":{"image_generator_settings":{"template":"highway","default_image_id":0,"font":"","enabled":false},"version":2}},"categories":[901,893,1],"tags":[2438,54,16937,1110],"class_list":["post-14719","post","type-post","status-publish","format-standard","has-post-thumbnail","hentry","category-1950-1959","category-jugadores-temas","category-portada","tag-1953-54","tag-54","tag-juan-manuel-borbujo","tag-sabino-barinaga"],"jetpack_publicize_connections":[],"jetpack_featured_media_url":"https:\/\/i0.wp.com\/www.manquepierda.com\/historiarealbetis\/files\/2011\/09\/Entrevista-Sabino-Barinaga-1954-NMP-Marca-5-6-1954.jpg?fit=303%2C523&ssl=1","jetpack_sharing_enabled":true,"jetpack_shortlink":"https:\/\/wp.me\/p1ij08-3Pp","jetpack-related-posts":[],"_links":{"self":[{"href":"https:\/\/www.manquepierda.com\/historiarealbetis\/wp-json\/wp\/v2\/posts\/14719","targetHints":{"allow":["GET"]}}],"collection":[{"href":"https:\/\/www.manquepierda.com\/historiarealbetis\/wp-json\/wp\/v2\/posts"}],"about":[{"href":"https:\/\/www.manquepierda.com\/historiarealbetis\/wp-json\/wp\/v2\/types\/post"}],"author":[{"embeddable":true,"href":"https:\/\/www.manquepierda.com\/historiarealbetis\/wp-json\/wp\/v2\/users\/5"}],"replies":[{"embeddable":true,"href":"https:\/\/www.manquepierda.com\/historiarealbetis\/wp-json\/wp\/v2\/comments?post=14719"}],"version-history":[{"count":1,"href":"https:\/\/www.manquepierda.com\/historiarealbetis\/wp-json\/wp\/v2\/posts\/14719\/revisions"}],"predecessor-version":[{"id":99917,"href":"https:\/\/www.manquepierda.com\/historiarealbetis\/wp-json\/wp\/v2\/posts\/14719\/revisions\/99917"}],"wp:featuredmedia":[{"embeddable":true,"href":"https:\/\/www.manquepierda.com\/historiarealbetis\/wp-json\/wp\/v2\/media\/14720"}],"wp:attachment":[{"href":"https:\/\/www.manquepierda.com\/historiarealbetis\/wp-json\/wp\/v2\/media?parent=14719"}],"wp:term":[{"taxonomy":"category","embeddable":true,"href":"https:\/\/www.manquepierda.com\/historiarealbetis\/wp-json\/wp\/v2\/categories?post=14719"},{"taxonomy":"post_tag","embeddable":true,"href":"https:\/\/www.manquepierda.com\/historiarealbetis\/wp-json\/wp\/v2\/tags?post=14719"}],"curies":[{"name":"wp","href":"https:\/\/api.w.org\/{rel}","templated":true}]}}