{"id":14816,"date":"2011-10-06T09:12:10","date_gmt":"2011-10-06T07:12:10","guid":{"rendered":"http:\/\/www.manquepierda.com\/historiarealbetis\/?p=14816"},"modified":"2024-10-05T00:11:15","modified_gmt":"2024-10-04T22:11:15","slug":"edificio-ciudad-del-betis","status":"publish","type":"post","link":"https:\/\/www.manquepierda.com\/historiarealbetis\/edificio-ciudad-del-betis\/","title":{"rendered":"1908-Febrero-\u00abHotel CIUDAD DEL BETIS\u00bb calle Rioja n\u00ba 4.-Heraldo de Madrid."},"content":{"rendered":"<p style=\"text-align: left\"><strong>1908-FEBRERO 25-Martes.-\u00abHERALDO DE MADRID\u00bb N\u00ba 6.298-5\u00aa p\u00e1gina.-\u00abGU\u00cdA DE SEVILLA\u00bb.<\/strong><\/p>\n<p style=\"text-align: center\">HOTELES:<\/p>\n<p style=\"text-align: center\">\u00abLAS CUATRO ESTACIONES\u00bb.-Indalecio Moya.-Calle Rosario n\u00ba 12-21.<\/p>\n<p style=\"text-align: center\">\u00abEL CISNE Y FRANCIA\u00bb.-Calle M\u00e9ndez N\u00fa\u00f1ez n\u00ba 7.<\/p>\n<p style=\"text-align: center\">\u00abDE LA PAZ\u00bb.-Calle M\u00e9ndez N\u00fa\u00f1ez n\u00ba 11.<\/p>\n<p style=\"text-align: center\">\u00abDE ORIENTE\u00bb.-Plaza de San Fernando n\u00ba 7-8.<\/p>\n<p style=\"text-align: center\"><strong>\u00abDEL BETIS\u00bb.-Calle Rioja n\u00ba 4&#8243;.<\/strong><\/p>\n<p style=\"text-align: left\"><a href=\"https:\/\/i0.wp.com\/www.manquepierda.com\/historiarealbetis\/files\/2011\/10\/Ciudad-del-Betis.jpg?ssl=1\"><img data-recalc-dims=\"1\" loading=\"lazy\" decoding=\"async\" class=\"alignleft size-medium wp-image-14817\" src=\"https:\/\/i0.wp.com\/www.manquepierda.com\/historiarealbetis\/files\/2011\/10\/Ciudad-del-Betis.jpg?resize=300%2C225&#038;ssl=1\" alt=\"\" width=\"300\" height=\"225\" srcset=\"https:\/\/i0.wp.com\/www.manquepierda.com\/historiarealbetis\/files\/2011\/10\/Ciudad-del-Betis.jpg?resize=300%2C225&amp;ssl=1 300w, https:\/\/i0.wp.com\/www.manquepierda.com\/historiarealbetis\/files\/2011\/10\/Ciudad-del-Betis.jpg?w=320&amp;ssl=1 320w\" sizes=\"auto, (max-width: 300px) 100vw, 300px\" \/><\/a><a href=\"https:\/\/www.manquepierda.com\/historiarealbetis\/14816-edificio-ciudad-del-betis\/edificio-betis\/\" rel=\"attachment wp-att-43353\"><img data-recalc-dims=\"1\" loading=\"lazy\" decoding=\"async\" class=\"aligncenter size-thumbnail wp-image-43353\" src=\"https:\/\/i0.wp.com\/www.manquepierda.com\/historiarealbetis\/files\/2011\/10\/Edificio-Betis.jpg?resize=165%2C220&#038;ssl=1\" alt=\"Edificio Betis\" width=\"165\" height=\"220\" srcset=\"https:\/\/i0.wp.com\/www.manquepierda.com\/historiarealbetis\/files\/2011\/10\/Edificio-Betis.jpg?resize=165%2C220&amp;ssl=1 165w, https:\/\/i0.wp.com\/www.manquepierda.com\/historiarealbetis\/files\/2011\/10\/Edificio-Betis.jpg?resize=450%2C600&amp;ssl=1 450w, https:\/\/i0.wp.com\/www.manquepierda.com\/historiarealbetis\/files\/2011\/10\/Edificio-Betis.jpg?resize=525%2C700&amp;ssl=1 525w, https:\/\/i0.wp.com\/www.manquepierda.com\/historiarealbetis\/files\/2011\/10\/Edificio-Betis.jpg?w=778&amp;ssl=1 778w\" sizes=\"auto, (max-width: 165px) 100vw, 165px\" \/><\/a><\/p>\n<p style=\"text-align: center\">Finalizado en 1912.<\/p>\n<p style=\"text-align: left\">Obra del arquitecto municipal Antonio Ar\u00e9valo Mart\u00ednez (1871-1948), mezcla de estilos entre el modernismo y el clasicismo.<\/p>\n<p style=\"text-align: left\">Edificio ubicado entre las calles Rioja n\u00ba 1 y Sierpes, sobresaliendo un gran mural cer\u00e1mico de la Casa de Mensaque, con la firma del arquitecto,\u00a0 <a href=\"https:\/\/i0.wp.com\/www.manquepierda.com\/historiarealbetis\/files\/2011\/10\/arevalo51.jpg?ssl=1\"><img data-recalc-dims=\"1\" loading=\"lazy\" decoding=\"async\" class=\"alignleft size-medium wp-image-14819\" src=\"https:\/\/i0.wp.com\/www.manquepierda.com\/historiarealbetis\/files\/2011\/10\/arevalo51.jpg?resize=145%2C300&#038;ssl=1\" alt=\"\" width=\"145\" height=\"300\" srcset=\"https:\/\/i0.wp.com\/www.manquepierda.com\/historiarealbetis\/files\/2011\/10\/arevalo51.jpg?resize=145%2C300&amp;ssl=1 145w, https:\/\/i0.wp.com\/www.manquepierda.com\/historiarealbetis\/files\/2011\/10\/arevalo51.jpg?w=155&amp;ssl=1 155w\" sizes=\"auto, (max-width: 145px) 100vw, 145px\" \/><\/a>representando al dios Mercurio arrodillado ofreciendo una bandeja con flores y una jarra.<\/p>\n<p style=\"text-align: left\">Decor\u00e1ndose el marco con diversa ornamentaci\u00f3n floral,\u00a0 presente en la forja de los balcones, que en su planta superior son redondeos y que le proporciona a la fachada movimiento.<\/p>\n<p style=\"text-align: left\">El estilo cl\u00e1sico se observa en la balaustrada que cierra la azotea o los adornos en forma de espiral que se coloca en los capiteles de las pilastras que recorren la fachada.<\/p>\n<p style=\"text-align: left\">Fuente: Sevilla siglo XX, Edificio Ciudad del Betis.<\/p>\n","protected":false},"excerpt":{"rendered":"<p>1908-FEBRERO 25-Martes.-\u00abHERALDO DE MADRID\u00bb N\u00ba 6.298-5\u00aa p\u00e1gina.-\u00abGU\u00cdA DE SEVILLA\u00bb. HOTELES: \u00abLAS CUATRO ESTACIONES\u00bb.-Indalecio Moya.-Calle Rosario n\u00ba 12-21. \u00abEL CISNE Y FRANCIA\u00bb.-Calle M\u00e9ndez N\u00fa\u00f1ez n\u00ba 7. \u00abDE LA PAZ\u00bb.-Calle M\u00e9ndez N\u00fa\u00f1ez n\u00ba 11. \u00abDE ORIENTE\u00bb.-Plaza de San Fernando n\u00ba 7-8. \u00abDEL BETIS\u00bb.-Calle Rioja n\u00ba 4&#8243;. Finalizado en 1912. Obra del arquitecto municipal Antonio Ar\u00e9valo Mart\u00ednez (1871-1948),&#8230;<\/p>\n","protected":false},"author":48,"featured_media":43353,"comment_status":"open","ping_status":"open","sticky":false,"template":"","format":"standard","meta":{"_kad_post_transparent":"","_kad_post_title":"","_kad_post_layout":"","_kad_post_sidebar_id":"","_kad_post_content_style":"","_kad_post_vertical_padding":"","_kad_post_feature":"","_kad_post_feature_position":"","_kad_post_header":false,"_kad_post_footer":false,"_kad_post_classname":"","_jetpack_memberships_contains_paid_content":false,"footnotes":"","jetpack_publicize_message":"","jetpack_publicize_feature_enabled":true,"jetpack_social_post_already_shared":false,"jetpack_social_options":{"image_generator_settings":{"template":"highway","default_image_id":0,"font":"","enabled":false},"version":2}},"categories":[896,1],"tags":[16499],"class_list":["post-14816","post","type-post","status-publish","format-standard","has-post-thumbnail","hentry","category-1908-1919","category-portada","tag-16499"],"jetpack_publicize_connections":[],"jetpack_featured_media_url":"https:\/\/i0.wp.com\/www.manquepierda.com\/historiarealbetis\/files\/2011\/10\/Edificio-Betis.jpg?fit=778%2C1037&ssl=1","jetpack_sharing_enabled":true,"jetpack_shortlink":"https:\/\/wp.me\/p1ij08-3QY","jetpack-related-posts":[],"_links":{"self":[{"href":"https:\/\/www.manquepierda.com\/historiarealbetis\/wp-json\/wp\/v2\/posts\/14816","targetHints":{"allow":["GET"]}}],"collection":[{"href":"https:\/\/www.manquepierda.com\/historiarealbetis\/wp-json\/wp\/v2\/posts"}],"about":[{"href":"https:\/\/www.manquepierda.com\/historiarealbetis\/wp-json\/wp\/v2\/types\/post"}],"author":[{"embeddable":true,"href":"https:\/\/www.manquepierda.com\/historiarealbetis\/wp-json\/wp\/v2\/users\/48"}],"replies":[{"embeddable":true,"href":"https:\/\/www.manquepierda.com\/historiarealbetis\/wp-json\/wp\/v2\/comments?post=14816"}],"version-history":[{"count":1,"href":"https:\/\/www.manquepierda.com\/historiarealbetis\/wp-json\/wp\/v2\/posts\/14816\/revisions"}],"predecessor-version":[{"id":100059,"href":"https:\/\/www.manquepierda.com\/historiarealbetis\/wp-json\/wp\/v2\/posts\/14816\/revisions\/100059"}],"wp:featuredmedia":[{"embeddable":true,"href":"https:\/\/www.manquepierda.com\/historiarealbetis\/wp-json\/wp\/v2\/media\/43353"}],"wp:attachment":[{"href":"https:\/\/www.manquepierda.com\/historiarealbetis\/wp-json\/wp\/v2\/media?parent=14816"}],"wp:term":[{"taxonomy":"category","embeddable":true,"href":"https:\/\/www.manquepierda.com\/historiarealbetis\/wp-json\/wp\/v2\/categories?post=14816"},{"taxonomy":"post_tag","embeddable":true,"href":"https:\/\/www.manquepierda.com\/historiarealbetis\/wp-json\/wp\/v2\/tags?post=14816"}],"curies":[{"name":"wp","href":"https:\/\/api.w.org\/{rel}","templated":true}]}}