{"id":14896,"date":"2011-10-09T09:58:16","date_gmt":"2011-10-09T07:58:16","guid":{"rendered":"http:\/\/www.manquepierda.com\/historiarealbetis\/?p=14896"},"modified":"2023-10-24T07:38:40","modified_gmt":"2023-10-24T05:38:40","slug":"diego-lopez-jimenez","status":"publish","type":"post","link":"https:\/\/www.manquepierda.com\/historiarealbetis\/diego-lopez-jimenez\/","title":{"rendered":"Diego L\u00f3pez Jim\u00e9nez"},"content":{"rendered":"<p style=\"text-align: right\"><a href=\"https:\/\/i0.wp.com\/www.manquepierda.com\/historiarealbetis\/files\/2011\/10\/escanear0020.jpg?ssl=1\"><img data-recalc-dims=\"1\" loading=\"lazy\" decoding=\"async\" class=\"alignright size-medium wp-image-14897\" src=\"https:\/\/i0.wp.com\/www.manquepierda.com\/historiarealbetis\/files\/2011\/10\/escanear0020.jpg?resize=78%2C300&#038;ssl=1\" alt=\"\" width=\"78\" height=\"300\"><\/a><\/p>\n<p style=\"text-align: left\"><strong><em>Diego L\u00f3pez Jim\u00e9nez: Naci\u00f3 en 1890; falleci\u00f3 en El Viso del Alcor (Sevilla), lunes 14-Julio-1975, 85 a\u00f1os. D. E. P.<br \/>\n<\/em><\/strong><\/p>\n<p style=\"text-align: left\"><strong><em>1918-1919.-Vocal-Junta Directiva-Presidente don Eduardo Hern\u00e1ndez Nalda.<\/em><\/strong><\/p>\n<p style=\"text-align: left\"><strong>1930-Agosto 09.-Miembro Junta Consultiva siendo Presidente del Real Betis Balompi\u00e9, don Camilo Romero S\u00e1nchez.<em><\/em><\/strong><\/p>\n<p>Secretario de la Hermandad Sindical de Labradores y Ganaderos.<\/p>\n<p>Viuda do\u00f1a Rosario Le\u00f3n Fern\u00e1ndez.<\/p>\n<p>&nbsp;<\/p>\n<p><a href=\"https:\/\/i0.wp.com\/www.manquepierda.com\/historiarealbetis\/files\/2011\/10\/escanear0021.jpg?ssl=1\"><img data-recalc-dims=\"1\" loading=\"lazy\" decoding=\"async\" class=\"alignright size-medium wp-image-14898\" src=\"https:\/\/i0.wp.com\/www.manquepierda.com\/historiarealbetis\/files\/2011\/10\/escanear0021.jpg?resize=300%2C191&#038;ssl=1\" alt=\"\" width=\"300\" height=\"191\" srcset=\"https:\/\/i0.wp.com\/www.manquepierda.com\/historiarealbetis\/files\/2011\/10\/escanear0021.jpg?resize=300%2C191&amp;ssl=1 300w, https:\/\/i0.wp.com\/www.manquepierda.com\/historiarealbetis\/files\/2011\/10\/escanear0021.jpg?w=534&amp;ssl=1 534w\" sizes=\"auto, (max-width: 300px) 100vw, 300px\" \/><\/a><strong><em>\u00abLa m\u00e1s antigua fotograf\u00eda del Betis Balompi\u00e9 cuando no era a\u00fan oficialmente Club\u00bb. Don Diego L\u00f3pez Jim\u00e9nez nos ha remitido a \u00faltima hora esta fotograf\u00eda, la m\u00e1s antigua probablemente sobre el Real Betis Balompi\u00e9 y por esta raz\u00f3n de premura no podemos darle el lugar de honor que desear\u00edamos.&nbsp; Pertenece esta foto al a\u00f1o 1906 cuando a\u00fan no estaba oficialmente legalizada la Sociedad Sevilla Balompi\u00e9, hoy Real Betis Balompi\u00e9, en el Gobierno Civil.&nbsp; Es, pues, la foto de los primeros del Betis (Sevilla Balompi\u00e9), los fundadores, que hab\u00edan de permitir que el Club surgiese y llegarse a vivir los d\u00edas de gloria que ahora se renuevan.<\/em><\/strong><\/p>\n<p>Como en unas declaraciones que publicamos en este mismo n\u00famero nos explica don Juan Del Castillo Ochoa, <strong><em>eran muchos los militares que participaron en la creaci\u00f3n del Sevilla Balompi\u00e9, pues esta nace en la Academia Polit\u00e9cnica Sevillana preparatoria del ingreso.<\/em><\/strong><\/p>\n<p><strong><em>Don Diego L\u00f3pez Jimenez nos dice que tiene 68 a\u00f1os, y que van 52 de esta fotograf\u00eda, por lo que no recuerda algunos nombres.&nbsp; \u00c9l mismo ha numerado las figuras y aqu\u00ed van los nombres que se acuerda:<\/em><\/strong><\/p>\n<p><strong><em>01.-Don Manuel Mateos.<\/em><\/strong><\/p>\n<p><strong><em>02.-Don Manuel Ramos Asensio, fallecido, propietario de una marca de an\u00eds.<\/em><\/strong><\/p>\n<p><strong><em>03.-Don Jacinto Wesoulouski Zaldo, doctor en Medicina, fallecido.<\/em><\/strong><\/p>\n<p><strong><em>04.-Don Diego L\u00f3pez Jim\u00e9nez, propietario de esta foto.<\/em><\/strong><\/p>\n<p><strong><em>05 y 06.-Los hermanos Guti\u00e9rrez Fern\u00e1ndez: Don Antonio y Don Jos\u00e9.<\/em><\/strong><\/p>\n<p><strong><em>07.-Don<\/em><em><\/em><em><\/em><em><\/em><em><\/em><em> Jos\u00e9 Ben\u00edtez, fallecido.<\/em><\/strong><\/p>\n<p><strong><em>08.-Don Fernando de Ar\u00e9valo.<\/em><\/strong><\/p>\n<p><strong><em>09.-<\/em><em><\/em><em><\/em><em>Don Jos\u00e9 Wesolouski Zaldo, general de Intervenci\u00f3n en Barcelona.<\/em><\/strong><\/p>\n<p><strong><em>10.-El se\u00f1or Guichot.<\/em><\/strong><\/p>\n<p><strong><em>11.-Un deportista desconocido para el remitente de la fotograf\u00eda.<\/em><\/strong><\/p>\n<p><strong><em>12.-Don Juan Cascales y Cascales.<\/em><\/strong><\/p>\n<p><strong><em>13.-Don Manuel Guti\u00e9rrez Fern\u00e1ndez.<\/em><\/strong><\/p>\n<p><strong><em>14.-Don Manuel Moreno Calvo.<\/em><\/strong><\/p>\n<p><strong><em>15.-Don Francisco Cascales y Cascales, fallecido.<\/em><\/strong><\/p>\n<p>Fueron tambi\u00e9n jugadores del Sevilla Balompi\u00e9, seg\u00fan nos dice nuestro remitente, al que agradecemos mucho su gentilieza:<\/p>\n<p><strong><em>Don Jos\u00e9 Cuesta Monereo, actual capit\u00e1n general de Baleares.<\/em><\/strong><\/p>\n<p><strong><em>Don C\u00e1stor Montoto Vidal.<\/em><\/strong><\/p>\n<p><strong><em>Don Alfonso Del Castillo Ochoa, fallecido.<br \/>\n<\/em><\/strong><\/p>\n<p><strong><em>Don Juan Del Castillo Ochoa, primer presidente del Club,&nbsp; <\/em><\/strong>con el que publicamos, como decimos, una entrevista en otro lugar de este mismo n\u00famero.<\/p>\n<p><strong><em>Don Tom\u00e1s Cuesta Monereo, <\/em><em>fallecido, hermano del actual capit\u00e1n general de Baleares<\/em><\/strong>, en la foto aparece con una X, por haber saltado la numeraci\u00f3n el propietario de ella.<\/p>\n<p>Fuente: \u00abN\u00famero extraordinario dedicado al regreso del Real Betis Balompi\u00e9 a Primera Divisi\u00f3n, SEVILLA-diario de la tarde-Junio 1958\u00bb.<\/p>\n<p style=\"text-align: center\"><a href=\"https:\/\/i0.wp.com\/www.manquepierda.com\/historiarealbetis\/files\/2011\/10\/SSB19061.jpg?ssl=1\"><img data-recalc-dims=\"1\" loading=\"lazy\" decoding=\"async\" class=\"aligncenter size-medium wp-image-14902\" src=\"https:\/\/i0.wp.com\/www.manquepierda.com\/historiarealbetis\/files\/2011\/10\/SSB19061.jpg?resize=300%2C224&#038;ssl=1\" alt=\"\" width=\"300\" height=\"224\" srcset=\"https:\/\/i0.wp.com\/www.manquepierda.com\/historiarealbetis\/files\/2011\/10\/SSB19061.jpg?resize=300%2C224&amp;ssl=1 300w, https:\/\/i0.wp.com\/www.manquepierda.com\/historiarealbetis\/files\/2011\/10\/SSB19061.jpg?w=399&amp;ssl=1 399w\" sizes=\"auto, (max-width: 300px) 100vw, 300px\" \/><\/a><\/p>\n<p>&nbsp;<\/p>\n<p>&nbsp;<\/p>\n<p>&nbsp;<\/p>\n<p><strong><em><\/em><em><br \/>\n<\/em><\/strong><\/p>\n<p>&nbsp;<\/p>\n<p><strong><em><\/em><em><br \/>\n<\/em><\/strong><\/p>\n<p>&nbsp;<\/p>\n","protected":false},"excerpt":{"rendered":"<p>Diego L\u00f3pez Jim\u00e9nez: Naci\u00f3 en 1890; falleci\u00f3 en El Viso del Alcor (Sevilla), lunes 14-Julio-1975, 85 a\u00f1os. D. E. P. 1918-1919.-Vocal-Junta Directiva-Presidente don Eduardo Hern\u00e1ndez Nalda. 1930-Agosto 09.-Miembro Junta Consultiva siendo Presidente del Real Betis Balompi\u00e9, don Camilo Romero S\u00e1nchez. Secretario de la Hermandad Sindical de Labradores y Ganaderos. Viuda do\u00f1a Rosario Le\u00f3n Fern\u00e1ndez. &nbsp;&#8230;<\/p>\n","protected":false},"author":48,"featured_media":14898,"comment_status":"open","ping_status":"open","sticky":false,"template":"","format":"standard","meta":{"_kad_post_transparent":"","_kad_post_title":"","_kad_post_layout":"","_kad_post_sidebar_id":"","_kad_post_content_style":"","_kad_post_vertical_padding":"","_kad_post_feature":"","_kad_post_feature_position":"","_kad_post_header":false,"_kad_post_footer":false,"_kad_post_classname":"","_jetpack_memberships_contains_paid_content":false,"footnotes":"","jetpack_publicize_message":"","jetpack_publicize_feature_enabled":true,"jetpack_social_post_already_shared":false,"jetpack_social_options":{"image_generator_settings":{"template":"highway","default_image_id":0,"font":"","enabled":false},"version":2}},"categories":[17157,891,1],"tags":[2427,1715],"class_list":["post-14896","post","type-post","status-publish","format-standard","has-post-thumbnail","hentry","category-anterior-a-1908","category-directivos-temas","category-portada","tag-2427","tag-diego-lopez-jimenez"],"jetpack_publicize_connections":[],"jetpack_featured_media_url":"https:\/\/i0.wp.com\/www.manquepierda.com\/historiarealbetis\/files\/2011\/10\/escanear0021.jpg?fit=534%2C340&ssl=1","jetpack_sharing_enabled":true,"jetpack_shortlink":"https:\/\/wp.me\/p1ij08-3Sg","jetpack-related-posts":[],"_links":{"self":[{"href":"https:\/\/www.manquepierda.com\/historiarealbetis\/wp-json\/wp\/v2\/posts\/14896","targetHints":{"allow":["GET"]}}],"collection":[{"href":"https:\/\/www.manquepierda.com\/historiarealbetis\/wp-json\/wp\/v2\/posts"}],"about":[{"href":"https:\/\/www.manquepierda.com\/historiarealbetis\/wp-json\/wp\/v2\/types\/post"}],"author":[{"embeddable":true,"href":"https:\/\/www.manquepierda.com\/historiarealbetis\/wp-json\/wp\/v2\/users\/48"}],"replies":[{"embeddable":true,"href":"https:\/\/www.manquepierda.com\/historiarealbetis\/wp-json\/wp\/v2\/comments?post=14896"}],"version-history":[{"count":1,"href":"https:\/\/www.manquepierda.com\/historiarealbetis\/wp-json\/wp\/v2\/posts\/14896\/revisions"}],"predecessor-version":[{"id":91379,"href":"https:\/\/www.manquepierda.com\/historiarealbetis\/wp-json\/wp\/v2\/posts\/14896\/revisions\/91379"}],"wp:featuredmedia":[{"embeddable":true,"href":"https:\/\/www.manquepierda.com\/historiarealbetis\/wp-json\/wp\/v2\/media\/14898"}],"wp:attachment":[{"href":"https:\/\/www.manquepierda.com\/historiarealbetis\/wp-json\/wp\/v2\/media?parent=14896"}],"wp:term":[{"taxonomy":"category","embeddable":true,"href":"https:\/\/www.manquepierda.com\/historiarealbetis\/wp-json\/wp\/v2\/categories?post=14896"},{"taxonomy":"post_tag","embeddable":true,"href":"https:\/\/www.manquepierda.com\/historiarealbetis\/wp-json\/wp\/v2\/tags?post=14896"}],"curies":[{"name":"wp","href":"https:\/\/api.w.org\/{rel}","templated":true}]}}