{"id":15155,"date":"2011-10-18T22:22:49","date_gmt":"2011-10-18T21:22:49","guid":{"rendered":"http:\/\/www.manquepierda.com\/historiarealbetis\/?p=15155"},"modified":"2024-10-11T07:27:28","modified_gmt":"2024-10-11T05:27:28","slug":"evaristo-perez-cortes-presidente-junta-gestora","status":"publish","type":"post","link":"https:\/\/www.manquepierda.com\/historiarealbetis\/evaristo-perez-cortes-presidente-junta-gestora\/","title":{"rendered":"Evaristo P\u00e9rez Cort\u00e9s"},"content":{"rendered":"<p><strong>1951-Septiembre 21, viernes.-\u00abLa nueva directiva del Real Betis Balompi\u00e9\u00bb:<\/strong><\/p>\n<p><strong>Presidente, don Evaristo P\u00e9rez Cort\u00e9s.<br \/>\n<\/strong><\/p>\n<p><strong>Vicepresidemte 1\u00ba: Don Francisco De la Cerda Carmona.<\/strong><\/p>\n<p><strong>Vicepresidente 2\u00ba: Don Antonio Mesa Luque.<\/strong><\/p>\n<p><strong>Secretario: Don Guillermo G\u00f3mez Zarranz.<\/strong><\/p>\n<p><strong>Vicesecretario: Don Juan Nadal Vigil.<\/strong><\/p>\n<p><strong>Tesorero: Don Alfonso Mart\u00ednez Lozano.<\/strong><\/p>\n<p><strong>Contador: Don Baldomero Fuentes Cuesta.<\/strong><\/p>\n<p><strong>Vocales:\u00a0 Don Carlos Reynaud Ricca;\u00a0 D. Antonio Tevar S\u00e1ncho;\u00a0 D. Jos\u00e9 G\u00f3mez Rebollo;\u00a0 D. Antonio Fajardo Ocete;\u00a0 D. Nicol\u00e1s Vilches Zayas;\u00a0 D. Antonio Jim\u00e9nez De Luque; D. Santos Bedoya Rico;\u00a0 D. Jos\u00e9 Carmona Loria;\u00a0 D. Francisco Garc\u00eda F\u00e9rn\u00e1ndez.<\/strong><\/p>\n<p><strong>Asesor Consultivo, don Carlos Fern\u00e1ndez De Pando; Asesor T\u00e9cnico, don Jos\u00e9 Valera Nocera.<\/strong><\/p>\n<p><strong>1946-Febrero 10, domingo, directivo delegado: Sociedad Ceuta Deportiva-2 vs. Real Betis Balompi\u00e9-1.<\/strong><\/p>\n<p><strong>1946-1947.-Contador-Junta Directiva-Presidente don Eduardo Benjumea V\u00e1zquez y Armero.<\/strong><\/p>\n<p><strong>1947-Enero 23: Secretario, Junta Directiva del presidente don Manuel Romero Puerto.<\/strong><\/p>\n<p><strong>1947-Mayo 11.-Secretario-delegado en el partido de vuelta de Octavos de Final-Campeonato de Espa\u00f1a-Copa del General\u00edsimo: Real Madrid-6 vs. Real Betis Balompi\u00e9-0.<br \/>\n<\/strong><\/p>\n<p style=\"text-align: left\"><strong><\/strong><a href=\"https:\/\/i0.wp.com\/www.manquepierda.com\/historiarealbetis\/files\/2011\/10\/escanear00341.jpg?ssl=1\"><img data-recalc-dims=\"1\" loading=\"lazy\" decoding=\"async\" class=\"alignleft size-medium wp-image-15158\" src=\"https:\/\/i0.wp.com\/www.manquepierda.com\/historiarealbetis\/files\/2011\/10\/escanear00341.jpg?resize=199%2C300&#038;ssl=1\" alt=\"\" width=\"199\" height=\"300\" srcset=\"https:\/\/i0.wp.com\/www.manquepierda.com\/historiarealbetis\/files\/2011\/10\/escanear00341.jpg?resize=199%2C300&amp;ssl=1 199w, https:\/\/i0.wp.com\/www.manquepierda.com\/historiarealbetis\/files\/2011\/10\/escanear00341.jpg?w=238&amp;ssl=1 238w\" sizes=\"auto, (max-width: 199px) 100vw, 199px\" \/><\/a>Adhesi\u00f3n con motivo de las Bodas de Oro del Real Betis Balompi\u00e9.-ABC-SE-19581223.<\/p>\n<p>&nbsp;<\/p>\n<p><strong><em>Evaristo P\u00e9rez Cort\u00e9s, Odont\u00f3logo, Asociaci\u00f3n de la Prensa, Presidente Andaluz Competici\u00f3n-1951.<br \/>\n<\/em><\/strong><\/p>\n<p><strong><em>1986-Sevilla, 30-Septiembre-1967, 71 a\u00f1os.-D. E. P.<\/em><\/strong><\/p>\n<p><strong><em>Viuda do\u00f1a Francisca Caracuel Castro (fallecida viernes 10-Febrero-1989<\/em><em>; D. E. P.-<\/em><\/strong><\/p>\n<p><strong><em>Viv\u00edan en calle Gallegos n\u00ba 19; Sagasta n\u00ba 3, que en cierto per\u00edodo de tiempo su domicilio particular fue provisionalmente Secretar\u00eda del Real Betis Balompi\u00e9.<br \/>\n<\/em><\/strong><\/p>\n<p><strong><em>Hijo Evaristo P\u00e9rez Caracuel, se present\u00f3 en la la candidatura-junio 1979-de Jos\u00e9 Lu\u00eds Fern\u00e1ndez-Casta\u00f1\u00f3n Araiz.<br \/>\n<\/em><\/strong><\/p>\n","protected":false},"excerpt":{"rendered":"<p>1951-Septiembre 21, viernes.-\u00abLa nueva directiva del Real Betis Balompi\u00e9\u00bb: Presidente, don Evaristo P\u00e9rez Cort\u00e9s. Vicepresidemte 1\u00ba: Don Francisco De la Cerda Carmona. Vicepresidente 2\u00ba: Don Antonio Mesa Luque. Secretario: Don Guillermo G\u00f3mez Zarranz. Vicesecretario: Don Juan Nadal Vigil. Tesorero: Don Alfonso Mart\u00ednez Lozano. Contador: Don Baldomero Fuentes Cuesta. Vocales:\u00a0 Don Carlos Reynaud Ricca;\u00a0 D. Antonio&#8230;<\/p>\n","protected":false},"author":48,"featured_media":15158,"comment_status":"open","ping_status":"open","sticky":false,"template":"","format":"standard","meta":{"_kad_post_transparent":"","_kad_post_title":"","_kad_post_layout":"","_kad_post_sidebar_id":"","_kad_post_content_style":"","_kad_post_vertical_padding":"","_kad_post_feature":"","_kad_post_feature_position":"","_kad_post_header":false,"_kad_post_footer":false,"_kad_post_classname":"","_jetpack_memberships_contains_paid_content":false,"footnotes":"","jetpack_publicize_message":"","jetpack_publicize_feature_enabled":true,"jetpack_social_post_already_shared":false,"jetpack_social_options":{"image_generator_settings":{"template":"highway","default_image_id":0,"font":"","enabled":false},"version":2}},"categories":[891,1],"tags":[53,1541,3835,3837,3827,3833,1230,1663,3161,1643,18169,1961,1953,3839,12589,3836,2020,18515],"class_list":["post-15155","post","type-post","status-publish","format-standard","has-post-thumbnail","hentry","category-directivos-temas","category-portada","tag-53","tag-alfonso-martinez-lozano","tag-antonio-fajardo-ocete-vocal","tag-antonio-jimenez-de-luque-vocal","tag-antonio-mesa-luque-vicepresidente-2","tag-antonio-tevar-sancho-vocal","tag-baldomero-fuentes-cuesta","tag-carlos-fernandez-de-pando","tag-carlos-reynaud-ricca","tag-evaristo-perez-cortes","tag-francisco-de-la-cerda","tag-francisco-garcia-fernandez","tag-guillermo-gomez-zarranz","tag-jose-carmona-loria-vocal","tag-juan-nadal-vigil","tag-nicolas-vilches-zayas-vocal","tag-pepe-valera","tag-santos-bedoya-rico"],"jetpack_publicize_connections":[],"jetpack_featured_media_url":"https:\/\/i0.wp.com\/www.manquepierda.com\/historiarealbetis\/files\/2011\/10\/escanear00341.jpg?fit=238%2C358&ssl=1","jetpack_sharing_enabled":true,"jetpack_shortlink":"https:\/\/wp.me\/p1ij08-3Wr","jetpack-related-posts":[],"_links":{"self":[{"href":"https:\/\/www.manquepierda.com\/historiarealbetis\/wp-json\/wp\/v2\/posts\/15155","targetHints":{"allow":["GET"]}}],"collection":[{"href":"https:\/\/www.manquepierda.com\/historiarealbetis\/wp-json\/wp\/v2\/posts"}],"about":[{"href":"https:\/\/www.manquepierda.com\/historiarealbetis\/wp-json\/wp\/v2\/types\/post"}],"author":[{"embeddable":true,"href":"https:\/\/www.manquepierda.com\/historiarealbetis\/wp-json\/wp\/v2\/users\/48"}],"replies":[{"embeddable":true,"href":"https:\/\/www.manquepierda.com\/historiarealbetis\/wp-json\/wp\/v2\/comments?post=15155"}],"version-history":[{"count":1,"href":"https:\/\/www.manquepierda.com\/historiarealbetis\/wp-json\/wp\/v2\/posts\/15155\/revisions"}],"predecessor-version":[{"id":98049,"href":"https:\/\/www.manquepierda.com\/historiarealbetis\/wp-json\/wp\/v2\/posts\/15155\/revisions\/98049"}],"wp:featuredmedia":[{"embeddable":true,"href":"https:\/\/www.manquepierda.com\/historiarealbetis\/wp-json\/wp\/v2\/media\/15158"}],"wp:attachment":[{"href":"https:\/\/www.manquepierda.com\/historiarealbetis\/wp-json\/wp\/v2\/media?parent=15155"}],"wp:term":[{"taxonomy":"category","embeddable":true,"href":"https:\/\/www.manquepierda.com\/historiarealbetis\/wp-json\/wp\/v2\/categories?post=15155"},{"taxonomy":"post_tag","embeddable":true,"href":"https:\/\/www.manquepierda.com\/historiarealbetis\/wp-json\/wp\/v2\/tags?post=15155"}],"curies":[{"name":"wp","href":"https:\/\/api.w.org\/{rel}","templated":true}]}}