{"id":1547,"date":"2010-10-17T11:28:21","date_gmt":"2010-10-17T11:28:21","guid":{"rendered":"http:\/\/www.manquepierda.com\/?p=1547"},"modified":"2023-02-06T20:48:09","modified_gmt":"2023-02-06T19:48:09","slug":"juan-rafael-pedrosa","status":"publish","type":"post","link":"https:\/\/www.manquepierda.com\/historiarealbetis\/juan-rafael-pedrosa\/","title":{"rendered":"Juan Rafael Pedrosa"},"content":{"rendered":"<p><a href=\"https:\/\/i0.wp.com\/www.manquepierda.com\/historiarealbetis\/files\/2010\/10\/Pedrosa.jpg?ssl=1\"><img data-recalc-dims=\"1\" loading=\"lazy\" decoding=\"async\" class=\"wp-image-1548 aligncenter\" src=\"https:\/\/i0.wp.com\/www.manquepierda.com\/wordpress\/wp-content\/uploads\/2010\/10\/Pedrosa-201x300.jpg?resize=201%2C300\" alt=\"\" width=\"201\" height=\"300\" srcset=\"https:\/\/i0.wp.com\/www.manquepierda.com\/historiarealbetis\/files\/2010\/10\/Pedrosa.jpg?resize=201%2C300&amp;ssl=1 201w, https:\/\/i0.wp.com\/www.manquepierda.com\/historiarealbetis\/files\/2010\/10\/Pedrosa.jpg?w=336&amp;ssl=1 336w\" sizes=\"auto, (max-width: 201px) 100vw, 201px\" \/><\/a><\/p>\n<p><strong>Juan Rafael Pedrosa Cano<\/strong> nacido\u00a0 en Sevilla el 14 de Agosto de 1906, y fallecido en Madrid el 30 de enero de 1976.<\/p>\n<p>Portero.<\/p>\n<p>Lleg\u00f3 al Betis en la temporada 1926-27 procedente de un hist\u00f3rico club de la local sevillana: el Triaca. Dif\u00edcil lo tuvo para jugar en el equipo b\u00e9tico, pues la porter\u00eda estaba cubierta por el m\u00edtico Jes\u00fas \u00abManos Duras\u00bb.<\/p>\n<p>En el Betis estar\u00e1 hasta el final de la temporada 1931-32, siendo part\u00edcipe de los \u00e9xitos conseguidos en esa etapa: Campeonato de Andaluc\u00eda en 1928, final de la Copa en 1931 y ascenso a Primera Divisi\u00f3n en 1932.<\/p>\n<p>La llegada de Urquiaga para reforzar\u00a0 la porter\u00eda propicia su salida del club,\u00a0 por\u00a0 lo que Pedrosa ficha por el Deportivo Nacional de Madrid, un club que en la temporada 1932-33 no participa en la Liga nacional por sus problemas econ\u00f3micos.\u00a0 Al a\u00f1o siguiente se incorpora al Racing de Santander, donde permanecer\u00e1 hasta el final de la campa\u00f1a 1940-41.<\/p>\n<p>Historial<\/p>\n<table border=\"0\" width=\"240\" cellspacing=\"0\" cellpadding=\"0\">\n<tbody>\n<tr>\n<td width=\"80\" height=\"17\">1926-27<\/td>\n<td width=\"80\">Betis<\/td>\n<td width=\"80\"><\/td>\n<\/tr>\n<tr>\n<td height=\"17\">1927-28<\/td>\n<td>Betis<\/td>\n<td><\/td>\n<\/tr>\n<tr>\n<td height=\"17\">1928-29<\/td>\n<td>Betis<\/td>\n<td>Segunda<\/td>\n<\/tr>\n<tr>\n<td height=\"17\">1929-30<\/td>\n<td>Betis<\/td>\n<td>Segunda<\/td>\n<\/tr>\n<tr>\n<td height=\"17\">1930-31<\/td>\n<td>Betis<\/td>\n<td>Segunda<\/td>\n<\/tr>\n<tr>\n<td height=\"17\">1931-32<\/td>\n<td>Betis<\/td>\n<td>Segunda<\/td>\n<\/tr>\n<tr>\n<td height=\"17\">1932-33<\/td>\n<td>Nacional<\/td>\n<td><\/td>\n<\/tr>\n<tr>\n<td height=\"17\">1933-34<\/td>\n<td>Racing<\/td>\n<td>Primera<\/td>\n<\/tr>\n<tr>\n<td height=\"17\">1934-35<\/td>\n<td>Racing<\/td>\n<td>Primera<\/td>\n<\/tr>\n<tr>\n<td height=\"17\">1935-36<\/td>\n<td>Racing<\/td>\n<td>Primera<\/td>\n<\/tr>\n<tr>\n<td height=\"17\">1939-40<\/td>\n<td>Racing<\/td>\n<td>Primera<\/td>\n<\/tr>\n<tr>\n<td height=\"17\">1940-41<\/td>\n<td>Racing<\/td>\n<td>Segunda<\/td>\n<\/tr>\n<\/tbody>\n<\/table>\n<p>En el Betis disput\u00f3 15 partidos de Liga, 3 de Copa, 7 del Campeonato Regional y 61 amistosos.<\/p>\n","protected":false},"excerpt":{"rendered":"<p>Juan Rafael Pedrosa Cano nacido\u00a0 en Sevilla el 14 de Agosto de 1906, y fallecido en Madrid el 30 de enero de 1976. Portero. Lleg\u00f3 al Betis en la temporada 1926-27 procedente de un hist\u00f3rico club de la local sevillana: el Triaca. Dif\u00edcil lo tuvo para jugar en el equipo b\u00e9tico, pues la porter\u00eda estaba&#8230;<\/p>\n","protected":false},"author":5,"featured_media":1548,"comment_status":"open","ping_status":"open","sticky":false,"template":"","format":"standard","meta":{"_kad_post_transparent":"","_kad_post_title":"","_kad_post_layout":"","_kad_post_sidebar_id":"","_kad_post_content_style":"","_kad_post_vertical_padding":"","_kad_post_feature":"","_kad_post_feature_position":"","_kad_post_header":false,"_kad_post_footer":false,"_kad_post_classname":"","_jetpack_memberships_contains_paid_content":false,"footnotes":"","jetpack_publicize_message":"","jetpack_publicize_feature_enabled":true,"jetpack_social_post_already_shared":false,"jetpack_social_options":{"image_generator_settings":{"template":"highway","default_image_id":0,"font":"","enabled":false},"version":2}},"categories":[893,1],"tags":[493],"class_list":["post-1547","post","type-post","status-publish","format-standard","has-post-thumbnail","hentry","category-jugadores-temas","category-portada","tag-juan-rafael-pedrosa"],"jetpack_publicize_connections":[],"jetpack_featured_media_url":"https:\/\/i0.wp.com\/www.manquepierda.com\/historiarealbetis\/files\/2010\/10\/Pedrosa.jpg?fit=336%2C500&ssl=1","jetpack_sharing_enabled":true,"jetpack_shortlink":"https:\/\/wp.me\/p1ij08-oX","jetpack-related-posts":[],"_links":{"self":[{"href":"https:\/\/www.manquepierda.com\/historiarealbetis\/wp-json\/wp\/v2\/posts\/1547","targetHints":{"allow":["GET"]}}],"collection":[{"href":"https:\/\/www.manquepierda.com\/historiarealbetis\/wp-json\/wp\/v2\/posts"}],"about":[{"href":"https:\/\/www.manquepierda.com\/historiarealbetis\/wp-json\/wp\/v2\/types\/post"}],"author":[{"embeddable":true,"href":"https:\/\/www.manquepierda.com\/historiarealbetis\/wp-json\/wp\/v2\/users\/5"}],"replies":[{"embeddable":true,"href":"https:\/\/www.manquepierda.com\/historiarealbetis\/wp-json\/wp\/v2\/comments?post=1547"}],"version-history":[{"count":5,"href":"https:\/\/www.manquepierda.com\/historiarealbetis\/wp-json\/wp\/v2\/posts\/1547\/revisions"}],"predecessor-version":[{"id":87856,"href":"https:\/\/www.manquepierda.com\/historiarealbetis\/wp-json\/wp\/v2\/posts\/1547\/revisions\/87856"}],"wp:featuredmedia":[{"embeddable":true,"href":"https:\/\/www.manquepierda.com\/historiarealbetis\/wp-json\/wp\/v2\/media\/1548"}],"wp:attachment":[{"href":"https:\/\/www.manquepierda.com\/historiarealbetis\/wp-json\/wp\/v2\/media?parent=1547"}],"wp:term":[{"taxonomy":"category","embeddable":true,"href":"https:\/\/www.manquepierda.com\/historiarealbetis\/wp-json\/wp\/v2\/categories?post=1547"},{"taxonomy":"post_tag","embeddable":true,"href":"https:\/\/www.manquepierda.com\/historiarealbetis\/wp-json\/wp\/v2\/tags?post=1547"}],"curies":[{"name":"wp","href":"https:\/\/api.w.org\/{rel}","templated":true}]}}