{"id":15501,"date":"2011-11-05T15:57:11","date_gmt":"2011-11-05T13:57:11","guid":{"rendered":"http:\/\/www.manquepierda.com\/historiarealbetis\/?p=15501"},"modified":"2024-10-11T07:43:43","modified_gmt":"2024-10-11T05:43:43","slug":"1960-mayo-trofeo-benito-villamarin-prieto","status":"publish","type":"post","link":"https:\/\/www.manquepierda.com\/historiarealbetis\/1960-mayo-trofeo-benito-villamarin-prieto\/","title":{"rendered":"1960-Mayo 26-27 (Semifinales) 28 (Consolaci\u00f3n) 29-Gran Final I Trofeo Villamar\u00edn.-57Aniversario."},"content":{"rendered":"<p style=\"text-align: center\"><a href=\"https:\/\/i0.wp.com\/www.manquepierda.com\/historiarealbetis\/files\/2011\/11\/Trofeo-BVP-19601.jpg?ssl=1\"><img data-recalc-dims=\"1\" loading=\"lazy\" decoding=\"async\" class=\"aligncenter size-medium wp-image-15506\" src=\"https:\/\/i0.wp.com\/www.manquepierda.com\/historiarealbetis\/files\/2011\/11\/Trofeo-BVP-19601.jpg?resize=300%2C183&#038;ssl=1\" alt=\"\" width=\"300\" height=\"183\" srcset=\"https:\/\/i0.wp.com\/www.manquepierda.com\/historiarealbetis\/files\/2011\/11\/Trofeo-BVP-19601.jpg?resize=300%2C183&amp;ssl=1 300w, https:\/\/i0.wp.com\/www.manquepierda.com\/historiarealbetis\/files\/2011\/11\/Trofeo-BVP-19601.jpg?w=800&amp;ssl=1 800w\" sizes=\"auto, (max-width: 300px) 100vw, 300px\" \/><\/a><a href=\"https:\/\/www.manquepierda.com\/historiarealbetis\/files\/2011\/11\/Trofeo-BVP-1960.jpg\"><br \/>\n<\/a>1960-MAYO 26: jueves 21 Horas.-Primera Semifinal.-Estadio Municipal de Heli\u00f3polis.<\/p>\n<p style=\"text-align: center\"><img data-recalc-dims=\"1\" loading=\"lazy\" decoding=\"async\" class=\"aligncenter size-thumbnail wp-image-58851\" src=\"https:\/\/i0.wp.com\/www.manquepierda.com\/historiarealbetis\/files\/2011\/11\/JMOM.jpg?resize=125%2C220&#038;ssl=1\" alt=\"\" width=\"125\" height=\"220\" srcset=\"https:\/\/i0.wp.com\/www.manquepierda.com\/historiarealbetis\/files\/2011\/11\/JMOM.jpg?resize=125%2C220&amp;ssl=1 125w, https:\/\/i0.wp.com\/www.manquepierda.com\/historiarealbetis\/files\/2011\/11\/JMOM.jpg?w=151&amp;ssl=1 151w\" sizes=\"auto, (max-width: 125px) 100vw, 125px\" \/><\/p>\n<p style=\"text-align: center\">Arbitr\u00f3 bien: Jos\u00e9 Mar\u00eda ORT\u00cdZ De Mendibil-Monasterio.<\/p>\n<p style=\"text-align: center\"><img data-recalc-dims=\"1\" loading=\"lazy\" decoding=\"async\" class=\"aligncenter size-full wp-image-58827\" src=\"https:\/\/i0.wp.com\/www.manquepierda.com\/historiarealbetis\/files\/2011\/11\/n_betis_el_estadio-36922.jpg?resize=389%2C258&#038;ssl=1\" alt=\"\" width=\"389\" height=\"258\" srcset=\"https:\/\/i0.wp.com\/www.manquepierda.com\/historiarealbetis\/files\/2011\/11\/n_betis_el_estadio-36922.jpg?w=389&amp;ssl=1 389w, https:\/\/i0.wp.com\/www.manquepierda.com\/historiarealbetis\/files\/2011\/11\/n_betis_el_estadio-36922.jpg?resize=220%2C146&amp;ssl=1 220w\" sizes=\"auto, (max-width: 389px) 100vw, 389px\" \/><\/p>\n<p style=\"text-align: center\">Camisetas y Pantalones Blancos.-Real Madrid CF (Campe\u00f3n de Europa)-3 Goles.<\/p>\n<p style=\"text-align: center\"><img data-recalc-dims=\"1\" loading=\"lazy\" decoding=\"async\" class=\"aligncenter size-thumbnail wp-image-58825\" src=\"https:\/\/i0.wp.com\/www.manquepierda.com\/historiarealbetis\/files\/2011\/11\/SBYRM.jpeg?resize=220%2C128&#038;ssl=1\" alt=\"\" width=\"220\" height=\"128\" srcset=\"https:\/\/i0.wp.com\/www.manquepierda.com\/historiarealbetis\/files\/2011\/11\/SBYRM.jpeg?resize=220%2C128&amp;ssl=1 220w, https:\/\/i0.wp.com\/www.manquepierda.com\/historiarealbetis\/files\/2011\/11\/SBYRM.jpeg?w=295&amp;ssl=1 295w\" sizes=\"auto, (max-width: 220px) 100vw, 220px\" \/><\/p>\n<p style=\"text-align: center\">Presidente, don Santiago Bernab\u00e9u Yeste.<\/p>\n<p style=\"text-align: center\"><img data-recalc-dims=\"1\" loading=\"lazy\" decoding=\"async\" class=\"aligncenter size-thumbnail wp-image-58824\" src=\"https:\/\/i0.wp.com\/www.manquepierda.com\/historiarealbetis\/files\/2011\/11\/MMM.jpg?resize=141%2C220&#038;ssl=1\" alt=\"\" width=\"141\" height=\"220\" srcset=\"https:\/\/i0.wp.com\/www.manquepierda.com\/historiarealbetis\/files\/2011\/11\/MMM.jpg?resize=141%2C220&amp;ssl=1 141w, https:\/\/i0.wp.com\/www.manquepierda.com\/historiarealbetis\/files\/2011\/11\/MMM.jpg?w=156&amp;ssl=1 156w\" sizes=\"auto, (max-width: 141px) 100vw, 141px\" \/><\/p>\n<p style=\"text-align: center\">Entrenador, Miguel Mu\u00f1oz Moz\u00fan (38 a\u00f1os+4 meses+7 d\u00edas)-Natural de Madrid, jueves 19-I-1922.<\/p>\n<p style=\"text-align: center\"><img data-recalc-dims=\"1\" loading=\"lazy\" decoding=\"async\" class=\"aligncenter size-thumbnail wp-image-58826\" src=\"https:\/\/i0.wp.com\/www.manquepierda.com\/historiarealbetis\/files\/2011\/11\/RADL.jpg?resize=149%2C220&#038;ssl=1\" alt=\"\" width=\"149\" height=\"220\" srcset=\"https:\/\/i0.wp.com\/www.manquepierda.com\/historiarealbetis\/files\/2011\/11\/RADL.jpg?resize=149%2C220&amp;ssl=1 149w, https:\/\/i0.wp.com\/www.manquepierda.com\/historiarealbetis\/files\/2011\/11\/RADL.jpg?w=165&amp;ssl=1 165w\" sizes=\"auto, (max-width: 149px) 100vw, 149px\" \/><\/p>\n<p style=\"text-align: left\">1-(Imbatido).-Rogelio Antonio DOM\u00cdNGUEZ L\u00f3pez (29 a\u00f1os+2 meses+17 d\u00edas)-Natural de Buenos Aires (Argentina), lunes 9-III-1931.<\/p>\n<p style=\"text-align: left\">2-Marcos Alonso Imaz (a) \u00abMARQUITOS\u00bb.-5-Jos\u00e9 Emilio SANTAMAR\u00cdA Iglesias.-3-Enrique P\u00e9rez D\u00edaz (a) \u00abPACH\u00cdN\u00bb [80 minutos: Miguel Garc\u00eda Mart\u00edn (a) \u00abMICHE\u00bb].<\/p>\n<p style=\"text-align: center\"><img data-recalc-dims=\"1\" loading=\"lazy\" decoding=\"async\" class=\"aligncenter size-thumbnail wp-image-58828\" src=\"https:\/\/i0.wp.com\/www.manquepierda.com\/historiarealbetis\/files\/2011\/11\/JMVB.jpg?resize=161%2C220&#038;ssl=1\" alt=\"\" width=\"161\" height=\"220\" srcset=\"https:\/\/i0.wp.com\/www.manquepierda.com\/historiarealbetis\/files\/2011\/11\/JMVB.jpg?resize=161%2C220&amp;ssl=1 161w, https:\/\/i0.wp.com\/www.manquepierda.com\/historiarealbetis\/files\/2011\/11\/JMVB.jpg?w=262&amp;ssl=1 262w\" sizes=\"auto, (max-width: 161px) 100vw, 161px\" \/><\/p>\n<p style=\"text-align: left\"><strong>4-(Logr\u00f3: 2-0.-52 minutos).-Jos\u00e9<\/strong> <strong>Mar\u00eda VIDAL Bravo (25 a\u00f1os+20 d\u00edas)-Natural de Madrid, lunes 6-V-1935.<\/strong><\/p>\n<p style=\"text-align: left\">6-Jos\u00e9 Mar\u00eda Z\u00c1RRAGA Mart\u00ed,<\/p>\n<p style=\"text-align: left\">7-Darcy Silveira dos Santos (a) \u00abCANARIO\u00bb.-8-<strong>Lu\u00eds DEL SOL Cacajares.<\/strong><\/p>\n<p style=\"text-align: left\"><strong>9-(Marc\u00f3: 1-0.-47 minutos).-Alfredo DI ST\u00c9FANO Laulh\u00e9 (33 a\u00f1os+10 meses+19 d\u00edas)-Natural de Barracas (Argentina), mi\u00e9rcoles 7-VII-1926.-<\/strong><\/p>\n<p style=\"text-align: left\"><strong><em>Moviola: Alfredo lanz\u00f3 fuertes pitidos-ordenando a Mu\u00f1oz e indic\u00e1ndole que se marchaba del terreno de juego \u00e1 los 73 minutos ante el asombro de los aficionados que presenciaba la primera semifinal:<\/em><\/strong><\/p>\n<p style=\"text-align: center\"><img data-recalc-dims=\"1\" loading=\"lazy\" decoding=\"async\" class=\"aligncenter size-thumbnail wp-image-58829\" src=\"https:\/\/i0.wp.com\/www.manquepierda.com\/historiarealbetis\/files\/2011\/11\/WPD.jpg?resize=139%2C220&#038;ssl=1\" alt=\"\" width=\"139\" height=\"220\" srcset=\"https:\/\/i0.wp.com\/www.manquepierda.com\/historiarealbetis\/files\/2011\/11\/WPD.jpg?resize=139%2C220&amp;ssl=1 139w, https:\/\/i0.wp.com\/www.manquepierda.com\/historiarealbetis\/files\/2011\/11\/WPD.jpg?w=173&amp;ssl=1 173w\" sizes=\"auto, (max-width: 139px) 100vw, 139px\" \/><\/p>\n<p style=\"text-align: center\"><strong>Waldir Pereira (a) \u00abDID\u00cd\u00bb (31 a\u00f1os+7 meses+18 d\u00edas)-Natural de Campos (Brasil), lunes 8-X-1928.<\/strong><\/p>\n<p style=\"text-align: left\"><strong>10-(\u00abCa\u00f1oncito Pum\u00bb: 3-0.-80 minutos).-Feren\u00e7 PUSK\u00c1S Bir\u00f3 (33 a\u00f1os+1 mes+24 d\u00edas)-Natural de Budapest (Hungr\u00eda), s\u00e1bado 2-IV-27.<\/strong><\/p>\n<p style=\"text-align: left\">11-Manuel BUENO Cabral (a) \u00abMANOL\u00cdN\u00bb.<\/p>\n<p style=\"text-align: center\">Vs.<\/p>\n<p style=\"text-align: center\"><img data-recalc-dims=\"1\" loading=\"lazy\" decoding=\"async\" class=\"aligncenter size-thumbnail wp-image-58823\" src=\"https:\/\/i0.wp.com\/www.manquepierda.com\/historiarealbetis\/files\/2011\/11\/BVD09D.png?resize=220%2C220&#038;ssl=1\" alt=\"\" width=\"220\" height=\"220\" srcset=\"https:\/\/i0.wp.com\/www.manquepierda.com\/historiarealbetis\/files\/2011\/11\/BVD09D.png?resize=220%2C220&amp;ssl=1 220w, https:\/\/i0.wp.com\/www.manquepierda.com\/historiarealbetis\/files\/2011\/11\/BVD09D.png?w=225&amp;ssl=1 225w\" sizes=\"auto, (max-width: 220px) 100vw, 220px\" \/><\/p>\n<p style=\"text-align: center\">BV Borussia de Dormund (Alemania.-Fundaci\u00f3n: 1909-Diciembre 19, domingo)-0 Tanto.<\/p>\n<p style=\"text-align: center\"><img data-recalc-dims=\"1\" loading=\"lazy\" decoding=\"async\" class=\"aligncenter size-thumbnail wp-image-58822\" src=\"https:\/\/i0.wp.com\/www.manquepierda.com\/historiarealbetis\/files\/2011\/11\/MM.jpg?resize=176%2C220&#038;ssl=1\" alt=\"\" width=\"176\" height=\"220\" srcset=\"https:\/\/i0.wp.com\/www.manquepierda.com\/historiarealbetis\/files\/2011\/11\/MM.jpg?resize=176%2C220&amp;ssl=1 176w, https:\/\/i0.wp.com\/www.manquepierda.com\/historiarealbetis\/files\/2011\/11\/MM.jpg?w=400&amp;ssl=1 400w\" sizes=\"auto, (max-width: 176px) 100vw, 176px\" \/><\/p>\n<p style=\"text-align: center\">Entrenador: Markzimiliam Merkel (41 a\u00f1os+5 meses+19 d\u00edas).-Natural de Viena (Austria), s\u00e1bado 7-XII-1918.<\/p>\n<p style=\"text-align: center\">CAMISETAS AMARILLAS CON RIBETES Y CALZONAS NEGRAS:<\/p>\n<p style=\"text-align: center\"><img data-recalc-dims=\"1\" loading=\"lazy\" decoding=\"async\" class=\"aligncenter size-thumbnail wp-image-58830\" src=\"https:\/\/i0.wp.com\/www.manquepierda.com\/historiarealbetis\/files\/2011\/11\/HK.jpg?resize=176%2C220&#038;ssl=1\" alt=\"\" width=\"176\" height=\"220\" srcset=\"https:\/\/i0.wp.com\/www.manquepierda.com\/historiarealbetis\/files\/2011\/11\/HK.jpg?resize=176%2C220&amp;ssl=1 176w, https:\/\/i0.wp.com\/www.manquepierda.com\/historiarealbetis\/files\/2011\/11\/HK.jpg?w=400&amp;ssl=1 400w\" sizes=\"auto, (max-width: 176px) 100vw, 176px\" \/><\/p>\n<p style=\"text-align: left\">1-(3 goles encajados) Heinrich KWIATKOWSKI (33 a\u00f1os+10 meses+10 d\u00edas)-Natural de Gelsenkirchen (Alemania), viernes 16-VII-1926.<\/p>\n<p style=\"text-align: left\">2-Wihellm BURGSM\u00dcLLER.-5.-Alfred KELBASSA.-3-Helmut BRACHT; 4-Horst STEINKUHL.-6-Wolfgang PETERS; 7-Gerarhard CYLIAK.-8-Alfred SCHMIDT.-9-J\u00fcrgen SCH\u00dcTZ.-10-Timo KONIETZKA.-11-Klaus PRITZ.<\/p>\n<p style=\"text-align: center\">&#8212;&#8212;&#8212;&#8212;&#8212;000000000000000&#8212;&#8212;&#8212;&#8212;&#8212;<\/p>\n<p style=\"text-align: center\"><strong>1960-MAYO 27, viernes 21 Horas.-Segunda Semifinal.-Estadio Municipal de Heli\u00f3polis.<\/strong><\/p>\n<p style=\"text-align: center\"><img data-recalc-dims=\"1\" loading=\"lazy\" decoding=\"async\" class=\"aligncenter size-thumbnail wp-image-58837\" src=\"https:\/\/i0.wp.com\/www.manquepierda.com\/historiarealbetis\/files\/2011\/11\/RGF.jpg?resize=145%2C220&#038;ssl=1\" alt=\"\" width=\"145\" height=\"220\" srcset=\"https:\/\/i0.wp.com\/www.manquepierda.com\/historiarealbetis\/files\/2011\/11\/RGF.jpg?resize=145%2C220&amp;ssl=1 145w, https:\/\/i0.wp.com\/www.manquepierda.com\/historiarealbetis\/files\/2011\/11\/RGF.jpg?w=193&amp;ssl=1 193w\" sizes=\"auto, (max-width: 145px) 100vw, 145px\" \/><\/p>\n<p style=\"text-align: left\"><strong>Arbit\u00f3 con algunos errores: Rafael GARC\u00cdA Fern\u00e1ndez (47 a\u00f1os)-Natural de Santander (Cantabria)-Marzo 1913.<br \/>\n<\/strong><\/p>\n<p style=\"text-align: center\"><img data-recalc-dims=\"1\" loading=\"lazy\" decoding=\"async\" class=\"aligncenter size-thumbnail wp-image-58831\" src=\"https:\/\/i0.wp.com\/www.manquepierda.com\/historiarealbetis\/files\/2011\/11\/ESCUDO-1960.jpeg?resize=220%2C186&#038;ssl=1\" alt=\"\" width=\"220\" height=\"186\" \/><\/p>\n<p style=\"text-align: center\"><em><strong>Camisolines Verdiblancos y pantalones Blancos.-REAL BETIS BALOMPI\u00c9-2 GOLES.<\/strong><\/em><\/p>\n<p style=\"text-align: center\"><img data-recalc-dims=\"1\" loading=\"lazy\" decoding=\"async\" class=\"aligncenter size-thumbnail wp-image-58832\" src=\"https:\/\/i0.wp.com\/www.manquepierda.com\/historiarealbetis\/files\/2011\/11\/Juan-Ignacio-OTERO-Couceiro-FS099.jpg?resize=140%2C220&#038;ssl=1\" alt=\"\" width=\"140\" height=\"220\" srcset=\"https:\/\/i0.wp.com\/www.manquepierda.com\/historiarealbetis\/files\/2011\/11\/Juan-Ignacio-OTERO-Couceiro-FS099.jpg?resize=140%2C220&amp;ssl=1 140w, https:\/\/i0.wp.com\/www.manquepierda.com\/historiarealbetis\/files\/2011\/11\/Juan-Ignacio-OTERO-Couceiro-FS099.jpg?resize=383%2C600&amp;ssl=1 383w, https:\/\/i0.wp.com\/www.manquepierda.com\/historiarealbetis\/files\/2011\/11\/Juan-Ignacio-OTERO-Couceiro-FS099.jpg?resize=768%2C1204&amp;ssl=1 768w, https:\/\/i0.wp.com\/www.manquepierda.com\/historiarealbetis\/files\/2011\/11\/Juan-Ignacio-OTERO-Couceiro-FS099.jpg?resize=446%2C700&amp;ssl=1 446w, https:\/\/i0.wp.com\/www.manquepierda.com\/historiarealbetis\/files\/2011\/11\/Juan-Ignacio-OTERO-Couceiro-FS099.jpg?w=1028&amp;ssl=1 1028w\" sizes=\"auto, (max-width: 140px) 100vw, 140px\" \/><\/p>\n<p style=\"text-align: left\"><em><strong>1-(Un tanto encajado).-Juan Ignacio OTERO Couceiro (30 a\u00f1os+11 meses+25 d\u00edas)-Natural de A Coru\u00f1a, s\u00e1bado 1\u00ba Junio-1929.<\/strong><\/em><\/p>\n<p style=\"text-align: center\">Zagueros:<\/p>\n<p style=\"text-align: left\"><em><strong>2-Lateral diestro-Jos\u00e9 Lu\u00eds AZCUETA Uriarte.-5-Central-Eusebio R\u00cdOS Fern\u00e1ndez.-3-Lateral zurdo-Fernando SANTOS Serna.<\/strong><\/em><\/p>\n<p style=\"text-align: center\">Medios:<\/p>\n<p style=\"text-align: center\"><em><strong>4-Diestro-Esteban Areta V\u00e9lez (a) \u00abARETA II\u00bb (AZPEITIA).-6-Zurdo-Jos\u00e9 VALDERAS Rum\u00ed.<\/strong><\/em><\/p>\n<p style=\"text-align: center\">Delanteros:<\/p>\n<p style=\"text-align: center\"><img data-recalc-dims=\"1\" loading=\"lazy\" decoding=\"async\" class=\"aligncenter size-thumbnail wp-image-58833\" src=\"https:\/\/i0.wp.com\/www.manquepierda.com\/historiarealbetis\/files\/2011\/11\/Le%C3%B3n-LASA-M%C3%BAjica-FS110.jpg?resize=140%2C220&#038;ssl=1\" alt=\"\" width=\"140\" height=\"220\" srcset=\"https:\/\/i0.wp.com\/www.manquepierda.com\/historiarealbetis\/files\/2011\/11\/Le%C3%B3n-LASA-M%C3%BAjica-FS110.jpg?resize=140%2C220&amp;ssl=1 140w, https:\/\/i0.wp.com\/www.manquepierda.com\/historiarealbetis\/files\/2011\/11\/Le%C3%B3n-LASA-M%C3%BAjica-FS110.jpg?resize=382%2C600&amp;ssl=1 382w, https:\/\/i0.wp.com\/www.manquepierda.com\/historiarealbetis\/files\/2011\/11\/Le%C3%B3n-LASA-M%C3%BAjica-FS110.jpg?resize=768%2C1208&amp;ssl=1 768w, https:\/\/i0.wp.com\/www.manquepierda.com\/historiarealbetis\/files\/2011\/11\/Le%C3%B3n-LASA-M%C3%BAjica-FS110.jpg?resize=445%2C700&amp;ssl=1 445w, https:\/\/i0.wp.com\/www.manquepierda.com\/historiarealbetis\/files\/2011\/11\/Le%C3%B3n-LASA-M%C3%BAjica-FS110.jpg?w=1020&amp;ssl=1 1020w\" sizes=\"auto, (max-width: 140px) 100vw, 140px\" \/><\/p>\n<p style=\"text-align: left\"><em><strong>*2-0.-57 minutos.-\u00abUn espectacular centro de Gargallo lo despeja en corto la zaga rival, y Le\u00f3n bombea el esf\u00e9rico-tal c\u00f3mo le viene-estrell\u00e1ndolo en el travesa\u00f1o, pero consiguiendo que el extra\u00f1o efecto del cuero llegue dentro de las redes del Bolton\u00bb.<\/strong><\/em><\/p>\n<p style=\"text-align: left\"><em><strong>7-Extremo diestro.-Le\u00f3n LASA M\u00fajica (27 a\u00f1os+3 meses+9 d\u00edas)-Natural de Beasa\u00edn (Guip\u00fazcoa), viernes 17-II-1933.-Obituario en Sevilla, mi\u00e9rcoles 18-VI-2003 (70 A\u00f1os+4 meses+1 d\u00eda) D. E. P.<\/strong><\/em><\/p>\n<p style=\"text-align: center\"><em><strong>Jorge VILA Soler (le sustituy\u00f3).<\/strong><\/em><\/p>\n<p style=\"text-align: center\"><img data-recalc-dims=\"1\" loading=\"lazy\" decoding=\"async\" class=\"aligncenter size-thumbnail wp-image-58834\" src=\"https:\/\/i0.wp.com\/www.manquepierda.com\/historiarealbetis\/files\/2011\/11\/Janos-KUSZMANN-Erwin-166x220.jpg?resize=166%2C220&#038;ssl=1\" alt=\"\" width=\"166\" height=\"220\" srcset=\"https:\/\/i0.wp.com\/www.manquepierda.com\/historiarealbetis\/files\/2011\/11\/Janos-KUSZMANN-Erwin.jpg?resize=166%2C220&amp;ssl=1 166w, https:\/\/i0.wp.com\/www.manquepierda.com\/historiarealbetis\/files\/2011\/11\/Janos-KUSZMANN-Erwin.jpg?w=453&amp;ssl=1 453w\" sizes=\"auto, (max-width: 166px) 100vw, 166px\" \/><\/p>\n<p style=\"text-align: left\"><em><strong>*1-0.-20 minutos: \u00abRojas saca una falta en el centro del terreno, recoge el bal\u00f3n Erwin quien ganando la acci\u00f3n \u00e1 la defensa inglesa, remata imparablemente fusilando \u00e1 Hopkinson\u00bb.<\/strong><\/em><\/p>\n<p style=\"text-align: left\"><em><strong>8-Interior diestro.-Janos KUSZMANN Erwin (21 a\u00f1os+5 meses+23 d\u00edas)-Natural de Budapest (Hungr\u00eda), s\u00e1bado 3-XII-1938.-Leyenda Viva Verdiblanca.<\/strong><\/em><\/p>\n<p style=\"text-align: center\"><em><strong>Le sustituy\u00f3 Le\u00f3n LASA M\u00fajica.<\/strong><\/em><\/p>\n<p style=\"text-align: left\"><em><strong>9-Centro delantero-Ariete.-Alfredo Hugo ROJAS Delinge.-10-Interior zurdo-Mariano GARGALLO Minguill\u00f3.-11-Extremo zurdo.-Tom\u00e1s AZPEITIA P\u00e9rez (Ignacio MART\u00cdN-ESPERANZA Tejada).<br \/>\n<\/strong><\/em><\/p>\n<p style=\"text-align: center\"><strong>Vs. <\/strong><\/p>\n<p style=\"text-align: center\"><img data-recalc-dims=\"1\" loading=\"lazy\" decoding=\"async\" class=\"aligncenter size-thumbnail wp-image-58836\" src=\"https:\/\/i0.wp.com\/www.manquepierda.com\/historiarealbetis\/files\/2011\/11\/BOLTON-WANDERERS-2.jpg?resize=220%2C220&#038;ssl=1\" alt=\"\" width=\"220\" height=\"220\" srcset=\"https:\/\/i0.wp.com\/www.manquepierda.com\/historiarealbetis\/files\/2011\/11\/BOLTON-WANDERERS-2.jpg?resize=220%2C220&amp;ssl=1 220w, https:\/\/i0.wp.com\/www.manquepierda.com\/historiarealbetis\/files\/2011\/11\/BOLTON-WANDERERS-2.jpg?w=225&amp;ssl=1 225w\" sizes=\"auto, (max-width: 220px) 100vw, 220px\" \/><\/p>\n<p style=\"text-align: center\"><strong>BOLTON WANDERERS FC (England-Fundaci\u00f3n, jueves 1\u00ba-I-1874)-1 tanto.<\/strong><\/p>\n<p style=\"text-align: center\"><strong>1951-1968.-Entrenador William RIDDING.-2\u00ba Bert SPROSTON.<\/strong><\/p>\n<p style=\"text-align: left\"><strong>1-(2 goles encajados).-Edward HOPKINSON (25 a\u00f1os+7 meses menos 3 d\u00edas)-Natural de Wheatley Hall (England), martes 29-X-1935.<\/strong><\/p>\n<p style=\"text-align: left\"><strong>2-Roy HARTLE.-5-HIGGINS.-3-BANKS; 4-Graham STANLEY.-6-CUNLIFFE (NENNIS).<\/strong><\/p>\n<p style=\"text-align: left\"><strong> 7-BUTCH (HILL).<\/strong><\/p>\n<p style=\"text-align: left\"><strong>8-Peter DEAKIN (22 a\u00f1os+3 meses+1 d\u00eda)-Natural de Normaton (England), viernes 25-III-1938.<\/strong><\/p>\n<p style=\"text-align: left\"><strong>*2-1.-72 minutos: \u00abUn centro del extremo izquierda Holden recogiendo la pelota Peter a bocajarro bate al cancerbero verdiblanco Otero\u00bb.<\/strong><\/p>\n<p style=\"text-align: left\"><strong>9-STEVENS.-10-PARRY.-11-HOLDEN.<\/strong><\/p>\n<p style=\"text-align: center\"><strong>&#8212;&#8212;&#8212;&#8212;&#8212;000000000000000&#8212;&#8212;&#8212;&#8212;&#8212;<\/strong><\/p>\n<p style=\"text-align: center\">1960-Mayo 28, s\u00e1bado 21 Horas, gran final de Consolaci\u00f3n.-Estadio Municipal de Heli\u00f3polis.<\/p>\n<p style=\"text-align: center\"><img data-recalc-dims=\"1\" loading=\"lazy\" decoding=\"async\" class=\"aligncenter size-thumbnail wp-image-58852\" src=\"https:\/\/i0.wp.com\/www.manquepierda.com\/historiarealbetis\/files\/2011\/11\/JRC.jpg?resize=146%2C220&#038;ssl=1\" alt=\"\" width=\"146\" height=\"220\" srcset=\"https:\/\/i0.wp.com\/www.manquepierda.com\/historiarealbetis\/files\/2011\/11\/JRC.jpg?resize=146%2C220&amp;ssl=1 146w, https:\/\/i0.wp.com\/www.manquepierda.com\/historiarealbetis\/files\/2011\/11\/JRC.jpg?w=165&amp;ssl=1 165w\" sizes=\"auto, (max-width: 146px) 100vw, 146px\" \/><\/p>\n<p style=\"text-align: center\">Arbitr\u00f3 discretamente: Jos\u00e9 RUIZ Casasola.<\/p>\n<p style=\"text-align: left\">BV Borussia de Dormund (Alemania)-3 goles (1-1, 30 minutos: Schmidt; 2-1, 31 minutos: Schmidt; 3-2: Konietzka).<\/p>\n<p style=\"text-align: center\">Entrenador:\u00a0 Markzimiliam Merkel (Austria).<\/p>\n<p style=\"text-align: center\">Kwialkowski; Burgsmuller, Bracht, Steinkuih; Khilbassa, Peters; Cyliak, Schmidt, Konietzka, Pritz.<\/p>\n<p style=\"text-align: center\">Vs.<\/p>\n<p style=\"text-align: center\">Entrenador, Bert Sproston (ingl\u00e9s).<\/p>\n<p style=\"text-align: center\">Bolton Wanderers (Inglaterra)-2 tantos (0-1, 18 minutos: Stevens; 2-2, 54 minutos: Stevens).<\/p>\n<p style=\"text-align: center\">Hopkinson; Hartle, Banks, Heenin; Higgins, Edwards; Birch, Deakin, Stevens, Parry, Holden.<\/p>\n<p style=\"text-align: center\">&#8212;&#8212;&#8212;&#8212;&#8212;000000000000000&#8212;&#8212;&#8212;&#8212;&#8212;<\/p>\n<p style=\"text-align: left\"><strong>1960-MAYO 29, domingo 21 Horas.-Gran Final Espa\u00f1ola-I TROFEO BENITO VILLAMAR\u00cdN.-Estadio Municipal de Heli\u00f3polis.<\/strong><\/p>\n<p style=\"text-align: center\"><img data-recalc-dims=\"1\" loading=\"lazy\" decoding=\"async\" class=\"aligncenter size-thumbnail wp-image-58837\" src=\"https:\/\/i0.wp.com\/www.manquepierda.com\/historiarealbetis\/files\/2011\/11\/RGF.jpg?resize=145%2C220&#038;ssl=1\" alt=\"\" width=\"145\" height=\"220\" srcset=\"https:\/\/i0.wp.com\/www.manquepierda.com\/historiarealbetis\/files\/2011\/11\/RGF.jpg?resize=145%2C220&amp;ssl=1 145w, https:\/\/i0.wp.com\/www.manquepierda.com\/historiarealbetis\/files\/2011\/11\/RGF.jpg?w=193&amp;ssl=1 193w\" sizes=\"auto, (max-width: 145px) 100vw, 145px\" \/><\/p>\n<p style=\"text-align: center\">Arbitr\u00f3 discretamente Jos\u00e9 GARC\u00cdA FERN\u00c1NDEZ.<\/p>\n<p style=\"text-align: left\"><strong><em>Don Benito VILLAMAR\u00cdN Prieto-Presidente Real Betis Balompi\u00e9-Industrial (43 a\u00f1os+9 meses+7 d\u00edas)-Natural <img data-recalc-dims=\"1\" loading=\"lazy\" decoding=\"async\" class=\"alignright size-thumbnail wp-image-58838\" src=\"https:\/\/i0.wp.com\/www.manquepierda.com\/historiarealbetis\/files\/2011\/11\/Benito-VILLAMAR%C3%8DN-PRIETO.a.jpg?resize=166%2C220&#038;ssl=1\" alt=\"\" width=\"166\" height=\"220\" srcset=\"https:\/\/i0.wp.com\/www.manquepierda.com\/historiarealbetis\/files\/2011\/11\/Benito-VILLAMAR%C3%8DN-PRIETO.a.jpg?resize=166%2C220&amp;ssl=1 166w, https:\/\/i0.wp.com\/www.manquepierda.com\/historiarealbetis\/files\/2011\/11\/Benito-VILLAMAR%C3%8DN-PRIETO.a.jpg?w=378&amp;ssl=1 378w\" sizes=\"auto, (max-width: 166px) 100vw, 166px\" \/>de Puga-To\u00e9n (Ourense), lunes 21-VIII-1916 (101 Aniversario: lunes 21-VIII-2017).-Obituario en Sevilla, lunes 15-VIII-1966 (51 Aniversario: martes 15-VIII-2017): 50 A\u00f1os menos 5 d\u00edas. D. E. P.<\/em><br \/>\n<\/strong><\/p>\n<p style=\"text-align: left\"><strong><img data-recalc-dims=\"1\" loading=\"lazy\" decoding=\"async\" class=\"alignleft size-thumbnail wp-image-58839\" src=\"https:\/\/i0.wp.com\/www.manquepierda.com\/historiarealbetis\/files\/2011\/11\/Sabino-BARINAGA-Alberdi-02.jpg?resize=220%2C207&#038;ssl=1\" alt=\"\" width=\"220\" height=\"207\" \/>Entrenador, Sabino Barinaga Alberdi (37 a\u00f1os+9 meses+13 d\u00edas)-Natural de Durango (Vizcaya), martes 15-VIII-1922.-Obituario en Madrid, s\u00e1bado 19-III-1988 (65 A\u00f1os+7 meses+4 d\u00edas) D. E. P.<br \/>\n<\/strong><\/p>\n<p style=\"text-align: left\"><strong>AMBAS ESCUADRAS SE CONFORMARON DE LA SIGUIENTE MANERA:<\/strong><\/p>\n<p style=\"text-align: left\"><em><strong>REAL BETIS BALOMPI\u00c9-0 GOLES.<\/strong><\/em><\/p>\n<p style=\"text-align: center\"><img data-recalc-dims=\"1\" loading=\"lazy\" decoding=\"async\" class=\"size-thumbnail wp-image-58853 aligncenter\" src=\"https:\/\/i0.wp.com\/www.manquepierda.com\/historiarealbetis\/files\/2011\/11\/Areta-Azcueta-Otero-R%C3%ADosVYB19600900.jpg?resize=200%2C220&#038;ssl=1\" alt=\"\" width=\"200\" height=\"220\" srcset=\"https:\/\/i0.wp.com\/www.manquepierda.com\/historiarealbetis\/files\/2011\/11\/Areta-Azcueta-Otero-R%C3%ADosVYB19600900.jpg?resize=200%2C220&amp;ssl=1 200w, https:\/\/i0.wp.com\/www.manquepierda.com\/historiarealbetis\/files\/2011\/11\/Areta-Azcueta-Otero-R%C3%ADosVYB19600900.jpg?resize=545%2C600&amp;ssl=1 545w, https:\/\/i0.wp.com\/www.manquepierda.com\/historiarealbetis\/files\/2011\/11\/Areta-Azcueta-Otero-R%C3%ADosVYB19600900.jpg?resize=768%2C845&amp;ssl=1 768w, https:\/\/i0.wp.com\/www.manquepierda.com\/historiarealbetis\/files\/2011\/11\/Areta-Azcueta-Otero-R%C3%ADosVYB19600900.jpg?resize=636%2C700&amp;ssl=1 636w, https:\/\/i0.wp.com\/www.manquepierda.com\/historiarealbetis\/files\/2011\/11\/Areta-Azcueta-Otero-R%C3%ADosVYB19600900.jpg?w=1845&amp;ssl=1 1845w\" sizes=\"auto, (max-width: 200px) 100vw, 200px\" \/><\/p>\n<p style=\"text-align: center\"><strong>1-(Un tanto encajado).-Juan Ignacio OTERO Couceiro.<\/strong><\/p>\n<p style=\"text-align: center\"><strong>2-Jos\u00e9 Lu\u00eds AZCUETA Uriarte.<\/strong><\/p>\n<p style=\"text-align: center\"><strong>5-Eusebio R\u00cdOS Fern\u00e1ndez.<\/strong><\/p>\n<p style=\"text-align: center\"><strong>11-Esteban ARETA V\u00e9lez (a) \u00abARETA II\u00bb.<\/strong><\/p>\n<p style=\"text-align: center\"><img data-recalc-dims=\"1\" loading=\"lazy\" decoding=\"async\" class=\"aligncenter size-thumbnail wp-image-58843\" src=\"https:\/\/i0.wp.com\/www.manquepierda.com\/historiarealbetis\/files\/2011\/11\/Fernando-SANTOS-Serna-FS068.jpg?resize=137%2C220&#038;ssl=1\" alt=\"\" width=\"137\" height=\"220\" srcset=\"https:\/\/i0.wp.com\/www.manquepierda.com\/historiarealbetis\/files\/2011\/11\/Fernando-SANTOS-Serna-FS068.jpg?resize=137%2C220&amp;ssl=1 137w, https:\/\/i0.wp.com\/www.manquepierda.com\/historiarealbetis\/files\/2011\/11\/Fernando-SANTOS-Serna-FS068.jpg?resize=373%2C600&amp;ssl=1 373w, https:\/\/i0.wp.com\/www.manquepierda.com\/historiarealbetis\/files\/2011\/11\/Fernando-SANTOS-Serna-FS068.jpg?resize=768%2C1236&amp;ssl=1 768w, https:\/\/i0.wp.com\/www.manquepierda.com\/historiarealbetis\/files\/2011\/11\/Fernando-SANTOS-Serna-FS068.jpg?resize=435%2C700&amp;ssl=1 435w, https:\/\/i0.wp.com\/www.manquepierda.com\/historiarealbetis\/files\/2011\/11\/Fernando-SANTOS-Serna-FS068.jpg?w=1064&amp;ssl=1 1064w\" sizes=\"auto, (max-width: 137px) 100vw, 137px\" \/><\/p>\n<p style=\"text-align: center\"><strong>3-Fernando SANTOS Serna.<\/strong><\/p>\n<p style=\"text-align: center\"><strong>Medios:<\/strong><\/p>\n<p style=\"text-align: center\"><img data-recalc-dims=\"1\" loading=\"lazy\" decoding=\"async\" class=\"aligncenter size-thumbnail wp-image-58844\" src=\"https:\/\/i0.wp.com\/www.manquepierda.com\/historiarealbetis\/files\/2011\/11\/PORTU-Jos%C3%A9-Besteiro-Fari%C3%B1as-FS078.jpg?resize=140%2C220&#038;ssl=1\" alt=\"\" width=\"140\" height=\"220\" srcset=\"https:\/\/i0.wp.com\/www.manquepierda.com\/historiarealbetis\/files\/2011\/11\/PORTU-Jos%C3%A9-Besteiro-Fari%C3%B1as-FS078.jpg?resize=140%2C220&amp;ssl=1 140w, https:\/\/i0.wp.com\/www.manquepierda.com\/historiarealbetis\/files\/2011\/11\/PORTU-Jos%C3%A9-Besteiro-Fari%C3%B1as-FS078.jpg?resize=381%2C600&amp;ssl=1 381w, https:\/\/i0.wp.com\/www.manquepierda.com\/historiarealbetis\/files\/2011\/11\/PORTU-Jos%C3%A9-Besteiro-Fari%C3%B1as-FS078.jpg?resize=768%2C1209&amp;ssl=1 768w, https:\/\/i0.wp.com\/www.manquepierda.com\/historiarealbetis\/files\/2011\/11\/PORTU-Jos%C3%A9-Besteiro-Fari%C3%B1as-FS078.jpg?resize=445%2C700&amp;ssl=1 445w, https:\/\/i0.wp.com\/www.manquepierda.com\/historiarealbetis\/files\/2011\/11\/PORTU-Jos%C3%A9-Besteiro-Fari%C3%B1as-FS078.jpg?w=1072&amp;ssl=1 1072w\" sizes=\"auto, (max-width: 140px) 100vw, 140px\" \/><\/p>\n<p style=\"text-align: center\"><strong>4-Jos\u00e9 Besteiro Fari\u00f1as (a) \u00abPORTU\u00bb.<\/strong><\/p>\n<p style=\"text-align: center\"><img data-recalc-dims=\"1\" loading=\"lazy\" decoding=\"async\" class=\"aligncenter size-thumbnail wp-image-58845\" src=\"https:\/\/i0.wp.com\/www.manquepierda.com\/historiarealbetis\/files\/2011\/11\/Jorge-VILA-Soler-FS093.jpg?resize=137%2C220&#038;ssl=1\" alt=\"\" width=\"137\" height=\"220\" srcset=\"https:\/\/i0.wp.com\/www.manquepierda.com\/historiarealbetis\/files\/2011\/11\/Jorge-VILA-Soler-FS093.jpg?resize=137%2C220&amp;ssl=1 137w, https:\/\/i0.wp.com\/www.manquepierda.com\/historiarealbetis\/files\/2011\/11\/Jorge-VILA-Soler-FS093.jpg?resize=375%2C600&amp;ssl=1 375w, https:\/\/i0.wp.com\/www.manquepierda.com\/historiarealbetis\/files\/2011\/11\/Jorge-VILA-Soler-FS093.jpg?resize=768%2C1230&amp;ssl=1 768w, https:\/\/i0.wp.com\/www.manquepierda.com\/historiarealbetis\/files\/2011\/11\/Jorge-VILA-Soler-FS093.jpg?resize=437%2C700&amp;ssl=1 437w, https:\/\/i0.wp.com\/www.manquepierda.com\/historiarealbetis\/files\/2011\/11\/Jorge-VILA-Soler-FS093.jpg?w=1004&amp;ssl=1 1004w\" sizes=\"auto, (max-width: 137px) 100vw, 137px\" \/><\/p>\n<p style=\"text-align: center\"><strong>6-Jorge VILA Soler.<\/strong><\/p>\n<p style=\"text-align: center\"><strong>Delanteros:<\/strong><\/p>\n<p style=\"text-align: center\"><img data-recalc-dims=\"1\" loading=\"lazy\" decoding=\"async\" class=\"aligncenter size-thumbnail wp-image-58846\" src=\"https:\/\/i0.wp.com\/www.manquepierda.com\/historiarealbetis\/files\/2011\/11\/Mariano-GARGALLO-Minguill%C3%B3n1.jpg?resize=136%2C220&#038;ssl=1\" alt=\"\" width=\"136\" height=\"220\" srcset=\"https:\/\/i0.wp.com\/www.manquepierda.com\/historiarealbetis\/files\/2011\/11\/Mariano-GARGALLO-Minguill%C3%B3n1.jpg?resize=136%2C220&amp;ssl=1 136w, https:\/\/i0.wp.com\/www.manquepierda.com\/historiarealbetis\/files\/2011\/11\/Mariano-GARGALLO-Minguill%C3%B3n1.jpg?resize=370%2C600&amp;ssl=1 370w, https:\/\/i0.wp.com\/www.manquepierda.com\/historiarealbetis\/files\/2011\/11\/Mariano-GARGALLO-Minguill%C3%B3n1.jpg?w=399&amp;ssl=1 399w\" sizes=\"auto, (max-width: 136px) 100vw, 136px\" \/><\/p>\n<p style=\"text-align: center\"><strong>7-Mariano GARGALLO Minguill\u00f3n.<\/strong><\/p>\n<p style=\"text-align: center\"><em><strong>\u00c1 los 24 minutos: Le sustituy\u00f3 Le\u00f3n LASA M\u00fajica.<\/strong><\/em><\/p>\n<p style=\"text-align: center\"><img data-recalc-dims=\"1\" loading=\"lazy\" decoding=\"async\" class=\"aligncenter size-thumbnail wp-image-58847\" src=\"https:\/\/i0.wp.com\/www.manquepierda.com\/historiarealbetis\/files\/2011\/11\/Janos-KUSZMANN-Erwin-VYB196101.jpg?resize=128%2C220&#038;ssl=1\" alt=\"\" width=\"128\" height=\"220\" srcset=\"https:\/\/i0.wp.com\/www.manquepierda.com\/historiarealbetis\/files\/2011\/11\/Janos-KUSZMANN-Erwin-VYB196101.jpg?resize=128%2C220&amp;ssl=1 128w, https:\/\/i0.wp.com\/www.manquepierda.com\/historiarealbetis\/files\/2011\/11\/Janos-KUSZMANN-Erwin-VYB196101.jpg?resize=350%2C600&amp;ssl=1 350w, https:\/\/i0.wp.com\/www.manquepierda.com\/historiarealbetis\/files\/2011\/11\/Janos-KUSZMANN-Erwin-VYB196101.jpg?resize=408%2C700&amp;ssl=1 408w, https:\/\/i0.wp.com\/www.manquepierda.com\/historiarealbetis\/files\/2011\/11\/Janos-KUSZMANN-Erwin-VYB196101.jpg?w=582&amp;ssl=1 582w\" sizes=\"auto, (max-width: 128px) 100vw, 128px\" \/><\/p>\n<p style=\"text-align: center\"><strong>8-Janos KUSZMAN Erwin.<\/strong><\/p>\n<p style=\"text-align: center\"><img data-recalc-dims=\"1\" loading=\"lazy\" decoding=\"async\" class=\"aligncenter size-thumbnail wp-image-58848\" src=\"https:\/\/i0.wp.com\/www.manquepierda.com\/historiarealbetis\/files\/2011\/11\/Alfredo-Hugo-ROJAS-Delinge.jpg?resize=151%2C220&#038;ssl=1\" alt=\"\" width=\"151\" height=\"220\" srcset=\"https:\/\/i0.wp.com\/www.manquepierda.com\/historiarealbetis\/files\/2011\/11\/Alfredo-Hugo-ROJAS-Delinge.jpg?resize=151%2C220&amp;ssl=1 151w, https:\/\/i0.wp.com\/www.manquepierda.com\/historiarealbetis\/files\/2011\/11\/Alfredo-Hugo-ROJAS-Delinge.jpg?w=246&amp;ssl=1 246w\" sizes=\"auto, (max-width: 151px) 100vw, 151px\" \/><\/p>\n<p style=\"text-align: center\"><strong>9-Alfredo Hugo ROJAS Delinge.<\/strong><\/p>\n<p style=\"text-align: center\"><img data-recalc-dims=\"1\" loading=\"lazy\" decoding=\"async\" class=\"aligncenter size-thumbnail wp-image-58849\" src=\"https:\/\/i0.wp.com\/www.manquepierda.com\/historiarealbetis\/files\/2011\/11\/Antonio-PALLAR%C3%89S-Huertas-VYB196105.jpg?resize=149%2C220&#038;ssl=1\" alt=\"\" width=\"149\" height=\"220\" srcset=\"https:\/\/i0.wp.com\/www.manquepierda.com\/historiarealbetis\/files\/2011\/11\/Antonio-PALLAR%C3%89S-Huertas-VYB196105.jpg?resize=149%2C220&amp;ssl=1 149w, https:\/\/i0.wp.com\/www.manquepierda.com\/historiarealbetis\/files\/2011\/11\/Antonio-PALLAR%C3%89S-Huertas-VYB196105.jpg?resize=406%2C600&amp;ssl=1 406w, https:\/\/i0.wp.com\/www.manquepierda.com\/historiarealbetis\/files\/2011\/11\/Antonio-PALLAR%C3%89S-Huertas-VYB196105.jpg?resize=474%2C700&amp;ssl=1 474w, https:\/\/i0.wp.com\/www.manquepierda.com\/historiarealbetis\/files\/2011\/11\/Antonio-PALLAR%C3%89S-Huertas-VYB196105.jpg?w=625&amp;ssl=1 625w\" sizes=\"auto, (max-width: 149px) 100vw, 149px\" \/><\/p>\n<p style=\"text-align: center\"><strong>A los 59 minutos: Antonio PALLAR\u00c9S Huertas.<\/strong><\/p>\n<p style=\"text-align: center\"><img data-recalc-dims=\"1\" loading=\"lazy\" decoding=\"async\" class=\"aligncenter size-thumbnail wp-image-58850\" src=\"https:\/\/i0.wp.com\/www.manquepierda.com\/historiarealbetis\/files\/2011\/11\/Tom%C3%A1s-AZPEITIA-P%C3%A9rez.jpg?resize=145%2C220&#038;ssl=1\" alt=\"\" width=\"145\" height=\"220\" srcset=\"https:\/\/i0.wp.com\/www.manquepierda.com\/historiarealbetis\/files\/2011\/11\/Tom%C3%A1s-AZPEITIA-P%C3%A9rez.jpg?resize=145%2C220&amp;ssl=1 145w, https:\/\/i0.wp.com\/www.manquepierda.com\/historiarealbetis\/files\/2011\/11\/Tom%C3%A1s-AZPEITIA-P%C3%A9rez.jpg?w=267&amp;ssl=1 267w\" sizes=\"auto, (max-width: 145px) 100vw, 145px\" \/><\/p>\n<p style=\"text-align: center\"><strong>10-Tom\u00e1s AZPEITIA P\u00e9rez.<\/strong><\/p>\n<p style=\"text-align: center\"><em><strong>Le sustituy\u00f3 Mariano GARGALLO Minguill\u00f3n.<\/strong><\/em><\/p>\n<p style=\"text-align: center\"><em><strong> Vs. <\/strong><\/em><\/p>\n<p style=\"text-align: center\"><strong>Presidente, don Santiago Bernab\u00e9u Yeste.<br \/>\n<\/strong><\/p>\n<p style=\"text-align: center\"><strong>Entrenador, Miguel Mu\u00f1oz Moz\u00fan.<\/strong><\/p>\n<p style=\"text-align: center\"><em><strong>Real Madrid CF-Pentacampe\u00f3n de Europa.-1 Tanto (0-1, 72 minutos: PEPILLO).<\/strong><\/em><\/p>\n<p style=\"text-align: center\"><strong>Camisetas y pantalones Blancos: <\/strong><\/p>\n<p style=\"text-align: left\"><strong>1.-Rogelio Antonio DOM\u00cdNGUEZ L\u00f3pez.<\/strong><\/p>\n<p style=\"text-align: left\"><strong>2.-Marco Alonso Imaz (a) \u00abMarquitos\u00bb.-5-Jos\u00e9 Emilio Santamar\u00eda Iglesias.-3-Enrique P\u00e9rez D\u00edaz (a) \u00abPach\u00edn\u00bb.<\/strong><\/p>\n<p style=\"text-align: left\"><strong>4-Jos\u00e9 Mar\u00eda Vidal Bravo.-6-Jos\u00e9 Mar\u00eda Z\u00e1rraga Mart\u00edn.<\/strong><\/p>\n<p style=\"text-align: center\"><img data-recalc-dims=\"1\" loading=\"lazy\" decoding=\"async\" class=\"aligncenter size-thumbnail wp-image-58854\" src=\"https:\/\/i0.wp.com\/www.manquepierda.com\/historiarealbetis\/files\/2011\/11\/DSDSC.jpg?resize=139%2C220&#038;ssl=1\" alt=\"\" width=\"139\" height=\"220\" srcset=\"https:\/\/i0.wp.com\/www.manquepierda.com\/historiarealbetis\/files\/2011\/11\/DSDSC.jpg?resize=139%2C220&amp;ssl=1 139w, https:\/\/i0.wp.com\/www.manquepierda.com\/historiarealbetis\/files\/2011\/11\/DSDSC.jpg?w=184&amp;ssl=1 184w\" sizes=\"auto, (max-width: 139px) 100vw, 139px\" \/><\/p>\n<p style=\"text-align: left\"><em><strong>\u00abEl tanto de la victoria del Madrid lleg\u00f3 a consecuencia de una jugada desafortunada del lesionado Fernando Santos Serna, teniendo sus facultades f\u00edsicas muy mermadas, quiso regatear al extremo derecha merengue en un lance del partido en lo que proced\u00eda por su parte era echar el bal\u00f3n fuera de banda\u00bb.<\/strong><\/em><\/p>\n<p style=\"text-align: left\"><strong>7-Darcy Silveira dos Santos (a) \u00abCanario\u00bb (26 a\u00f1os y 5 d\u00edas)-Natural de Rio Janeiro (Brasil), jueves 24-V-1934.<\/strong><\/p>\n<p style=\"text-align: center\"><img data-recalc-dims=\"1\" loading=\"lazy\" decoding=\"async\" class=\"aligncenter size-thumbnail wp-image-58857\" src=\"https:\/\/i0.wp.com\/www.manquepierda.com\/historiarealbetis\/files\/2011\/11\/Del-Sol.jpeg?resize=186%2C220&#038;ssl=1\" alt=\"\" width=\"186\" height=\"220\" srcset=\"https:\/\/i0.wp.com\/www.manquepierda.com\/historiarealbetis\/files\/2011\/11\/Del-Sol.jpeg?resize=186%2C220&amp;ssl=1 186w, https:\/\/i0.wp.com\/www.manquepierda.com\/historiarealbetis\/files\/2011\/11\/Del-Sol.jpeg?w=206&amp;ssl=1 206w\" sizes=\"auto, (max-width: 186px) 100vw, 186px\" \/><\/p>\n<p style=\"text-align: left\"><strong>8-Lu\u00eds DEL SOL Cascajares (25 a\u00f1os+1 mes+23 d\u00edas)-Natural de Arcos de Jal\u00f3n (Soria), s\u00e1bado 6-IV-1935.<\/strong><\/p>\n<p style=\"text-align: center\"><strong>\u00c1 los 63 minutos le sustituy\u00f3:<\/strong><\/p>\n<p style=\"text-align: center\"><img data-recalc-dims=\"1\" loading=\"lazy\" decoding=\"async\" class=\"aligncenter size-thumbnail wp-image-58856\" src=\"https:\/\/i0.wp.com\/www.manquepierda.com\/historiarealbetis\/files\/2011\/11\/JGCPllo.jpg?resize=165%2C220&#038;ssl=1\" alt=\"\" width=\"165\" height=\"220\" srcset=\"https:\/\/i0.wp.com\/www.manquepierda.com\/historiarealbetis\/files\/2011\/11\/JGCPllo.jpg?resize=165%2C220&amp;ssl=1 165w, https:\/\/i0.wp.com\/www.manquepierda.com\/historiarealbetis\/files\/2011\/11\/JGCPllo.jpg?resize=450%2C600&amp;ssl=1 450w, https:\/\/i0.wp.com\/www.manquepierda.com\/historiarealbetis\/files\/2011\/11\/JGCPllo.jpg?w=480&amp;ssl=1 480w\" sizes=\"auto, (max-width: 165px) 100vw, 165px\" \/><\/p>\n<p style=\"text-align: left\"><em><strong>*0-1.-73 minutos: Tras quitarle el bal\u00f3n \u00abCanario\u00bb \u00e1 Santos, se intern\u00f3 r\u00e1pido por su banda derecha y centr\u00f3, rematando Garc\u00eda Castro el cuero levantado sobre Otero.<\/strong><\/em><\/p>\n<p style=\"text-align: left\"><strong>Jos\u00e9 Garc\u00eda Castro (a) \u00abPEPILLO\u00bb (26 a\u00f1os+11 meses+19 d\u00edas)-Natural de Melilla, s\u00e1bado 10-VI-1933.<\/strong><\/p>\n<p style=\"text-align: left\"><strong>9-Alfredo Di St\u00e9fano Laulh\u00e9.-10-Feren\u00e7 Pusk\u00e1s Biro.-11-Manuel Bueno Cabral \u00abManol\u00edn\u00bb (59 minutos: Jes\u00fas Herrera Alonso).<\/strong><\/p>\n<p style=\"text-align: center\"><a href=\"https:\/\/i0.wp.com\/www.manquepierda.com\/historiarealbetis\/files\/2011\/11\/1erTrofeo-Emilio-Vara.jpg?ssl=1\"><img data-recalc-dims=\"1\" loading=\"lazy\" decoding=\"async\" class=\"aligncenter size-medium wp-image-15505\" src=\"https:\/\/i0.wp.com\/www.manquepierda.com\/historiarealbetis\/files\/2011\/11\/1erTrofeo-Emilio-Vara.jpg?resize=213%2C300&#038;ssl=1\" alt=\"\" width=\"213\" height=\"300\" srcset=\"https:\/\/i0.wp.com\/www.manquepierda.com\/historiarealbetis\/files\/2011\/11\/1erTrofeo-Emilio-Vara.jpg?resize=213%2C300&amp;ssl=1 213w, https:\/\/i0.wp.com\/www.manquepierda.com\/historiarealbetis\/files\/2011\/11\/1erTrofeo-Emilio-Vara.jpg?w=336&amp;ssl=1 336w\" sizes=\"auto, (max-width: 213px) 100vw, 213px\" \/><\/a><a href=\"https:\/\/i0.wp.com\/www.manquepierda.com\/historiarealbetis\/files\/2011\/11\/Copa-Oro-BVP.jpg?ssl=1\"><img data-recalc-dims=\"1\" loading=\"lazy\" decoding=\"async\" class=\"alignleft size-medium wp-image-15508\" src=\"https:\/\/i0.wp.com\/www.manquepierda.com\/historiarealbetis\/files\/2011\/11\/Copa-Oro-BVP.jpg?resize=216%2C300&#038;ssl=1\" alt=\"\" width=\"216\" height=\"300\" srcset=\"https:\/\/i0.wp.com\/www.manquepierda.com\/historiarealbetis\/files\/2011\/11\/Copa-Oro-BVP.jpg?resize=216%2C300&amp;ssl=1 216w, https:\/\/i0.wp.com\/www.manquepierda.com\/historiarealbetis\/files\/2011\/11\/Copa-Oro-BVP.jpg?w=423&amp;ssl=1 423w\" sizes=\"auto, (max-width: 216px) 100vw, 216px\" \/><\/a><\/p>\n<p style=\"text-align: left\"><strong>Copa de Oro de 22 kilates, 900.000 pesetas\/1960 que se exhibe en una vitrina blindada en la Sala de Trofeos del Real Madrid FC-Campe\u00f3n del Trofeo \u00abBenito Villamar\u00edn Prieto\u00bb distingui\u00e9ndose de todos los dem\u00e1s por su est\u00e9tica belleza y \u00fanico trofeo de Oro en Espa\u00f1a; ser\u00eda muy deseable que en alguna ocasi\u00f3n pr\u00f3xima se pudiera contemplar en alg\u00fan lugar de la Ciudad del Betis dicha Copa de Oro \u00abTrofeo Benito Villamar\u00edn\u00bb; solicit\u00e1ndola al Real Madrid F. C. ya que en Mayo-2011 se han cumplido el 51\u00ba Aniversario.<\/strong><\/p>\n<p style=\"text-align: center\"><strong><br \/>\n<a href=\"https:\/\/i0.wp.com\/www.manquepierda.com\/historiarealbetis\/files\/2011\/11\/Copa-Plata-Villamar%C3%ADn.jpg?ssl=1\"><img data-recalc-dims=\"1\" loading=\"lazy\" decoding=\"async\" class=\"alignright size-full wp-image-15520\" src=\"https:\/\/i0.wp.com\/www.manquepierda.com\/historiarealbetis\/files\/2011\/11\/Copa-Plata-Villamar%C3%ADn.jpg?resize=60%2C90&#038;ssl=1\" alt=\"\" width=\"60\" height=\"90\" \/><\/a> <\/strong><\/p>\n<p style=\"text-align: center\"><strong>Copa de Plata de ley 999 mil\u00e9simas cuyo coste fue de 283.000 Pesetas\/1960, entregada al Subcampe\u00f3n Real Betis Balompi\u00e9.<\/strong><\/p>\n<p style=\"text-align: left\">Art\u00edculo de Emilio Vara N\u00fa\u00f1ez en su libreto titulado \u00ab1er. Trofeo Benito Villamar\u00edn con relaci\u00f3n a la copa acampanada de plata-ley 999 mil\u00e9simas,\u00a0 \u00abUn \u00e9xito deportivo mal respaldado por la afici\u00f3n\u00bb:<a href=\"https:\/\/i0.wp.com\/www.manquepierda.com\/historiarealbetis\/files\/2011\/11\/Un-%C3%A9xito-deportivo.jpg?ssl=1\"><img data-recalc-dims=\"1\" loading=\"lazy\" decoding=\"async\" class=\"aligncenter size-medium wp-image-15522\" src=\"https:\/\/i0.wp.com\/www.manquepierda.com\/historiarealbetis\/files\/2011\/11\/Un-%C3%A9xito-deportivo-212x300.jpg?resize=212%2C300&#038;ssl=1\" alt=\"\" width=\"212\" height=\"300\" \/><\/a><\/p>\n<p style=\"text-align: center\"><img data-recalc-dims=\"1\" loading=\"lazy\" decoding=\"async\" class=\"aligncenter size-medium wp-image-58858\" src=\"https:\/\/i0.wp.com\/www.manquepierda.com\/historiarealbetis\/files\/2011\/11\/trofeo_benito_villamarin.jpg?resize=436%2C600&#038;ssl=1\" alt=\"\" width=\"436\" height=\"600\" srcset=\"https:\/\/i0.wp.com\/www.manquepierda.com\/historiarealbetis\/files\/2011\/11\/trofeo_benito_villamarin.jpg?w=436&amp;ssl=1 436w, https:\/\/i0.wp.com\/www.manquepierda.com\/historiarealbetis\/files\/2011\/11\/trofeo_benito_villamarin.jpg?resize=160%2C220&amp;ssl=1 160w\" sizes=\"auto, (max-width: 436px) 100vw, 436px\" \/><\/p>\n<p style=\"text-align: center\"><img data-recalc-dims=\"1\" loading=\"lazy\" decoding=\"async\" class=\"aligncenter size-full wp-image-58859\" src=\"https:\/\/i0.wp.com\/www.manquepierda.com\/historiarealbetis\/files\/2011\/11\/TBVP.jpg?resize=550%2C268&#038;ssl=1\" alt=\"\" width=\"550\" height=\"268\" srcset=\"https:\/\/i0.wp.com\/www.manquepierda.com\/historiarealbetis\/files\/2011\/11\/TBVP.jpg?w=550&amp;ssl=1 550w, https:\/\/i0.wp.com\/www.manquepierda.com\/historiarealbetis\/files\/2011\/11\/TBVP.jpg?resize=220%2C107&amp;ssl=1 220w\" sizes=\"auto, (max-width: 550px) 100vw, 550px\" \/><\/p>\n","protected":false},"excerpt":{"rendered":"<p>1960-MAYO 26: jueves 21 Horas.-Primera Semifinal.-Estadio Municipal de Heli\u00f3polis. Arbitr\u00f3 bien: Jos\u00e9 Mar\u00eda ORT\u00cdZ De Mendibil-Monasterio. Camisetas y Pantalones Blancos.-Real Madrid CF (Campe\u00f3n de Europa)-3 Goles. Presidente, don Santiago Bernab\u00e9u Yeste. Entrenador, Miguel Mu\u00f1oz Moz\u00fan (38 a\u00f1os+4 meses+7 d\u00edas)-Natural de Madrid, jueves 19-I-1922. 1-(Imbatido).-Rogelio Antonio DOM\u00cdNGUEZ L\u00f3pez (29 a\u00f1os+2 meses+17 d\u00edas)-Natural de Buenos Aires (Argentina),&#8230;<\/p>\n","protected":false},"author":48,"featured_media":15506,"comment_status":"open","ping_status":"open","sticky":false,"template":"","format":"standard","meta":{"_kad_post_transparent":"","_kad_post_title":"","_kad_post_layout":"","_kad_post_sidebar_id":"","_kad_post_content_style":"","_kad_post_vertical_padding":"","_kad_post_feature":"","_kad_post_feature_position":"","_kad_post_header":false,"_kad_post_footer":false,"_kad_post_classname":"","_jetpack_memberships_contains_paid_content":false,"footnotes":"","jetpack_publicize_message":"","jetpack_publicize_feature_enabled":true,"jetpack_social_post_already_shared":false,"jetpack_social_options":{"image_generator_settings":{"template":"highway","default_image_id":0,"font":"","enabled":false},"version":2}},"categories":[902,1,2064],"tags":[2377,1246,5447],"class_list":["post-15501","post","type-post","status-publish","format-standard","has-post-thumbnail","hentry","category-1960-1969","category-portada","category-trofeos-de-verano","tag-1959-60","tag-1246","tag-trofeo-benito-villamarin"],"jetpack_publicize_connections":[],"jetpack_featured_media_url":"https:\/\/i0.wp.com\/www.manquepierda.com\/historiarealbetis\/files\/2011\/11\/Trofeo-BVP-19601.jpg?fit=800%2C489&ssl=1","jetpack_sharing_enabled":true,"jetpack_shortlink":"https:\/\/wp.me\/p1ij08-421","jetpack-related-posts":[],"_links":{"self":[{"href":"https:\/\/www.manquepierda.com\/historiarealbetis\/wp-json\/wp\/v2\/posts\/15501","targetHints":{"allow":["GET"]}}],"collection":[{"href":"https:\/\/www.manquepierda.com\/historiarealbetis\/wp-json\/wp\/v2\/posts"}],"about":[{"href":"https:\/\/www.manquepierda.com\/historiarealbetis\/wp-json\/wp\/v2\/types\/post"}],"author":[{"embeddable":true,"href":"https:\/\/www.manquepierda.com\/historiarealbetis\/wp-json\/wp\/v2\/users\/48"}],"replies":[{"embeddable":true,"href":"https:\/\/www.manquepierda.com\/historiarealbetis\/wp-json\/wp\/v2\/comments?post=15501"}],"version-history":[{"count":1,"href":"https:\/\/www.manquepierda.com\/historiarealbetis\/wp-json\/wp\/v2\/posts\/15501\/revisions"}],"predecessor-version":[{"id":97706,"href":"https:\/\/www.manquepierda.com\/historiarealbetis\/wp-json\/wp\/v2\/posts\/15501\/revisions\/97706"}],"wp:featuredmedia":[{"embeddable":true,"href":"https:\/\/www.manquepierda.com\/historiarealbetis\/wp-json\/wp\/v2\/media\/15506"}],"wp:attachment":[{"href":"https:\/\/www.manquepierda.com\/historiarealbetis\/wp-json\/wp\/v2\/media?parent=15501"}],"wp:term":[{"taxonomy":"category","embeddable":true,"href":"https:\/\/www.manquepierda.com\/historiarealbetis\/wp-json\/wp\/v2\/categories?post=15501"},{"taxonomy":"post_tag","embeddable":true,"href":"https:\/\/www.manquepierda.com\/historiarealbetis\/wp-json\/wp\/v2\/tags?post=15501"}],"curies":[{"name":"wp","href":"https:\/\/api.w.org\/{rel}","templated":true}]}}