{"id":15528,"date":"2012-08-01T09:17:15","date_gmt":"2012-08-01T08:17:15","guid":{"rendered":"http:\/\/www.manquepierda.com\/historiarealbetis\/?p=15528"},"modified":"2024-09-06T18:23:20","modified_gmt":"2024-09-06T16:23:20","slug":"alineacion-sevilla-betis-liga-1986","status":"publish","type":"post","link":"https:\/\/www.manquepierda.com\/historiarealbetis\/alineacion-sevilla-betis-liga-1986\/","title":{"rendered":"Alineaci\u00f3n Sevilla-Betis Liga 1986"},"content":{"rendered":"<p style=\"text-align: center\"><a href=\"https:\/\/i0.wp.com\/www.manquepierda.com\/historiarealbetis\/files\/2011\/11\/Alineaci%C3%B3n-Sevilla-Betis-Liga-19862.jpg?ssl=1\"><img data-recalc-dims=\"1\" loading=\"lazy\" decoding=\"async\" class=\"aligncenter size-medium wp-image-15534\" src=\"https:\/\/i0.wp.com\/www.manquepierda.com\/historiarealbetis\/files\/2011\/11\/Alineaci%C3%B3n-Sevilla-Betis-Liga-19862-300x199.jpg?resize=320%2C219&#038;ssl=1\" alt=\"\" width=\"320\" height=\"219\" \/><\/a><\/p>\n<p>7 de Septiembre de 1986 en el S\u00e1nchez Pizju\u00e1n\u00a0 Sevilla\u00a0 1\u00a0\u00a0 Betis 2; jornada 2 del Campeonato de Liga de Primera Divisi\u00f3n.<\/p>\n<p>Con dos goles de Hip\u00f3lito Rinc\u00f3n el Betis se impuso en el terreno del m\u00e1ximo rival.<\/p>\n<p>En la imagen arriba: Diego, Gail, Quico, Ortega, Reyes y Salva; abajo: Calder\u00f3n, Hadzibegic, Gabino, Rinc\u00f3n y Parra<\/p>\n<p>Jock Wallace entrenaba al Sevilla y Luis Del Sol al Betis.<\/p>\n","protected":false},"excerpt":{"rendered":"<p>7 de Septiembre de 1986 en el S\u00e1nchez Pizju\u00e1n\u00a0 Sevilla\u00a0 1\u00a0\u00a0 Betis 2; jornada 2 del Campeonato de Liga de Primera Divisi\u00f3n. Con dos goles de Hip\u00f3lito Rinc\u00f3n el Betis se impuso en el terreno del m\u00e1ximo rival. En la imagen arriba: Diego, Gail, Quico, Ortega, Reyes y Salva; abajo: Calder\u00f3n, Hadzibegic, Gabino, Rinc\u00f3n y&#8230;<\/p>\n","protected":false},"author":5,"featured_media":15534,"comment_status":"open","ping_status":"open","sticky":false,"template":"","format":"standard","meta":{"_kad_post_transparent":"","_kad_post_title":"","_kad_post_layout":"","_kad_post_sidebar_id":"","_kad_post_content_style":"","_kad_post_vertical_padding":"","_kad_post_feature":"","_kad_post_feature_position":"","_kad_post_header":false,"_kad_post_footer":false,"_kad_post_classname":"","_jetpack_memberships_contains_paid_content":false,"footnotes":"","jetpack_publicize_message":"","jetpack_publicize_feature_enabled":true,"jetpack_social_post_already_shared":false,"jetpack_social_options":{"image_generator_settings":{"template":"highway","default_image_id":0,"font":"","enabled":false},"version":2}},"categories":[904,1],"tags":[1611,3348,1422,1146,1476,3777,1129,16733,1428,1588,13976,17872,1366,1485,916],"class_list":["post-15528","post","type-post","status-publish","format-standard","has-post-thumbnail","hentry","category-1980-1989","category-portada","tag-1611","tag-1986-87","tag-antolin-ortega","tag-antonio-reyes","tag-diego-rodriguez","tag-faruk-hadzibegic","tag-gabino-rodriguez","tag-gabriel-humberto-calderon","tag-hipolito-rincon","tag-joaquin-parra","tag-jose-eugenio-ruiz-quico","tag-liga-primera-1986-87","tag-luis-miguel-gail","tag-salvador-navarro-salva","tag-sevilla-fc"],"jetpack_publicize_connections":[],"jetpack_featured_media_url":"https:\/\/i0.wp.com\/www.manquepierda.com\/historiarealbetis\/files\/2011\/11\/Alineaci%C3%B3n-Sevilla-Betis-Liga-19862.jpg?fit=1196%2C796&ssl=1","jetpack_sharing_enabled":true,"jetpack_shortlink":"https:\/\/wp.me\/p1ij08-42s","jetpack-related-posts":[],"_links":{"self":[{"href":"https:\/\/www.manquepierda.com\/historiarealbetis\/wp-json\/wp\/v2\/posts\/15528","targetHints":{"allow":["GET"]}}],"collection":[{"href":"https:\/\/www.manquepierda.com\/historiarealbetis\/wp-json\/wp\/v2\/posts"}],"about":[{"href":"https:\/\/www.manquepierda.com\/historiarealbetis\/wp-json\/wp\/v2\/types\/post"}],"author":[{"embeddable":true,"href":"https:\/\/www.manquepierda.com\/historiarealbetis\/wp-json\/wp\/v2\/users\/5"}],"replies":[{"embeddable":true,"href":"https:\/\/www.manquepierda.com\/historiarealbetis\/wp-json\/wp\/v2\/comments?post=15528"}],"version-history":[{"count":1,"href":"https:\/\/www.manquepierda.com\/historiarealbetis\/wp-json\/wp\/v2\/posts\/15528\/revisions"}],"predecessor-version":[{"id":98593,"href":"https:\/\/www.manquepierda.com\/historiarealbetis\/wp-json\/wp\/v2\/posts\/15528\/revisions\/98593"}],"wp:featuredmedia":[{"embeddable":true,"href":"https:\/\/www.manquepierda.com\/historiarealbetis\/wp-json\/wp\/v2\/media\/15534"}],"wp:attachment":[{"href":"https:\/\/www.manquepierda.com\/historiarealbetis\/wp-json\/wp\/v2\/media?parent=15528"}],"wp:term":[{"taxonomy":"category","embeddable":true,"href":"https:\/\/www.manquepierda.com\/historiarealbetis\/wp-json\/wp\/v2\/categories?post=15528"},{"taxonomy":"post_tag","embeddable":true,"href":"https:\/\/www.manquepierda.com\/historiarealbetis\/wp-json\/wp\/v2\/tags?post=15528"}],"curies":[{"name":"wp","href":"https:\/\/api.w.org\/{rel}","templated":true}]}}