{"id":15734,"date":"2012-07-20T16:19:40","date_gmt":"2012-07-20T15:19:40","guid":{"rendered":"http:\/\/www.manquepierda.com\/historiarealbetis\/?p=15734"},"modified":"2024-09-15T10:41:29","modified_gmt":"2024-09-15T08:41:29","slug":"obsequio-del-ayuntamiento-en-las-bodas-de-oro-1959","status":"publish","type":"post","link":"https:\/\/www.manquepierda.com\/historiarealbetis\/obsequio-del-ayuntamiento-en-las-bodas-de-oro-1959\/","title":{"rendered":"Recepci\u00f3n en el Ayuntamiento en las Bodas de Oro 1959"},"content":{"rendered":"<figure id=\"attachment_15735\" aria-describedby=\"caption-attachment-15735\" style=\"width: 562px\" class=\"wp-caption aligncenter\"><a href=\"https:\/\/i0.wp.com\/www.manquepierda.com\/historiarealbetis\/files\/2011\/11\/Ayuntamiento-Bodas-de-Oro-NMP-Sevilla-11-2-1959.jpg?ssl=1\"><img data-recalc-dims=\"1\" loading=\"lazy\" decoding=\"async\" class=\"size-full wp-image-15735 \" src=\"https:\/\/i0.wp.com\/www.manquepierda.com\/historiarealbetis\/files\/2011\/11\/Ayuntamiento-Bodas-de-Oro-NMP-Sevilla-11-2-1959.jpg?resize=562%2C353&#038;ssl=1\" alt=\"\" width=\"562\" height=\"353\" srcset=\"https:\/\/i0.wp.com\/www.manquepierda.com\/historiarealbetis\/files\/2011\/11\/Ayuntamiento-Bodas-de-Oro-NMP-Sevilla-11-2-1959.jpg?w=937&amp;ssl=1 937w, https:\/\/i0.wp.com\/www.manquepierda.com\/historiarealbetis\/files\/2011\/11\/Ayuntamiento-Bodas-de-Oro-NMP-Sevilla-11-2-1959.jpg?resize=300%2C188&amp;ssl=1 300w, https:\/\/i0.wp.com\/www.manquepierda.com\/historiarealbetis\/files\/2011\/11\/Ayuntamiento-Bodas-de-Oro-NMP-Sevilla-11-2-1959.jpg?resize=400%2C250&amp;ssl=1 400w\" sizes=\"auto, (max-width: 562px) 100vw, 562px\" \/><\/a><figcaption id=\"caption-attachment-15735\" class=\"wp-caption-text\">Fuente: Sevilla 11 de Febrero de 1959<\/figcaption><\/figure>\n<p>&nbsp;<\/p>\n<p>El 10 de Febrero de 1959 en el despacho de la Alcald\u00eda se hizo entrega de una placa de plata que el Municipio sevillano ofreci\u00f3 al Real Betis con motivo de las Bodas de Oro de la entidad verdiblanca celebradas el a\u00f1o anterior.<\/p>\n<p>Hizo entrega de la misma el teniente de alcalde, Jos\u00e9 Romero L\u00f3pez, en ausencia del alcalde accidental, se\u00f1or Garrig\u00f3s, y con la presencia del delegado de Deportes, se\u00f1or Gonz\u00e1lez Caba\u00f1as.<\/p>\n<p>Recibi\u00f3 el presente el presidente del Real Betis Balompi\u00e9, Benito Villamar\u00edn Prieto, a quien acompa\u00f1aron diversos directivos b\u00e9ticos, como el secretario general Alberto M\u00e1rquez\u00a0 Su\u00e1rez y los directivos Pascual Aparicio Garc\u00eda, Juan Alfonseca Caro y Manuel Barbudo Gonz\u00e1lez.<\/p>\n<p>El pie de foto de ambas im\u00e1genes, que a continuaci\u00f3n se suben, es el siguiente:<a href=\"https:\/\/i0.wp.com\/www.manquepierda.com\/historiarealbetis\/files\/2011\/11\/Benito-Villamar%C3%ADn1.jpg?ssl=1\"><img data-recalc-dims=\"1\" loading=\"lazy\" decoding=\"async\" class=\"alignright size-medium wp-image-15927\" src=\"https:\/\/i0.wp.com\/www.manquepierda.com\/historiarealbetis\/files\/2011\/11\/Benito-Villamar%C3%ADn1-300x201.jpg?resize=300%2C201&#038;ssl=1\" alt=\"\" width=\"300\" height=\"201\" \/><\/a><a href=\"https:\/\/i0.wp.com\/www.manquepierda.com\/historiarealbetis\/files\/2011\/11\/Benito-Villamar%C3%ADn.1.jpg?ssl=1\"><img data-recalc-dims=\"1\" loading=\"lazy\" decoding=\"async\" class=\"alignleft size-medium wp-image-15928\" src=\"https:\/\/i0.wp.com\/www.manquepierda.com\/historiarealbetis\/files\/2011\/11\/Benito-Villamar%C3%ADn.1-300x197.jpg?resize=300%2C197&#038;ssl=1\" alt=\"\" width=\"300\" height=\"197\" \/><\/a> Capitular-Teniente de Alcalde don Jos\u00e9 Romero L\u00f3pez,\u00a0 por ausencia del Alcalde don Santiago Garrig\u00f3s Bernab\u00e9u,\u00a0 entregando la placa conmemorativa a don Benito Villamar\u00edn Prieto,\u00a0 y en presencia de don Pedro Guti\u00e9rrez Calder\u00f3n,\u00a0 Antonio Canela Morato,\u00a0 Tom\u00e1s de Mart\u00edn Barbadillo,\u00a0 Julio Gonz\u00e1lez Caba\u00f1as,\u00a0 Juan Alfonseca Caro,\u00a0 Alberto M\u00e1rquez Su\u00e1rez,\u00a0 Alfonso Jaramillo Gonz\u00e1lez,\u00a0 Pascual Aparicio Garc\u00eda,\u00a0 entre otros.<\/p>\n<p>Referencias n\u00ba 384 y 438 del Fondo Sim\u00f3.<\/p>\n<p>Fot\u00f3grafo \u00c1ngel G\u00f3mez Gal\u00e1n.<\/p>\n<p>&nbsp;<\/p>\n<p>&nbsp;<\/p>\n<p style=\"text-align: right\">\n","protected":false},"excerpt":{"rendered":"<p>&nbsp; El 10 de Febrero de 1959 en el despacho de la Alcald\u00eda se hizo entrega de una placa de plata que el Municipio sevillano ofreci\u00f3 al Real Betis con motivo de las Bodas de Oro de la entidad verdiblanca celebradas el a\u00f1o anterior. Hizo entrega de la misma el teniente de alcalde, Jos\u00e9 Romero&#8230;<\/p>\n","protected":false},"author":5,"featured_media":15735,"comment_status":"open","ping_status":"open","sticky":false,"template":"","format":"standard","meta":{"_kad_post_transparent":"","_kad_post_title":"","_kad_post_layout":"","_kad_post_sidebar_id":"","_kad_post_content_style":"","_kad_post_vertical_padding":"","_kad_post_feature":"","_kad_post_feature_position":"","_kad_post_header":false,"_kad_post_footer":false,"_kad_post_classname":"","_jetpack_memberships_contains_paid_content":false,"footnotes":"","jetpack_publicize_message":"","jetpack_publicize_feature_enabled":true,"jetpack_social_post_already_shared":false,"jetpack_social_options":{"image_generator_settings":{"template":"highway","default_image_id":0,"font":"","enabled":false},"version":2}},"categories":[901,891,1],"tags":[2248,1538,2356,919,4021,2654,1297,1954,5167],"class_list":["post-15734","post","type-post","status-publish","format-standard","has-post-thumbnail","hentry","category-1950-1959","category-directivos-temas","category-portada","tag-1958-59","tag-1538","tag-alberto-marquez-suarez","tag-alfonso-jaramillo","tag-ayuntamiento-de-sevilla","tag-bodas-de-oro-1958","tag-juan-alfonseca-caro","tag-manuel-barbudo-gonzalez","tag-pascual-aparicio"],"jetpack_publicize_connections":[],"jetpack_featured_media_url":"https:\/\/i0.wp.com\/www.manquepierda.com\/historiarealbetis\/files\/2011\/11\/Ayuntamiento-Bodas-de-Oro-NMP-Sevilla-11-2-1959.jpg?fit=937%2C588&ssl=1","jetpack_sharing_enabled":true,"jetpack_shortlink":"https:\/\/wp.me\/p1ij08-45M","jetpack-related-posts":[],"_links":{"self":[{"href":"https:\/\/www.manquepierda.com\/historiarealbetis\/wp-json\/wp\/v2\/posts\/15734","targetHints":{"allow":["GET"]}}],"collection":[{"href":"https:\/\/www.manquepierda.com\/historiarealbetis\/wp-json\/wp\/v2\/posts"}],"about":[{"href":"https:\/\/www.manquepierda.com\/historiarealbetis\/wp-json\/wp\/v2\/types\/post"}],"author":[{"embeddable":true,"href":"https:\/\/www.manquepierda.com\/historiarealbetis\/wp-json\/wp\/v2\/users\/5"}],"replies":[{"embeddable":true,"href":"https:\/\/www.manquepierda.com\/historiarealbetis\/wp-json\/wp\/v2\/comments?post=15734"}],"version-history":[{"count":1,"href":"https:\/\/www.manquepierda.com\/historiarealbetis\/wp-json\/wp\/v2\/posts\/15734\/revisions"}],"predecessor-version":[{"id":95531,"href":"https:\/\/www.manquepierda.com\/historiarealbetis\/wp-json\/wp\/v2\/posts\/15734\/revisions\/95531"}],"wp:featuredmedia":[{"embeddable":true,"href":"https:\/\/www.manquepierda.com\/historiarealbetis\/wp-json\/wp\/v2\/media\/15735"}],"wp:attachment":[{"href":"https:\/\/www.manquepierda.com\/historiarealbetis\/wp-json\/wp\/v2\/media?parent=15734"}],"wp:term":[{"taxonomy":"category","embeddable":true,"href":"https:\/\/www.manquepierda.com\/historiarealbetis\/wp-json\/wp\/v2\/categories?post=15734"},{"taxonomy":"post_tag","embeddable":true,"href":"https:\/\/www.manquepierda.com\/historiarealbetis\/wp-json\/wp\/v2\/tags?post=15734"}],"curies":[{"name":"wp","href":"https:\/\/api.w.org\/{rel}","templated":true}]}}