{"id":15803,"date":"2011-11-18T00:34:38","date_gmt":"2011-11-17T22:34:38","guid":{"rendered":"http:\/\/www.manquepierda.com\/historiarealbetis\/?p=15803"},"modified":"2024-10-05T00:09:25","modified_gmt":"2024-10-04T22:09:25","slug":"espejin-ramon-perez-mesa","status":"publish","type":"post","link":"https:\/\/www.manquepierda.com\/historiarealbetis\/espejin-ramon-perez-mesa\/","title":{"rendered":"ESPEJ\u00cdN-Ram\u00f3n P\u00e9rez Mesa"},"content":{"rendered":"<p><a href=\"https:\/\/i0.wp.com\/www.manquepierda.com\/historiarealbetis\/files\/2011\/11\/ESPEJIN.jpg?ssl=1\"><img data-recalc-dims=\"1\" loading=\"lazy\" decoding=\"async\" class=\"aligncenter size-medium wp-image-15804\" src=\"https:\/\/i0.wp.com\/www.manquepierda.com\/historiarealbetis\/files\/2011\/11\/ESPEJIN.jpg?resize=202%2C300&#038;ssl=1\" alt=\"\" width=\"202\" height=\"300\" srcset=\"https:\/\/i0.wp.com\/www.manquepierda.com\/historiarealbetis\/files\/2011\/11\/ESPEJIN.jpg?resize=202%2C300&amp;ssl=1 202w, https:\/\/i0.wp.com\/www.manquepierda.com\/historiarealbetis\/files\/2011\/11\/ESPEJIN.jpg?resize=690%2C1024&amp;ssl=1 690w, https:\/\/i0.wp.com\/www.manquepierda.com\/historiarealbetis\/files\/2011\/11\/ESPEJIN.jpg?w=696&amp;ssl=1 696w\" sizes=\"auto, (max-width: 202px) 100vw, 202px\" \/><\/a><strong><em>Ram\u00f3n P\u00e9rez Mesa (a) Espej\u00edn naci\u00f3 en Tenerife el domingo 03 de diciembre de 1933. <\/em><\/strong><\/p>\n<p><strong><em>Jug\u00f3 de medio volante,\u00a0 y proced\u00eda del Algeciras Club de F\u00fatbol.\u00a0 <\/em><\/strong><\/p>\n<p><strong><em>Uno de los jugadores que en la temporada 1957-1958-Campe\u00f3n\u00a0 de Segunda Divisi\u00f3n-hicieron posible el Ascenso a la Divisi\u00f3n de Honor-Real Betis Balompi\u00e9 1958-1959.<\/em><\/strong><\/p>\n<p style=\"text-align: left\"><a href=\"https:\/\/i0.wp.com\/www.manquepierda.com\/historiarealbetis\/files\/2011\/11\/Espej%C3%ADn-1956.jpg?ssl=1\"><img data-recalc-dims=\"1\" loading=\"lazy\" decoding=\"async\" class=\"aligncenter size-medium wp-image-15924\" src=\"https:\/\/i0.wp.com\/www.manquepierda.com\/historiarealbetis\/files\/2011\/11\/Espej%C3%ADn-1956-300x215.jpg?resize=300%2C215&#038;ssl=1\" alt=\"\" width=\"300\" height=\"215\" \/><\/a><strong>En la parte superior izquierda de la imagen, vemos a ESPEJ\u00cdN con camisa y pantal\u00f3n oscuros.-Fotograf\u00eda de Miguel, mi\u00e9rcoles 22-08-1956, inauguraci\u00f3n nuevo vomitorio del Estadio de Heli\u00f3polis: Directivos y Jugadores 1956-1957.-Referencia FS-446.<\/strong><\/p>\n<p><strong>Fue componente del equipo de \u00abViejas Glorias del Real Betis Balompi\u00e9\u00bb: <\/strong><\/p>\n<p><strong>Vs. las Viejas Glorias del Sevilla FC (1969-Octubre: Pro Ateneo-Cabalgata Reyes Magos; 1974-Junio: Homenaje al jugador sevillista Jer\u00f3nimo Palacios Herrera-II). <\/strong><\/p>\n<p><strong>Vs. Agrupaci\u00f3n de Veteranos de Los Palacios (1976-Diciembre: Pro Cabalgata Reyes Magos en esa localidad).<\/strong><\/p>\n<p style=\"text-align: center\"><strong>Carta al director ABC-Sevilla del martes 17-06-1994:<em> \u00abUn b\u00e9tico precoz\u00bb.<\/em><\/strong><\/p>\n<p style=\"text-align: left\"><strong><em>Se\u00f1or Director: <\/em><\/strong><\/p>\n<p style=\"text-align: left\"><strong><em>Somos una familia de b\u00e9ticos, de hecho mi marido tuvo el honor de defender sus colores en el ascenso temporada 1957-1958.<\/em><\/strong><\/p>\n<p style=\"text-align: left\"><strong><em>Pues bien, hemos tenido, el d\u00eda 9 de mayo, nuestro primer nieto y esta es su peque\u00f1a y gran historia.<\/em><\/strong><\/p>\n<p style=\"text-align: left\"><strong><em>Mi nuera se puso de parto a las nueve de la noche y viven por la estaci\u00f3n de Santa Justa, o sea, que mi coche fue escoltado por banderas verdiblancas hasta la residencia Virgen del Roc\u00edo y con los gritos, ya famosos, de Betis, Betis&#8230; <\/em><\/strong><\/p>\n<p style=\"text-align: left\"><strong><em>La primera nana de mi nieto fueron los c\u00e1nticos que se escuchaban perfectamente desde el Estadio Benito Villamar\u00edn, de Betis, Betis o sea que mi nieto es de Primera.<\/em><\/strong><\/p>\n<p style=\"text-align: left\"><strong><em>Espero que en un futuro defienda los colores de ese maravilloso Club, igual que lo hizo su abuelo \u00abEspej\u00edn\u00bb, y as\u00ed no se pierda esta zaga de b\u00e9ticos. Tu abuela la b\u00e9tica.-Olga Julio Cruz\u00bb.<\/em><\/strong><\/p>\n<p style=\"text-align: left\"><strong><em><\/em><em><\/em><em><\/em><em><\/em><em><br \/>\n<\/em><\/strong><\/p>\n","protected":false},"excerpt":{"rendered":"<p>Ram\u00f3n P\u00e9rez Mesa (a) Espej\u00edn naci\u00f3 en Tenerife el domingo 03 de diciembre de 1933. Jug\u00f3 de medio volante,\u00a0 y proced\u00eda del Algeciras Club de F\u00fatbol.\u00a0 Uno de los jugadores que en la temporada 1957-1958-Campe\u00f3n\u00a0 de Segunda Divisi\u00f3n-hicieron posible el Ascenso a la Divisi\u00f3n de Honor-Real Betis Balompi\u00e9 1958-1959. En la parte superior izquierda de&#8230;<\/p>\n","protected":false},"author":48,"featured_media":15804,"comment_status":"open","ping_status":"open","sticky":false,"template":"","format":"standard","meta":{"_kad_post_transparent":"","_kad_post_title":"","_kad_post_layout":"","_kad_post_sidebar_id":"","_kad_post_content_style":"","_kad_post_vertical_padding":"","_kad_post_feature":"","_kad_post_feature_position":"","_kad_post_header":false,"_kad_post_footer":false,"_kad_post_classname":"","_jetpack_memberships_contains_paid_content":false,"footnotes":"","jetpack_publicize_message":"","jetpack_publicize_feature_enabled":true,"jetpack_social_post_already_shared":false,"jetpack_social_options":{"image_generator_settings":{"template":"highway","default_image_id":0,"font":"","enabled":false},"version":2}},"categories":[901,893],"tags":[3582],"class_list":["post-15803","post","type-post","status-publish","format-standard","has-post-thumbnail","hentry","category-1950-1959","category-jugadores-temas","tag-ramon-perez-espejin"],"jetpack_publicize_connections":[],"jetpack_featured_media_url":"https:\/\/i0.wp.com\/www.manquepierda.com\/historiarealbetis\/files\/2011\/11\/ESPEJIN.jpg?fit=696%2C1032&ssl=1","jetpack_sharing_enabled":true,"jetpack_shortlink":"https:\/\/wp.me\/p1ij08-46T","jetpack-related-posts":[],"_links":{"self":[{"href":"https:\/\/www.manquepierda.com\/historiarealbetis\/wp-json\/wp\/v2\/posts\/15803","targetHints":{"allow":["GET"]}}],"collection":[{"href":"https:\/\/www.manquepierda.com\/historiarealbetis\/wp-json\/wp\/v2\/posts"}],"about":[{"href":"https:\/\/www.manquepierda.com\/historiarealbetis\/wp-json\/wp\/v2\/types\/post"}],"author":[{"embeddable":true,"href":"https:\/\/www.manquepierda.com\/historiarealbetis\/wp-json\/wp\/v2\/users\/48"}],"replies":[{"embeddable":true,"href":"https:\/\/www.manquepierda.com\/historiarealbetis\/wp-json\/wp\/v2\/comments?post=15803"}],"version-history":[{"count":1,"href":"https:\/\/www.manquepierda.com\/historiarealbetis\/wp-json\/wp\/v2\/posts\/15803\/revisions"}],"predecessor-version":[{"id":100058,"href":"https:\/\/www.manquepierda.com\/historiarealbetis\/wp-json\/wp\/v2\/posts\/15803\/revisions\/100058"}],"wp:featuredmedia":[{"embeddable":true,"href":"https:\/\/www.manquepierda.com\/historiarealbetis\/wp-json\/wp\/v2\/media\/15804"}],"wp:attachment":[{"href":"https:\/\/www.manquepierda.com\/historiarealbetis\/wp-json\/wp\/v2\/media?parent=15803"}],"wp:term":[{"taxonomy":"category","embeddable":true,"href":"https:\/\/www.manquepierda.com\/historiarealbetis\/wp-json\/wp\/v2\/categories?post=15803"},{"taxonomy":"post_tag","embeddable":true,"href":"https:\/\/www.manquepierda.com\/historiarealbetis\/wp-json\/wp\/v2\/tags?post=15803"}],"curies":[{"name":"wp","href":"https:\/\/api.w.org\/{rel}","templated":true}]}}