{"id":15864,"date":"2011-11-21T06:15:51","date_gmt":"2011-11-21T04:15:51","guid":{"rendered":"http:\/\/www.manquepierda.com\/historiarealbetis\/?p=15864"},"modified":"2021-06-21T18:40:07","modified_gmt":"2021-06-21T16:40:07","slug":"la-cantera-en-1955-el-betis-aficionados","status":"publish","type":"post","link":"https:\/\/www.manquepierda.com\/historiarealbetis\/la-cantera-en-1955-el-betis-aficionados\/","title":{"rendered":"La cantera en 1955: el Betis Aficionados"},"content":{"rendered":"<figure id=\"attachment_15865\" aria-describedby=\"caption-attachment-15865\" style=\"width: 513px\" class=\"wp-caption aligncenter\"><a href=\"https:\/\/i0.wp.com\/www.manquepierda.com\/historiarealbetis\/files\/2011\/11\/1955-5-12-Imagen-Betis-amateur.jpg?ssl=1\"><img data-recalc-dims=\"1\" loading=\"lazy\" decoding=\"async\" class=\"size-full wp-image-15865\" src=\"https:\/\/i0.wp.com\/www.manquepierda.com\/historiarealbetis\/files\/2011\/11\/1955-5-12-Imagen-Betis-amateur.jpg?resize=513%2C444&#038;ssl=1\" alt=\"\" width=\"513\" height=\"444\" srcset=\"https:\/\/i0.wp.com\/www.manquepierda.com\/historiarealbetis\/files\/2011\/11\/1955-5-12-Imagen-Betis-amateur.jpg?w=513&amp;ssl=1 513w, https:\/\/i0.wp.com\/www.manquepierda.com\/historiarealbetis\/files\/2011\/11\/1955-5-12-Imagen-Betis-amateur.jpg?resize=300%2C259&amp;ssl=1 300w\" sizes=\"auto, (max-width: 513px) 100vw, 513px\" \/><\/a><figcaption id=\"caption-attachment-15865\" class=\"wp-caption-text\">Fuente: Marca 12 de Mayo de 1955<\/figcaption><\/figure>\n<p>En la d\u00e9cada de los 50 podemos hablar, sin ning\u00fan lugar a dudas, de que la cantera b\u00e9tica funciona. Con frecuencia nutre de jugadores al primer equipo b\u00e9tico y sus escalafones inferiores son cada vez m\u00e1s competitivos. Como ejemplo la participaci\u00f3n en la Copa de Espa\u00f1a en 1955 del equipo amateur, despu\u00e9s de haberse proclamado campe\u00f3n de Andaluc\u00eda, o la del equipo juvenil al a\u00f1o siguiente en las mismas circunstancias.<\/p>\n<p>Esta imagen pertenece al equipo de aficionados en la temporada 1954-55, cuando accedi\u00f3 al Campeonato de Espa\u00f1a, donde fue eliminado en cuartos de final por el Agroman madrile\u00f1o, que ser\u00eda el posterior campe\u00f3n.<\/p>\n<p>&nbsp;<\/p>\n<p>&nbsp;<\/p>\n","protected":false},"excerpt":{"rendered":"<p>En la d\u00e9cada de los 50 podemos hablar, sin ning\u00fan lugar a dudas, de que la cantera b\u00e9tica funciona. Con frecuencia nutre de jugadores al primer equipo b\u00e9tico y sus escalafones inferiores son cada vez m\u00e1s competitivos. Como ejemplo la participaci\u00f3n en la Copa de Espa\u00f1a en 1955 del equipo amateur, despu\u00e9s de haberse proclamado&#8230;<\/p>\n","protected":false},"author":5,"featured_media":15865,"comment_status":"open","ping_status":"open","sticky":false,"template":"","format":"standard","meta":{"_kad_post_transparent":"","_kad_post_title":"","_kad_post_layout":"","_kad_post_sidebar_id":"","_kad_post_content_style":"","_kad_post_vertical_padding":"","_kad_post_feature":"","_kad_post_feature_position":"","_kad_post_header":false,"_kad_post_footer":false,"_kad_post_classname":"","_jetpack_memberships_contains_paid_content":false,"footnotes":"","jetpack_publicize_message":"","jetpack_publicize_feature_enabled":true,"jetpack_social_post_already_shared":false,"jetpack_social_options":{"image_generator_settings":{"template":"highway","default_image_id":0,"font":"","enabled":false},"version":2}},"categories":[901,17191,1],"tags":[2561,55,4039,4038],"class_list":["post-15864","post","type-post","status-publish","format-standard","has-post-thumbnail","hentry","category-1950-1959","category-cantera","category-portada","tag-1954-55","tag-55","tag-agroman","tag-betis-aficionados"],"jetpack_publicize_connections":[],"jetpack_featured_media_url":"https:\/\/i0.wp.com\/www.manquepierda.com\/historiarealbetis\/files\/2011\/11\/1955-5-12-Imagen-Betis-amateur.jpg?fit=513%2C444&ssl=1","jetpack_sharing_enabled":true,"jetpack_shortlink":"https:\/\/wp.me\/p1ij08-47S","jetpack-related-posts":[],"_links":{"self":[{"href":"https:\/\/www.manquepierda.com\/historiarealbetis\/wp-json\/wp\/v2\/posts\/15864","targetHints":{"allow":["GET"]}}],"collection":[{"href":"https:\/\/www.manquepierda.com\/historiarealbetis\/wp-json\/wp\/v2\/posts"}],"about":[{"href":"https:\/\/www.manquepierda.com\/historiarealbetis\/wp-json\/wp\/v2\/types\/post"}],"author":[{"embeddable":true,"href":"https:\/\/www.manquepierda.com\/historiarealbetis\/wp-json\/wp\/v2\/users\/5"}],"replies":[{"embeddable":true,"href":"https:\/\/www.manquepierda.com\/historiarealbetis\/wp-json\/wp\/v2\/comments?post=15864"}],"version-history":[{"count":0,"href":"https:\/\/www.manquepierda.com\/historiarealbetis\/wp-json\/wp\/v2\/posts\/15864\/revisions"}],"wp:featuredmedia":[{"embeddable":true,"href":"https:\/\/www.manquepierda.com\/historiarealbetis\/wp-json\/wp\/v2\/media\/15865"}],"wp:attachment":[{"href":"https:\/\/www.manquepierda.com\/historiarealbetis\/wp-json\/wp\/v2\/media?parent=15864"}],"wp:term":[{"taxonomy":"category","embeddable":true,"href":"https:\/\/www.manquepierda.com\/historiarealbetis\/wp-json\/wp\/v2\/categories?post=15864"},{"taxonomy":"post_tag","embeddable":true,"href":"https:\/\/www.manquepierda.com\/historiarealbetis\/wp-json\/wp\/v2\/tags?post=15864"}],"curies":[{"name":"wp","href":"https:\/\/api.w.org\/{rel}","templated":true}]}}