{"id":17047,"date":"2012-01-27T22:21:58","date_gmt":"2012-01-27T21:21:58","guid":{"rendered":"http:\/\/www.manquepierda.com\/historiarealbetis\/?p=17047"},"modified":"2017-01-01T17:27:54","modified_gmt":"2017-01-01T16:27:54","slug":"1913-enero-01-balompie-cordoba-3-vs-sevilla-1","status":"publish","type":"post","link":"https:\/\/www.manquepierda.com\/historiarealbetis\/1913-enero-01-balompie-cordoba-3-vs-sevilla-1\/","title":{"rendered":"1913-Enero 01-Cercadilla.-Balompi\u00e9 Cordob\u00e9s-3 Sevilla Balompi\u00e9-1.-104Aniversario."},"content":{"rendered":"<p style=\"text-align: left\"><a href=\"https:\/\/i0.wp.com\/www.manquepierda.com\/historiarealbetis\/files\/2012\/01\/191301011.jpg?ssl=1\"><img data-recalc-dims=\"1\" loading=\"lazy\" decoding=\"async\" class=\"aligncenter size-full wp-image-17049\" src=\"https:\/\/i0.wp.com\/www.manquepierda.com\/historiarealbetis\/files\/2012\/01\/191301011.jpg?resize=304%2C976&#038;ssl=1\" alt=\"\" width=\"304\" height=\"976\" srcset=\"https:\/\/i0.wp.com\/www.manquepierda.com\/historiarealbetis\/files\/2012\/01\/191301011.jpg?w=304&amp;ssl=1 304w, https:\/\/i0.wp.com\/www.manquepierda.com\/historiarealbetis\/files\/2012\/01\/191301011.jpg?resize=93%2C300&amp;ssl=1 93w\" sizes=\"auto, (max-width: 304px) 100vw, 304px\" \/><\/a><strong><em>\u00abDIARIO DE C\u00d3RDOBA\u00bb-De Comercio-Industria-Administraci\u00f3n-Noticias y Avisos N\u00ba 19.140.-C\u00f3rdoba, jueves 02-Enero-1913.<\/em><\/strong><\/p>\n<p style=\"text-align: center\"><strong><em>DEPORTES-\u00abPARTIDO DE BALOMPI\u00c9\u00bb<\/em><\/strong><\/p>\n<p style=\"text-align: left\"><strong><em>\u00abAyer, mi\u00e9rcoles 1\u00ba de Enero a las 3 de la tarde,\u00a0 se verific\u00f3 en el hermoso campo de la estaci\u00f3n de Cercadilla, cedido desinteresadamente por su due\u00f1o don Diego Serrano, un interesante partido de balompi\u00e9 por los equipos de Sevilla y C\u00f3rdoba.<\/em><\/strong><\/p>\n<p style=\"text-align: left;padding-left: 30px\"><strong><em>Los jugadores del primero llegaron a esta capital en los trenes corto de Sevilla y r\u00e1pido ascendente, siendo esperados\u00a0 en los andenes de la Estaci\u00f3n Central\u00a0 por los socios del Balompi\u00e9 Cordob\u00e9s, que los colmaron de atenciones.<\/em><\/strong><\/p>\n<p style=\"text-align: left\"><strong><em>Mucho antes de la hora designada se hallaban aquellos lugares muy concurridos por un p\u00fablico selecto.<\/em><\/strong><\/p>\n<p style=\"text-align: left\"><strong><em>Los bandos se hallaban dispuestos de la siguiente forma:<\/em><\/strong><\/p>\n<p style=\"text-align: left\"><strong><em>SOCIEDAD SEVILLA BALOMPI\u00c9-1 Goal:<br \/>\n<\/em><\/strong><\/p>\n<p style=\"text-align: center\"><strong><em>Enrique A\u00f1ino Ilzarbe de Andueza (20 a\u00f1os+8 meses menos 19 d\u00edas).<br \/>\n<\/em><\/strong><\/p>\n<p style=\"text-align: center\"><strong><em>Lu\u00eds Hermosa Guti\u00e9rrez,\u00a0 Pedro Li\u00f1ana<\/em><\/strong><\/p>\n<p style=\"text-align: center\"><strong><em>Cotera, Andr\u00e9s Hermosa Guti\u00e9rrez<\/em><\/strong><\/p>\n<p style=\"text-align: center\"><strong><em>Jos\u00e9 Hermosa Guti\u00e9rrez, Cuesta Monereo, Castillo.<\/em><\/strong><\/p>\n<p style=\"text-align: left\"><strong><em>CLUB BALOMPI\u00c9 CORDOB\u00c9S-3 Tantos:<br \/>\n<\/em><\/strong><\/p>\n<p style=\"text-align: center\"><strong><em>Jos\u00e9 Wesoulouski Zaldo, Ram\u00edrez, Jean, Rioja, Montero<\/em><\/strong><\/p>\n<p style=\"text-align: center\"><strong><em>R. Muro, Edmundo Wesoulouski Zaldo, Blancas<\/em><\/strong><\/p>\n<p style=\"text-align: center\"><strong><em>Jacinto Wesoulouski Zaldo, Rubio<\/em><\/strong><\/p>\n<p style=\"text-align: center\"><strong><em>J. Muro<\/em><\/strong><\/p>\n<p style=\"text-align: left\"><strong><em>Juez de Campo, don Enrique Huguet.-Jueces de L\u00ednea, don Diego Monroy y don Adolfo Torres.<\/em><\/strong><\/p>\n<p style=\"text-align: left\"><strong><em>En el primer partido distingu\u00ederonse los jugadores sevillanos A\u00f1ino, Hermosa (Lu\u00eds, Andr\u00e9s y Jos\u00e9) y Castillo, sobresaliendo una soberbia bolea del se\u00f1or A\u00f1ino, y los cordobeses se\u00f1ores Wesoulouski (Jos\u00e9, Edmundo y Jacinto), Jean, Rioja y J. Muro, que estuvo colosal.<\/em><\/strong><\/p>\n<p style=\"text-align: left\"><strong><em>Gan\u00f3 el equipo cordob\u00e9s por tres tantos contra uno, motivado por un golpe libre, como castigo de una falta cometida por un jugador cordob\u00e9s.<\/em><\/strong><\/p>\n<p style=\"text-align: left\"><strong><em>ESQUINA: hicieron cinco los sevillanos y uno los cordobeses.<\/em><\/strong><\/p>\n<p style=\"text-align: left\"><strong><em>USO DE MANOS: cuatro los sevillanos y tres los cordobeses.<\/em><\/strong><\/p>\n<p style=\"text-align: left\"><strong><em>SALIDAS DE CAMPO: quince los sevillanos y diez los cordobeses.<\/em><\/strong><\/p>\n<p style=\"text-align: left\"><strong><em>El primer juego dur\u00f3 cuarenta minutos, d\u00e1ndose \u00e1 los jugadores un descanso de diez minutos y cambiando ambos partidos de campo.<\/em><\/strong><\/p>\n<p style=\"text-align: left\"><strong><em>El juego di\u00f3se por terminado \u00e1 las 4&#8217;40 de la tarde.<\/em><\/strong><\/p>\n<p style=\"text-align: left\"><strong><em>Despu\u00e9s fueron obsequiados espl\u00e9ndidamente en la Primera los jugadores sevillanos, reinando entre todos el mayor entusiasmo y cordialidad.<\/em><\/strong><\/p>\n<p style=\"text-align: left\"><strong><em>El equipo cordob\u00e9s qued\u00f3 emplazado para jugar un partido en Sevilla, en fecha no lejana.<\/em><\/strong><\/p>\n<p style=\"text-align: left\"><strong><em>El alcalde se\u00f1or Mu\u00f1oz P\u00e9rez cedi\u00f3 desinteresadamente cuatrocientas sillas, destin\u00e1ndose el producto recaudado para la Asociaci\u00f3n Cordobesa de Caridad\u00bb.-DON CANUTO.-\u00abDiario de C\u00f3rdoba\u00bb 19130102, jueves.<\/em><\/strong><\/p>\n<p style=\"text-align: center\"><strong><em>En 2008 se descubren restos arqueol\u00f3gicos romanos en Cercadilla.<br \/>\n<\/em><\/strong><\/p>\n<p style=\"text-align: center\"><strong>*Estaci\u00f3n de Cercadilla-Antigua \u00abEstaci\u00f3n de Andaluces\u00bb.<\/strong><\/p>\n<p style=\"text-align: center\"><strong><strong>C\u00d3RDOBA-CERCADILLA: Enlace con la l\u00ednea de ancho ib\u00e9rico C\u00f3rdoba-M\u00e1laga.<\/strong><em><br \/>\n<\/em><\/strong><\/p>\n<p style=\"text-align: center\"><a href=\"https:\/\/i0.wp.com\/www.manquepierda.com\/historiarealbetis\/files\/2012\/01\/CERCADILLA-2.jpg?ssl=1\"><img data-recalc-dims=\"1\" loading=\"lazy\" decoding=\"async\" class=\"aligncenter size-full wp-image-17057\" src=\"https:\/\/i0.wp.com\/www.manquepierda.com\/historiarealbetis\/files\/2012\/01\/CERCADILLA-2.jpg?resize=419%2C266&#038;ssl=1\" alt=\"\" width=\"419\" height=\"266\" srcset=\"https:\/\/i0.wp.com\/www.manquepierda.com\/historiarealbetis\/files\/2012\/01\/CERCADILLA-2.jpg?w=419&amp;ssl=1 419w, https:\/\/i0.wp.com\/www.manquepierda.com\/historiarealbetis\/files\/2012\/01\/CERCADILLA-2.jpg?resize=300%2C190&amp;ssl=1 300w\" sizes=\"auto, (max-width: 419px) 100vw, 419px\" \/><\/a>\u00abExcavaciones de Cercadilla. Al fondo, la estaci\u00f3n de ferrocarril\u00bb.<\/p>\n<p style=\"text-align: center\">Se encontraron cuando en la primera d\u00e9cada del siglo XXI-Estaci\u00f3n AVE.<\/p>\n","protected":false},"excerpt":{"rendered":"<p>\u00abDIARIO DE C\u00d3RDOBA\u00bb-De Comercio-Industria-Administraci\u00f3n-Noticias y Avisos N\u00ba 19.140.-C\u00f3rdoba, jueves 02-Enero-1913. DEPORTES-\u00abPARTIDO DE BALOMPI\u00c9\u00bb \u00abAyer, mi\u00e9rcoles 1\u00ba de Enero a las 3 de la tarde,\u00a0 se verific\u00f3 en el hermoso campo de la estaci\u00f3n de Cercadilla, cedido desinteresadamente por su due\u00f1o don Diego Serrano, un interesante partido de balompi\u00e9 por los equipos de Sevilla y C\u00f3rdoba&#8230;.<\/p>\n","protected":false},"author":48,"featured_media":17048,"comment_status":"open","ping_status":"open","sticky":false,"template":"","format":"standard","meta":{"_kad_post_transparent":"","_kad_post_title":"","_kad_post_layout":"","_kad_post_sidebar_id":"","_kad_post_content_style":"","_kad_post_vertical_padding":"","_kad_post_feature":"","_kad_post_feature_position":"","_kad_post_header":false,"_kad_post_footer":false,"_kad_post_classname":"","_jetpack_memberships_contains_paid_content":false,"footnotes":"","jetpack_publicize_message":"","jetpack_publicize_feature_enabled":true,"jetpack_social_post_already_shared":false,"jetpack_social_options":{"image_generator_settings":{"template":"highway","default_image_id":0,"font":"","enabled":false},"version":2}},"categories":[896,906,1],"tags":[3395,4365,1905,1779,2054,1725,5017],"class_list":["post-17047","post","type-post","status-publish","format-standard","has-post-thumbnail","hentry","category-1908-1919","category-investigacion-temas","category-portada","tag-andres-hermosa-gutierrez","tag-campo-estacion-de-cercadilla","tag-edmundo-wesolowski-zaldo","tag-jacinto-wesolowski-zaldo","tag-jose-hermosa-gutierrez","tag-jose-wesolowski-zaldo","tag-pedro-linana"],"jetpack_publicize_connections":[],"jetpack_featured_media_url":"https:\/\/i0.wp.com\/www.manquepierda.com\/historiarealbetis\/files\/2012\/01\/19130101.jpg?fit=304%2C976&ssl=1","jetpack_sharing_enabled":true,"jetpack_shortlink":"https:\/\/wp.me\/p1ij08-4qX","jetpack-related-posts":[],"_links":{"self":[{"href":"https:\/\/www.manquepierda.com\/historiarealbetis\/wp-json\/wp\/v2\/posts\/17047","targetHints":{"allow":["GET"]}}],"collection":[{"href":"https:\/\/www.manquepierda.com\/historiarealbetis\/wp-json\/wp\/v2\/posts"}],"about":[{"href":"https:\/\/www.manquepierda.com\/historiarealbetis\/wp-json\/wp\/v2\/types\/post"}],"author":[{"embeddable":true,"href":"https:\/\/www.manquepierda.com\/historiarealbetis\/wp-json\/wp\/v2\/users\/48"}],"replies":[{"embeddable":true,"href":"https:\/\/www.manquepierda.com\/historiarealbetis\/wp-json\/wp\/v2\/comments?post=17047"}],"version-history":[{"count":0,"href":"https:\/\/www.manquepierda.com\/historiarealbetis\/wp-json\/wp\/v2\/posts\/17047\/revisions"}],"wp:featuredmedia":[{"embeddable":true,"href":"https:\/\/www.manquepierda.com\/historiarealbetis\/wp-json\/wp\/v2\/media\/17048"}],"wp:attachment":[{"href":"https:\/\/www.manquepierda.com\/historiarealbetis\/wp-json\/wp\/v2\/media?parent=17047"}],"wp:term":[{"taxonomy":"category","embeddable":true,"href":"https:\/\/www.manquepierda.com\/historiarealbetis\/wp-json\/wp\/v2\/categories?post=17047"},{"taxonomy":"post_tag","embeddable":true,"href":"https:\/\/www.manquepierda.com\/historiarealbetis\/wp-json\/wp\/v2\/tags?post=17047"}],"curies":[{"name":"wp","href":"https:\/\/api.w.org\/{rel}","templated":true}]}}