{"id":17073,"date":"2012-02-03T06:54:24","date_gmt":"2012-02-03T05:54:24","guid":{"rendered":"http:\/\/www.manquepierda.com\/historiarealbetis\/?p=17073"},"modified":"2024-09-14T16:46:14","modified_gmt":"2024-09-14T14:46:14","slug":"visitamos-al-rcd-mallorca","status":"publish","type":"post","link":"https:\/\/www.manquepierda.com\/historiarealbetis\/visitamos-al-rcd-mallorca\/","title":{"rendered":"Visitamos al RCD Mallorca"},"content":{"rendered":"<figure id=\"attachment_17083\" aria-describedby=\"caption-attachment-17083\" style=\"width: 385px\" class=\"wp-caption aligncenter\"><a href=\"https:\/\/i0.wp.com\/www.manquepierda.com\/historiarealbetis\/files\/2012\/02\/Mallorca-Copa-2003.jpg?ssl=1\"><img data-recalc-dims=\"1\" loading=\"lazy\" decoding=\"async\" class=\"size-full wp-image-17083\" src=\"https:\/\/i0.wp.com\/www.manquepierda.com\/historiarealbetis\/files\/2012\/02\/Mallorca-Copa-2003.jpg?resize=385%2C257&#038;ssl=1\" alt=\"\" width=\"385\" height=\"257\" srcset=\"https:\/\/i0.wp.com\/www.manquepierda.com\/historiarealbetis\/files\/2012\/02\/Mallorca-Copa-2003.jpg?w=385&amp;ssl=1 385w, https:\/\/i0.wp.com\/www.manquepierda.com\/historiarealbetis\/files\/2012\/02\/Mallorca-Copa-2003.jpg?resize=300%2C200&amp;ssl=1 300w\" sizes=\"auto, (max-width: 385px) 100vw, 385px\" \/><\/a><figcaption id=\"caption-attachment-17083\" class=\"wp-caption-text\">El Mallorca Campe\u00f3n de Copa en 2003<\/figcaption><\/figure>\n<p>El pr\u00f3ximo s\u00e1bado a las 18 horas visitamos Son Moix, el terreno del Real Club Deportivo Mallorca, club fundado en 1916 y que ha disputado 26 temporadas en Primera Divisi\u00f3n, 31 en Segunda, 2 en Segunda B y 12 en Tercera. Su \u00fanico t\u00edtulo nacional es una Copa del Rey conseguida en 2003 cuando derrot\u00f3 al Recreativo de Huelva en la final.<\/p>\n<p>La primera visita oficial del Betis a terreno mallorqu\u00edn tuvo lugar el 14 de Enero de 1945, en partido de la jornada 15 del Campeonato de Liga de Segunda Divisi\u00f3n, y en que los locales se impusieron 4-2, siendo Jos\u00e9 Pineda el autor de los 2 tantos b\u00e9ticos.<\/p>\n<p>Han sido un total de 33 las visitas b\u00e9ticas al Mallorca en partido oficial, as\u00ed repartidas: 19 partidos en Primera ( 11 victorias del Mallorca, 4 empates y 4 victorias del Betis), 9 partidos en Segunda ( 4 victorias del Mallorca, 3 empates y 2 victorias del Betis) y 5 partidos de Copa ( 4 victorias locales y 1 empate).<\/p>\n<p>Estos 33 partidos se han disputado 1 en el campo de Buenos Aires, 2 en el Municipal de Es Fort\u00ed, 19 en el Luis Sitjar, 10 en Son Moix y 1 en el Miniestadi de Barcelona, donde se jug\u00f3 el partido de la temporada 1983-84 y en la que se impuso el club b\u00e9tico 0-1 con tanto de Alex, y que adem\u00e1s fue el gol 1.000 del conjunto b\u00e9tico en Primera Divisi\u00f3n.<\/p>\n<p>Entre los jugadores que han militado en ambos conjuntos podemos citar a Gabriel Amato, Oscar Arp\u00f3n, Agust\u00edn Asenjo, Ram\u00f3n Blanco, Manuel Campos, Jos\u00e9 Cui\u00f1as, Santiago Chicharro, Dionisio G\u00f3mez \u00abDioni\u00bb, Finidi George, Francisco Frigols, Jos\u00e9 G\u00e1lvez, Mariano Garc\u00eda de la Puerta, Isidoro Rodr\u00edguez, Jenaro Roig, Javier L\u00f3pez, Manuel P\u00e9rez \u00abMacario\u00bb, Javier Matilla, Andr\u00e9s Molina, Jos\u00e9 Montalvo, Manuel Moreno, Melchor L\u00f3pez, Jos\u00e9 Nebot, Manuel Ordaz, Antonio Prats, Jos\u00e9 Rancel, Ra\u00fal Omar Rodr\u00edguez, Mariano Retamar, Enrique Romero, Jaume Sabat\u00e9, Vlada Stosic, Gabriel S\u00fa\u00f1er, Fernando Varela, Manuel Villanova y Yanko Daucick.<\/p>\n<p>Entre los entrenadores Jos\u00e9 Quirante, C\u00e9sar Rodr\u00edguez, Sabino Barinaga, Marcel Domingo, Lorenzo Serra, H\u00e9ctor C\u00faper, Fernando V\u00e1zquez y Luis Aragon\u00e9s.<\/p>\n","protected":false},"excerpt":{"rendered":"<p>El pr\u00f3ximo s\u00e1bado a las 18 horas visitamos Son Moix, el terreno del Real Club Deportivo Mallorca, club fundado en 1916 y que ha disputado 26 temporadas en Primera Divisi\u00f3n, 31 en Segunda, 2 en Segunda B y 12 en Tercera. Su \u00fanico t\u00edtulo nacional es una Copa del Rey conseguida en 2003 cuando derrot\u00f3&#8230;<\/p>\n","protected":false},"author":5,"featured_media":17083,"comment_status":"open","ping_status":"open","sticky":false,"template":"","format":"standard","meta":{"_kad_post_transparent":"","_kad_post_title":"","_kad_post_layout":"","_kad_post_sidebar_id":"","_kad_post_content_style":"","_kad_post_vertical_padding":"","_kad_post_feature":"","_kad_post_feature_position":"","_kad_post_header":false,"_kad_post_footer":false,"_kad_post_classname":"","_jetpack_memberships_contains_paid_content":false,"footnotes":"","jetpack_publicize_message":"","jetpack_publicize_feature_enabled":true,"jetpack_social_post_already_shared":false,"jetpack_social_options":{"image_generator_settings":{"template":"highway","default_image_id":0,"font":"","enabled":false},"version":2}},"categories":[895,1],"tags":[3965,1370,1390,3277,3285,374,1088,381,2457,3275,3286,3289,3279,1304,1178,4004,3280,1566,3278,2628,3283,3030,1482,1457,1456,1303,3282,1421,1619,1050,1698,1082,1466,1628,1306,1632,3284,2240,1110,3276,16815,2462,1008],"class_list":["post-17073","post","type-post","status-publish","format-standard","has-post-thumbnail","hentry","category-los-rivales","category-portada","tag-agustin-asenjo","tag-andres-molina","tag-cesar-rodriguez","tag-dionisio-gomez-dioni","tag-enrique-romero","tag-fernando-varela","tag-fernando-vazquez","tag-finidi-george","tag-francisco-frigols","tag-gabriel-amato","tag-gabriel-suner","tag-hector-cuper","tag-isidoro-rodriguez","tag-jaume-sabate","tag-javier-lopez","tag-javier-matilla","tag-jenaro-roig","tag-jose-cuinas","tag-jose-galvez","tag-jose-montalvo","tag-jose-nebot","tag-jose-quirante","tag-jose-rancel","tag-lorenzo-serra","tag-luis-aragones","tag-manuel-campos","tag-manuel-moreno","tag-manuel-ordaz","tag-manuel-perez-macario","tag-manuel-villanova","tag-mariano-garcia-de-la-puerta","tag-mariano-retamar","tag-melchor-lopez","tag-miniestadi","tag-oscar-arpon","tag-ramon-blanco","tag-raul-omar-rodriguez","tag-rcd-mallorca","tag-sabino-barinaga","tag-santiago-chicharro","tag-toni-prats","tag-vlada-stosic","tag-yanko-daucick"],"jetpack_publicize_connections":[],"jetpack_featured_media_url":"https:\/\/i0.wp.com\/www.manquepierda.com\/historiarealbetis\/files\/2012\/02\/Mallorca-Copa-2003.jpg?fit=385%2C257&ssl=1","jetpack_sharing_enabled":true,"jetpack_shortlink":"https:\/\/wp.me\/p1ij08-4rn","jetpack-related-posts":[],"_links":{"self":[{"href":"https:\/\/www.manquepierda.com\/historiarealbetis\/wp-json\/wp\/v2\/posts\/17073","targetHints":{"allow":["GET"]}}],"collection":[{"href":"https:\/\/www.manquepierda.com\/historiarealbetis\/wp-json\/wp\/v2\/posts"}],"about":[{"href":"https:\/\/www.manquepierda.com\/historiarealbetis\/wp-json\/wp\/v2\/types\/post"}],"author":[{"embeddable":true,"href":"https:\/\/www.manquepierda.com\/historiarealbetis\/wp-json\/wp\/v2\/users\/5"}],"replies":[{"embeddable":true,"href":"https:\/\/www.manquepierda.com\/historiarealbetis\/wp-json\/wp\/v2\/comments?post=17073"}],"version-history":[{"count":1,"href":"https:\/\/www.manquepierda.com\/historiarealbetis\/wp-json\/wp\/v2\/posts\/17073\/revisions"}],"predecessor-version":[{"id":97432,"href":"https:\/\/www.manquepierda.com\/historiarealbetis\/wp-json\/wp\/v2\/posts\/17073\/revisions\/97432"}],"wp:featuredmedia":[{"embeddable":true,"href":"https:\/\/www.manquepierda.com\/historiarealbetis\/wp-json\/wp\/v2\/media\/17083"}],"wp:attachment":[{"href":"https:\/\/www.manquepierda.com\/historiarealbetis\/wp-json\/wp\/v2\/media?parent=17073"}],"wp:term":[{"taxonomy":"category","embeddable":true,"href":"https:\/\/www.manquepierda.com\/historiarealbetis\/wp-json\/wp\/v2\/categories?post=17073"},{"taxonomy":"post_tag","embeddable":true,"href":"https:\/\/www.manquepierda.com\/historiarealbetis\/wp-json\/wp\/v2\/tags?post=17073"}],"curies":[{"name":"wp","href":"https:\/\/api.w.org\/{rel}","templated":true}]}}