{"id":17107,"date":"2012-02-02T06:39:07","date_gmt":"2012-02-02T05:39:07","guid":{"rendered":"http:\/\/www.manquepierda.com\/historiarealbetis\/?p=17107"},"modified":"2024-09-08T23:14:38","modified_gmt":"2024-09-08T21:14:38","slug":"mallorca-betis-liga-1997","status":"publish","type":"post","link":"https:\/\/www.manquepierda.com\/historiarealbetis\/mallorca-betis-liga-1997\/","title":{"rendered":"Mallorca-Betis Liga 1997"},"content":{"rendered":"<figure id=\"attachment_17108\" aria-describedby=\"caption-attachment-17108\" style=\"width: 634px\" class=\"wp-caption aligncenter\"><a href=\"https:\/\/i0.wp.com\/www.manquepierda.com\/historiarealbetis\/files\/2012\/02\/Mallorca-Betis-Liga-1997-1-Diario-de-Mallorca-14-12-1997.jpg?ssl=1\"><img data-recalc-dims=\"1\" loading=\"lazy\" decoding=\"async\" class=\"size-full wp-image-17108\" src=\"https:\/\/i0.wp.com\/www.manquepierda.com\/historiarealbetis\/files\/2012\/02\/Mallorca-Betis-Liga-1997-1-Diario-de-Mallorca-14-12-1997.jpg?resize=634%2C488&#038;ssl=1\" alt=\"\" width=\"634\" height=\"488\" srcset=\"https:\/\/i0.wp.com\/www.manquepierda.com\/historiarealbetis\/files\/2012\/02\/Mallorca-Betis-Liga-1997-1-Diario-de-Mallorca-14-12-1997.jpg?w=634&amp;ssl=1 634w, https:\/\/i0.wp.com\/www.manquepierda.com\/historiarealbetis\/files\/2012\/02\/Mallorca-Betis-Liga-1997-1-Diario-de-Mallorca-14-12-1997.jpg?resize=300%2C230&amp;ssl=1 300w\" sizes=\"auto, (max-width: 634px) 100vw, 634px\" \/><\/a><figcaption id=\"caption-attachment-17108\" class=\"wp-caption-text\">Fuente: Diario de Mallorca 14 de Diciembre de 1997<\/figcaption><\/figure>\n<p>&nbsp;<\/p>\n<p>13 de Diciembre de 1997 en el Luis Sitjar\u00a0 Mallorca 1\u00a0 Betis 2 ;\u00a0 jornada 16 del Campeonato de Liga de Primera Divisi\u00f3n<\/p>\n<p>En la imagen el defensa b\u00e9tico Jaime ante el mallorquinista Valer\u00f3n.<\/p>\n<p>A los 20 segundos de iniciarse el partido G\u00e1lvez pon\u00eda por delante al equipo balear, aunque en la primera parte el Betis remont\u00f3 con tantos de Jarni y Finidi para llevarse la victoria.<\/p>\n<figure id=\"attachment_17109\" aria-describedby=\"caption-attachment-17109\" style=\"width: 442px\" class=\"wp-caption aligncenter\"><a href=\"https:\/\/i0.wp.com\/www.manquepierda.com\/historiarealbetis\/files\/2012\/02\/Mallorca-Betis-Liga-1997-2-Diario-de-Mallorca-14-12-1997.jpg?ssl=1\"><img data-recalc-dims=\"1\" loading=\"lazy\" decoding=\"async\" class=\"size-full wp-image-17109\" src=\"https:\/\/i0.wp.com\/www.manquepierda.com\/historiarealbetis\/files\/2012\/02\/Mallorca-Betis-Liga-1997-2-Diario-de-Mallorca-14-12-1997.jpg?resize=442%2C431&#038;ssl=1\" alt=\"\" width=\"442\" height=\"431\" srcset=\"https:\/\/i0.wp.com\/www.manquepierda.com\/historiarealbetis\/files\/2012\/02\/Mallorca-Betis-Liga-1997-2-Diario-de-Mallorca-14-12-1997.jpg?w=442&amp;ssl=1 442w, https:\/\/i0.wp.com\/www.manquepierda.com\/historiarealbetis\/files\/2012\/02\/Mallorca-Betis-Liga-1997-2-Diario-de-Mallorca-14-12-1997.jpg?resize=300%2C292&amp;ssl=1 300w, https:\/\/i0.wp.com\/www.manquepierda.com\/historiarealbetis\/files\/2012\/02\/Mallorca-Betis-Liga-1997-2-Diario-de-Mallorca-14-12-1997.jpg?resize=50%2C50&amp;ssl=1 50w\" sizes=\"auto, (max-width: 442px) 100vw, 442px\" \/><\/a><figcaption id=\"caption-attachment-17109\" class=\"wp-caption-text\">Fuente: Diario de Mallorca 14- de Diciembre de 1997<\/figcaption><\/figure>\n<p>El meta b\u00e9tico Toni Prats volv\u00eda a la que fue su casa despu\u00e9s de casi tres a\u00f1os.<\/p>\n<p>&nbsp;<\/p>\n<figure id=\"attachment_17110\" aria-describedby=\"caption-attachment-17110\" style=\"width: 551px\" class=\"wp-caption aligncenter\"><a href=\"https:\/\/i0.wp.com\/www.manquepierda.com\/historiarealbetis\/files\/2012\/02\/Mallorca-Betis-Liga-1997-Diario-de-Mallorca-14-12-1997.jpg?ssl=1\"><img data-recalc-dims=\"1\" loading=\"lazy\" decoding=\"async\" class=\"size-full wp-image-17110\" src=\"https:\/\/i0.wp.com\/www.manquepierda.com\/historiarealbetis\/files\/2012\/02\/Mallorca-Betis-Liga-1997-Diario-de-Mallorca-14-12-1997.jpg?resize=551%2C540&#038;ssl=1\" alt=\"\" width=\"551\" height=\"540\" srcset=\"https:\/\/i0.wp.com\/www.manquepierda.com\/historiarealbetis\/files\/2012\/02\/Mallorca-Betis-Liga-1997-Diario-de-Mallorca-14-12-1997.jpg?w=551&amp;ssl=1 551w, https:\/\/i0.wp.com\/www.manquepierda.com\/historiarealbetis\/files\/2012\/02\/Mallorca-Betis-Liga-1997-Diario-de-Mallorca-14-12-1997.jpg?resize=300%2C294&amp;ssl=1 300w, https:\/\/i0.wp.com\/www.manquepierda.com\/historiarealbetis\/files\/2012\/02\/Mallorca-Betis-Liga-1997-Diario-de-Mallorca-14-12-1997.jpg?resize=50%2C50&amp;ssl=1 50w\" sizes=\"auto, (max-width: 551px) 100vw, 551px\" \/><\/a><figcaption id=\"caption-attachment-17110\" class=\"wp-caption-text\">Fuente: Diario de Mallorca 14 de Diciembre de 1997<\/figcaption><\/figure>\n<p>Tom\u00e1s Ol\u00edas con Gabriel Amato, por entonces delantero del equipo mallorquinista.<\/p>\n<p>&nbsp;<\/p>\n<figure id=\"attachment_17111\" aria-describedby=\"caption-attachment-17111\" style=\"width: 399px\" class=\"wp-caption aligncenter\"><a href=\"https:\/\/i0.wp.com\/www.manquepierda.com\/historiarealbetis\/files\/2012\/02\/Mallorca-Betis-Liga-1997-3-Diario-de-Mallorca-14-12-1997.jpg?ssl=1\"><img data-recalc-dims=\"1\" loading=\"lazy\" decoding=\"async\" class=\"size-full wp-image-17111\" src=\"https:\/\/i0.wp.com\/www.manquepierda.com\/historiarealbetis\/files\/2012\/02\/Mallorca-Betis-Liga-1997-3-Diario-de-Mallorca-14-12-1997.jpg?resize=399%2C522&#038;ssl=1\" alt=\"\" width=\"399\" height=\"522\" srcset=\"https:\/\/i0.wp.com\/www.manquepierda.com\/historiarealbetis\/files\/2012\/02\/Mallorca-Betis-Liga-1997-3-Diario-de-Mallorca-14-12-1997.jpg?w=399&amp;ssl=1 399w, https:\/\/i0.wp.com\/www.manquepierda.com\/historiarealbetis\/files\/2012\/02\/Mallorca-Betis-Liga-1997-3-Diario-de-Mallorca-14-12-1997.jpg?resize=229%2C300&amp;ssl=1 229w\" sizes=\"auto, (max-width: 399px) 100vw, 399px\" \/><\/a><figcaption id=\"caption-attachment-17111\" class=\"wp-caption-text\">Fuente: Diario de Mallorca 14 de Diciembre de 1997<\/figcaption><\/figure>\n<p>&nbsp;<\/p>\n<p>La afici\u00f3n b\u00e9tica en las gradas del Luis Sitjar animando a su equipo<\/p>\n<p>&nbsp;<\/p>\n<p>&nbsp;<\/p>\n","protected":false},"excerpt":{"rendered":"<p>&nbsp; 13 de Diciembre de 1997 en el Luis Sitjar\u00a0 Mallorca 1\u00a0 Betis 2 ;\u00a0 jornada 16 del Campeonato de Liga de Primera Divisi\u00f3n En la imagen el defensa b\u00e9tico Jaime ante el mallorquinista Valer\u00f3n. A los 20 segundos de iniciarse el partido G\u00e1lvez pon\u00eda por delante al equipo balear, aunque en la primera parte&#8230;<\/p>\n","protected":false},"author":5,"featured_media":17108,"comment_status":"open","ping_status":"open","sticky":false,"template":"","format":"standard","meta":{"_kad_post_transparent":"","_kad_post_title":"","_kad_post_layout":"","_kad_post_sidebar_id":"","_kad_post_content_style":"","_kad_post_vertical_padding":"","_kad_post_feature":"","_kad_post_feature_position":"","_kad_post_header":false,"_kad_post_footer":false,"_kad_post_classname":"","_jetpack_memberships_contains_paid_content":false,"footnotes":"","jetpack_publicize_message":"","jetpack_publicize_feature_enabled":true,"jetpack_social_post_already_shared":false,"jetpack_social_options":{"image_generator_settings":{"template":"highway","default_image_id":0,"font":"","enabled":false},"version":2}},"categories":[905,1],"tags":[1068,4389,3275,1332,17811,2241,2240,1335],"class_list":["post-17107","post","type-post","status-publish","format-standard","has-post-thumbnail","hentry","category-1990-1999","category-portada","tag-1068","tag-1997-98","tag-gabriel-amato","tag-jaime-quesada","tag-liga-primera-1997-98","tag-luis-sitjar","tag-rcd-mallorca","tag-tomas-olias"],"jetpack_publicize_connections":[],"jetpack_featured_media_url":"https:\/\/i0.wp.com\/www.manquepierda.com\/historiarealbetis\/files\/2012\/02\/Mallorca-Betis-Liga-1997-1-Diario-de-Mallorca-14-12-1997.jpg?fit=634%2C488&ssl=1","jetpack_sharing_enabled":true,"jetpack_shortlink":"https:\/\/wp.me\/p1ij08-4rV","jetpack-related-posts":[],"_links":{"self":[{"href":"https:\/\/www.manquepierda.com\/historiarealbetis\/wp-json\/wp\/v2\/posts\/17107","targetHints":{"allow":["GET"]}}],"collection":[{"href":"https:\/\/www.manquepierda.com\/historiarealbetis\/wp-json\/wp\/v2\/posts"}],"about":[{"href":"https:\/\/www.manquepierda.com\/historiarealbetis\/wp-json\/wp\/v2\/types\/post"}],"author":[{"embeddable":true,"href":"https:\/\/www.manquepierda.com\/historiarealbetis\/wp-json\/wp\/v2\/users\/5"}],"replies":[{"embeddable":true,"href":"https:\/\/www.manquepierda.com\/historiarealbetis\/wp-json\/wp\/v2\/comments?post=17107"}],"version-history":[{"count":1,"href":"https:\/\/www.manquepierda.com\/historiarealbetis\/wp-json\/wp\/v2\/posts\/17107\/revisions"}],"predecessor-version":[{"id":98938,"href":"https:\/\/www.manquepierda.com\/historiarealbetis\/wp-json\/wp\/v2\/posts\/17107\/revisions\/98938"}],"wp:featuredmedia":[{"embeddable":true,"href":"https:\/\/www.manquepierda.com\/historiarealbetis\/wp-json\/wp\/v2\/media\/17108"}],"wp:attachment":[{"href":"https:\/\/www.manquepierda.com\/historiarealbetis\/wp-json\/wp\/v2\/media?parent=17107"}],"wp:term":[{"taxonomy":"category","embeddable":true,"href":"https:\/\/www.manquepierda.com\/historiarealbetis\/wp-json\/wp\/v2\/categories?post=17107"},{"taxonomy":"post_tag","embeddable":true,"href":"https:\/\/www.manquepierda.com\/historiarealbetis\/wp-json\/wp\/v2\/tags?post=17107"}],"curies":[{"name":"wp","href":"https:\/\/api.w.org\/{rel}","templated":true}]}}