{"id":17129,"date":"2012-02-01T18:08:00","date_gmt":"2012-02-01T17:08:00","guid":{"rendered":"http:\/\/www.manquepierda.com\/historiarealbetis\/?p=17129"},"modified":"2024-08-17T21:33:48","modified_gmt":"2024-08-17T19:33:48","slug":"1957-noviembre-03-quiniela-cadiz-cf-2-vs-real-betis-balompie-1","status":"publish","type":"post","link":"https:\/\/www.manquepierda.com\/historiarealbetis\/1957-noviembre-03-quiniela-cadiz-cf-2-vs-real-betis-balompie-1\/","title":{"rendered":"1957-Noviembre 03-Quiniela: C\u00e1diz CF-2 vs. Real Betis Balompi\u00e9-1"},"content":{"rendered":"<p><a href=\"https:\/\/i0.wp.com\/www.manquepierda.com\/historiarealbetis\/files\/2012\/02\/1X2.jpg?ssl=1\"><img data-recalc-dims=\"1\" loading=\"lazy\" decoding=\"async\" class=\"aligncenter size-medium wp-image-17130\" src=\"https:\/\/i0.wp.com\/www.manquepierda.com\/historiarealbetis\/files\/2012\/02\/1X2.jpg?resize=129%2C300&#038;ssl=1\" alt=\"\" width=\"129\" height=\"300\" srcset=\"https:\/\/i0.wp.com\/www.manquepierda.com\/historiarealbetis\/files\/2012\/02\/1X2.jpg?resize=129%2C300&amp;ssl=1 129w, https:\/\/i0.wp.com\/www.manquepierda.com\/historiarealbetis\/files\/2012\/02\/1X2.jpg?zoom=2&amp;resize=129%2C300&amp;ssl=1 258w, https:\/\/i0.wp.com\/www.manquepierda.com\/historiarealbetis\/files\/2012\/02\/1X2.jpg?zoom=3&amp;resize=129%2C300&amp;ssl=1 387w\" sizes=\"auto, (max-width: 129px) 100vw, 129px\" \/><\/a><strong><em>1957-Noviembre 03, domingo.-Boleto Quiniel\u00edatico N\u00ba 1158947 depositado en el buz\u00f3n n\u00ba 4849-Sevilla con publicidad \u00abPastillas Vicks-para la tos-\u00a1 Eficaces \u00a1 y \u00a1 Sabrosas \u00a1.<\/em><\/strong><\/p>\n<p style=\"text-align: center\"><strong>8\u00aa Jornada: 1\u00aa y 2\u00aa Divisi\u00f3n-Grupo II:<br \/>\n<\/strong><\/p>\n<p><strong><\/strong>01.-Real Madrid-Real Sociedad.<\/p>\n<p>02.-Osasuna-Atl\u00e9tico de Madrid.<\/p>\n<p>03.-Barcelona-Atl\u00e9tic Club Bilbao.<\/p>\n<p>04.-Sevilla-Espa\u00f1ol.<\/p>\n<p>05.-Real Ja\u00e9n-Real Gij\u00f3n.<\/p>\n<p>06.-Granada-Celta.<\/p>\n<p>07.-Valencia-Valladolid.<\/p>\n<p>08.-Las Palmas-Zaragoza.<\/p>\n<p>09.-Tenerife-H\u00e9rcules.<\/p>\n<p>10.-At. Ceuta-Plus Ultra.<\/p>\n<p>11.-Recreativo Huelva-Jerez.<\/p>\n<p>12.-Alcoyano-Badajoz.<\/p>\n<p><strong><em>13.-C\u00e1diz CF-2 vs. Real Betis Balompi\u00e9-1.<\/em><\/strong><\/p>\n<p style=\"text-align: center\"><a href=\"https:\/\/i0.wp.com\/www.manquepierda.com\/historiarealbetis\/files\/2012\/02\/vieira_aguilar.jpg?ssl=1\"><img data-recalc-dims=\"1\" loading=\"lazy\" decoding=\"async\" class=\"aligncenter size-thumbnail wp-image-17131\" src=\"https:\/\/i0.wp.com\/www.manquepierda.com\/historiarealbetis\/files\/2012\/02\/vieira_aguilar.jpg?resize=150%2C150&#038;ssl=1\" alt=\"\" width=\"150\" height=\"150\" srcset=\"https:\/\/i0.wp.com\/www.manquepierda.com\/historiarealbetis\/files\/2012\/02\/vieira_aguilar.jpg?resize=150%2C150&amp;ssl=1 150w, https:\/\/i0.wp.com\/www.manquepierda.com\/historiarealbetis\/files\/2012\/02\/vieira_aguilar.jpg?resize=50%2C50&amp;ssl=1 50w\" sizes=\"auto, (max-width: 150px) 100vw, 150px\" \/><\/a><strong>Presidente, don Manuel Viera Aguilar.<\/strong><\/p>\n<p style=\"text-align: center\"><strong><a href=\"https:\/\/i0.wp.com\/www.manquepierda.com\/historiarealbetis\/files\/2012\/02\/santiago_nunez.jpg?ssl=1\"><img data-recalc-dims=\"1\" loading=\"lazy\" decoding=\"async\" class=\"aligncenter size-thumbnail wp-image-17132\" src=\"https:\/\/i0.wp.com\/www.manquepierda.com\/historiarealbetis\/files\/2012\/02\/santiago_nunez.jpg?resize=150%2C150&#038;ssl=1\" alt=\"\" width=\"150\" height=\"150\" srcset=\"https:\/\/i0.wp.com\/www.manquepierda.com\/historiarealbetis\/files\/2012\/02\/santiago_nunez.jpg?resize=150%2C150&amp;ssl=1 150w, https:\/\/i0.wp.com\/www.manquepierda.com\/historiarealbetis\/files\/2012\/02\/santiago_nunez.jpg?resize=50%2C50&amp;ssl=1 50w\" sizes=\"auto, (max-width: 150px) 100vw, 150px\" \/><\/a>Entrenador, Santiago N\u00fa\u00f1ez S\u00e1nchez.<br \/>\n<\/strong><\/p>\n<p><strong>CADIZ CF-2 Tantos (1-0 y 2-0, segundo tiempo: Quirro).<br \/>\n<\/strong><\/p>\n<p><strong>Garc\u00eda-Ojeda; Oria, Vicens, Schwandt; Jim\u00e9nez, Jos\u00e9 PE\u00d1AFUERTE Ruiz; Lorente, Bolea, Quirro-Francisco Jurado Criado, Moreno y Granados.<\/strong><\/p>\n<p>Fuentes: \u00abPortal Cadista-1910\u00bb.<\/p>\n<p><strong><em>Vs.<\/em><\/strong><\/p>\n<p style=\"text-align: center\"><a href=\"https:\/\/i0.wp.com\/www.manquepierda.com\/historiarealbetis\/files\/2012\/02\/1959-Benito-Villamar%C3%ADn.jpg?ssl=1\"><img data-recalc-dims=\"1\" loading=\"lazy\" decoding=\"async\" class=\"aligncenter size-thumbnail wp-image-17133\" src=\"https:\/\/i0.wp.com\/www.manquepierda.com\/historiarealbetis\/files\/2012\/02\/1959-Benito-Villamar%C3%ADn.jpg?resize=150%2C150&#038;ssl=1\" alt=\"\" width=\"150\" height=\"150\" srcset=\"https:\/\/i0.wp.com\/www.manquepierda.com\/historiarealbetis\/files\/2012\/02\/1959-Benito-Villamar%C3%ADn.jpg?resize=150%2C150&amp;ssl=1 150w, https:\/\/i0.wp.com\/www.manquepierda.com\/historiarealbetis\/files\/2012\/02\/1959-Benito-Villamar%C3%ADn.jpg?resize=50%2C50&amp;ssl=1 50w, https:\/\/i0.wp.com\/www.manquepierda.com\/historiarealbetis\/files\/2012\/02\/1959-Benito-Villamar%C3%ADn.jpg?zoom=2&amp;resize=150%2C150&amp;ssl=1 300w, https:\/\/i0.wp.com\/www.manquepierda.com\/historiarealbetis\/files\/2012\/02\/1959-Benito-Villamar%C3%ADn.jpg?zoom=3&amp;resize=150%2C150&amp;ssl=1 450w\" sizes=\"auto, (max-width: 150px) 100vw, 150px\" \/><\/a><strong><em>Presidente, don Benito Villamar\u00edn Prieto.<\/em><\/strong><\/p>\n<p style=\"text-align: center\"><strong><em><a href=\"https:\/\/i0.wp.com\/www.manquepierda.com\/historiarealbetis\/files\/2012\/02\/Antonio-BARRIOS.jpg?ssl=1\"><img data-recalc-dims=\"1\" loading=\"lazy\" decoding=\"async\" class=\"aligncenter size-thumbnail wp-image-17134\" src=\"https:\/\/i0.wp.com\/www.manquepierda.com\/historiarealbetis\/files\/2012\/02\/Antonio-BARRIOS.jpg?resize=150%2C150&#038;ssl=1\" alt=\"\" width=\"150\" height=\"150\" srcset=\"https:\/\/i0.wp.com\/www.manquepierda.com\/historiarealbetis\/files\/2012\/02\/Antonio-BARRIOS.jpg?resize=150%2C150&amp;ssl=1 150w, https:\/\/i0.wp.com\/www.manquepierda.com\/historiarealbetis\/files\/2012\/02\/Antonio-BARRIOS.jpg?resize=50%2C50&amp;ssl=1 50w\" sizes=\"auto, (max-width: 150px) 100vw, 150px\" \/><\/a><\/em><em>Entrenador, Antonio Barrios Seoane.<br \/>\n<\/em><\/strong><\/p>\n<p><strong><em>REAL BETIS BALOMPI\u00c9-1 Gol. <\/em><\/strong><\/p>\n<p style=\"text-align: center\"><a href=\"https:\/\/i0.wp.com\/www.manquepierda.com\/historiarealbetis\/files\/2012\/02\/Jos%C3%A9-Seguer-Sans.jpg?ssl=1\"><img data-recalc-dims=\"1\" loading=\"lazy\" decoding=\"async\" class=\"aligncenter size-thumbnail wp-image-17135\" src=\"https:\/\/i0.wp.com\/www.manquepierda.com\/historiarealbetis\/files\/2012\/02\/Jos%C3%A9-Seguer-Sans.jpg?resize=150%2C150&#038;ssl=1\" alt=\"\" width=\"150\" height=\"150\" srcset=\"https:\/\/i0.wp.com\/www.manquepierda.com\/historiarealbetis\/files\/2012\/02\/Jos%C3%A9-Seguer-Sans.jpg?resize=150%2C150&amp;ssl=1 150w, https:\/\/i0.wp.com\/www.manquepierda.com\/historiarealbetis\/files\/2012\/02\/Jos%C3%A9-Seguer-Sans.jpg?resize=50%2C50&amp;ssl=1 50w, https:\/\/i0.wp.com\/www.manquepierda.com\/historiarealbetis\/files\/2012\/02\/Jos%C3%A9-Seguer-Sans.jpg?zoom=2&amp;resize=150%2C150&amp;ssl=1 300w, https:\/\/i0.wp.com\/www.manquepierda.com\/historiarealbetis\/files\/2012\/02\/Jos%C3%A9-Seguer-Sans.jpg?zoom=3&amp;resize=150%2C150&amp;ssl=1 450w\" sizes=\"auto, (max-width: 150px) 100vw, 150px\" \/><\/a><strong><em>2-1, 89 minutos: SEGUER.<br \/>\n<\/em><\/strong><\/p>\n<p><strong><em>AM\u00c9RICO Canas Mart\u00ednez ;\u00a0 Jos\u00e9 SEGUER\u00a0 Sans,\u00a0 LUIS\u00cdN-Lu\u00eds Gonz\u00e1lez L\u00f3pez,\u00a0 Fernando SANTOS Serna; Jos\u00e9 VADERAS Rumi, ISIDRO S\u00e1nchez Garc\u00eda-Figueras; Le\u00f3n LASA M\u00fajica, PAQUI-Francisco G\u00f3mez L\u00f3pez, Jorge VILA Soler, ARETA II-Esteban Areta V\u00e9lez y Lu\u00eds DEL SOL Cascajares.<br \/>\n<\/em><\/strong><\/p>\n<p><strong><em><\/em><\/strong>14.-C\u00f3rdoba-M\u00e1laga.<\/p>\n<p>RESERVAS:<\/p>\n<p>Extremadura-San Fernando.<\/p>\n<p>Murcia-Alicante.<\/p>\n","protected":false},"excerpt":{"rendered":"<p>1957-Noviembre 03, domingo.-Boleto Quiniel\u00edatico N\u00ba 1158947 depositado en el buz\u00f3n n\u00ba 4849-Sevilla con publicidad \u00abPastillas Vicks-para la tos-\u00a1 Eficaces \u00a1 y \u00a1 Sabrosas \u00a1. 8\u00aa Jornada: 1\u00aa y 2\u00aa Divisi\u00f3n-Grupo II: 01.-Real Madrid-Real Sociedad. 02.-Osasuna-Atl\u00e9tico de Madrid. 03.-Barcelona-Atl\u00e9tic Club Bilbao. 04.-Sevilla-Espa\u00f1ol. 05.-Real Ja\u00e9n-Real Gij\u00f3n. 06.-Granada-Celta. 07.-Valencia-Valladolid. 08.-Las Palmas-Zaragoza. 09.-Tenerife-H\u00e9rcules. 10.-At. Ceuta-Plus Ultra. 11.-Recreativo Huelva-Jerez. 12.-Alcoyano-Badajoz&#8230;.<\/p>\n","protected":false},"author":48,"featured_media":17130,"comment_status":"open","ping_status":"open","sticky":false,"template":"","format":"standard","meta":{"_kad_post_transparent":"","_kad_post_title":"","_kad_post_layout":"","_kad_post_sidebar_id":"","_kad_post_content_style":"","_kad_post_vertical_padding":"","_kad_post_feature":"","_kad_post_feature_position":"","_kad_post_header":false,"_kad_post_footer":false,"_kad_post_classname":"","_jetpack_memberships_contains_paid_content":false,"footnotes":"","jetpack_publicize_message":"","jetpack_publicize_feature_enabled":true,"jetpack_social_post_already_shared":false,"jetpack_social_options":{"image_generator_settings":{"template":"highway","default_image_id":0,"font":"","enabled":false},"version":2}},"categories":[901,1],"tags":[4331,2223,187,17790],"class_list":["post-17129","post","type-post","status-publish","format-standard","has-post-thumbnail","hentry","category-1950-1959","category-portada","tag-4331","tag-1957-58","tag-cadiz-cf","tag-liga-segunda-1957-58"],"jetpack_publicize_connections":[],"jetpack_featured_media_url":"https:\/\/i0.wp.com\/www.manquepierda.com\/historiarealbetis\/files\/2012\/02\/1X2.jpg?fit=464%2C1072&ssl=1","jetpack_sharing_enabled":true,"jetpack_shortlink":"https:\/\/wp.me\/p1ij08-4sh","jetpack-related-posts":[],"_links":{"self":[{"href":"https:\/\/www.manquepierda.com\/historiarealbetis\/wp-json\/wp\/v2\/posts\/17129","targetHints":{"allow":["GET"]}}],"collection":[{"href":"https:\/\/www.manquepierda.com\/historiarealbetis\/wp-json\/wp\/v2\/posts"}],"about":[{"href":"https:\/\/www.manquepierda.com\/historiarealbetis\/wp-json\/wp\/v2\/types\/post"}],"author":[{"embeddable":true,"href":"https:\/\/www.manquepierda.com\/historiarealbetis\/wp-json\/wp\/v2\/users\/48"}],"replies":[{"embeddable":true,"href":"https:\/\/www.manquepierda.com\/historiarealbetis\/wp-json\/wp\/v2\/comments?post=17129"}],"version-history":[{"count":1,"href":"https:\/\/www.manquepierda.com\/historiarealbetis\/wp-json\/wp\/v2\/posts\/17129\/revisions"}],"predecessor-version":[{"id":95047,"href":"https:\/\/www.manquepierda.com\/historiarealbetis\/wp-json\/wp\/v2\/posts\/17129\/revisions\/95047"}],"wp:featuredmedia":[{"embeddable":true,"href":"https:\/\/www.manquepierda.com\/historiarealbetis\/wp-json\/wp\/v2\/media\/17130"}],"wp:attachment":[{"href":"https:\/\/www.manquepierda.com\/historiarealbetis\/wp-json\/wp\/v2\/media?parent=17129"}],"wp:term":[{"taxonomy":"category","embeddable":true,"href":"https:\/\/www.manquepierda.com\/historiarealbetis\/wp-json\/wp\/v2\/categories?post=17129"},{"taxonomy":"post_tag","embeddable":true,"href":"https:\/\/www.manquepierda.com\/historiarealbetis\/wp-json\/wp\/v2\/tags?post=17129"}],"curies":[{"name":"wp","href":"https:\/\/api.w.org\/{rel}","templated":true}]}}