{"id":17378,"date":"2012-02-14T16:16:43","date_gmt":"2012-02-14T15:16:43","guid":{"rendered":"http:\/\/www.manquepierda.com\/historiarealbetis\/?p=17378"},"modified":"2024-08-25T18:39:33","modified_gmt":"2024-08-25T16:39:33","slug":"1956-julio-22-benito-villamarin-prieto-bodas-de-oro-real-betis-balompie","status":"publish","type":"post","link":"https:\/\/www.manquepierda.com\/historiarealbetis\/1956-julio-22-benito-villamarin-prieto-bodas-de-oro-real-betis-balompie\/","title":{"rendered":"1956-Julio 22.-Benito Villamar\u00edn Prieto, Bodas de Oro Real Betis Balompi\u00e9."},"content":{"rendered":"<p><a href=\"https:\/\/i0.wp.com\/www.manquepierda.com\/historiarealbetis\/files\/2012\/02\/BVP-ABC.jpg?ssl=1\"><img data-recalc-dims=\"1\" loading=\"lazy\" decoding=\"async\" class=\"aligncenter size-medium wp-image-17379\" src=\"https:\/\/i0.wp.com\/www.manquepierda.com\/historiarealbetis\/files\/2012\/02\/BVP-ABC.jpg?resize=109%2C300&#038;ssl=1\" alt=\"\" width=\"109\" height=\"300\" srcset=\"https:\/\/i0.wp.com\/www.manquepierda.com\/historiarealbetis\/files\/2012\/02\/BVP-ABC.jpg?resize=109%2C300&amp;ssl=1 109w, https:\/\/i0.wp.com\/www.manquepierda.com\/historiarealbetis\/files\/2012\/02\/BVP-ABC.jpg?zoom=2&amp;resize=109%2C300&amp;ssl=1 218w, https:\/\/i0.wp.com\/www.manquepierda.com\/historiarealbetis\/files\/2012\/02\/BVP-ABC.jpg?zoom=3&amp;resize=109%2C300&amp;ssl=1 327w\" sizes=\"auto, (max-width: 109px) 100vw, 109px\" \/><\/a><strong>\u00abPocas veces, probablemente ninguna, ha planteado el Real Betis Balompi\u00e9 un interregno de temporada tan ambicioso como el actual.<\/strong><\/p>\n<p><strong>Su Junta Directiva, presidida por el se\u00f1or Villamar\u00edn, se ha reorganizado, y en ella y a su alrededor se mueven benem\u00e9ritos balompedistas&#8211;como se dec\u00eda en la \u00e9poca hist\u00f3rica&#8211;, dispuestos a que le pr\u00f3xima campa\u00f1a se festejen a todo gas las Bodas de Oro del Betis y al mismo tiempo se intente la gran empresa de ascender, esa empresa, que estuvo a punto de lograrse ya este \u00faltimo a\u00f1o.<\/strong><\/p>\n<p><strong>Nos hemos entrevistado con don Benito Villamar\u00edn, que amablemente, ha respondido as\u00ed a nuestras preguntas:<\/strong><\/p>\n<p><strong><em>&#8211;Esta \u00faltima temporada pudo haber sido de nuestro ascenso autom\u00e1tico&#8230; Pero, cuando m\u00e1s regular era la actuaci\u00f3n del equipo y mayor su rendimiento, vino el tremendo \u00abhandicap\u00bb de la falta, casi simult\u00e1nea, de dos jugadores que en aquellos momentos eran clave: Lora y Jenaro.\u00a0 Ello motiv\u00f3 una alteraci\u00f3n forzosa en todo el conjunto, que merm\u00f3 sensiblemente las posibilidades.\u00a0 No obstante, pudimos conservar un puesto que nos permiti\u00f3 jugar la \u00abLiguilla\u00bb.\u00a0 En \u00e9sta, francamente, no hemos tenido suerte.\u00a0 Ya lo hemos visto.<\/em><\/strong><\/p>\n<p><strong><em><\/em>&#8211;Perpectivas de la pr\u00f3xima&#8230;<\/strong><\/p>\n<p><strong><em>&#8211;Dif\u00edcilmente se nos presentar\u00e1 en mucho tiempo una ocasi\u00f3n como la que tuvimos ahora para ascender.\u00a0 Por eso vamos a buscar todos los medios a nuestro alcance el primer objetivo, primordial escal\u00f3n del intento; es decir, hacer un equipo capaz para ello, y ah\u00ed van encaminados todos los esfuerzos.\u00a0 Creo que la afici\u00f3n sabr\u00e1 apreciar nuestro deseo y sacrificio pues no se ha titubeado un momento en realizar las adquisiciones que se han cre\u00eddo precisas.<\/em><\/strong><\/p>\n<p><strong><em><\/em>&#8211;\u00bfC\u00f3mo se festejar\u00e1n las Bodas de Oro?<\/strong><\/p>\n<p><strong><em>&#8211;De la Junta Consultiva del Club constitu\u00edda por b\u00e9ticos de pro, saldr\u00e1 una comisi\u00f3n para las Bodas de Oro, que ser\u00e1 la encargada de organizar los actos conmemorativos de nuestro Cincuentenario, y aunque ignoro todav\u00eda sus proyectos, es l\u00f3gico pensar que su programa ser\u00e1 digno de tan importante efem\u00e9rdes, y, claro est\u00e1, se har\u00e1 lo posible por montar, como ya es tradici\u00f3n en estos casos, un torneo triangular con equipos de m\u00e1xima categor\u00eda.\u00a0 Se llevar\u00e1n a efecto tambi\u00e9n diversos actos, que la comisi\u00f3n puntualizar\u00e1 oportunamente.<\/em><\/strong><\/p>\n<p><strong><em><\/em>&#8211;Relaci\u00f3n de jugadores procedentes de la temporada anterior&#8230;<\/strong><\/p>\n<p><strong><em>&#8211;Aunque de sobra ya lo saben los aficionados, repetir\u00e9 que los jugadores que contin\u00faan al servicio del Club son los siguientes:\u00a0 Am\u00e9rico,\u00a0 Eugenio,\u00a0 Portu,\u00a0 Vilari\u00f1o,\u00a0 Cabrera,\u00a0 Lora,\u00a0 Pe\u00f1afuerte,\u00a0 Palmero,\u00a0 Aumesquet,\u00a0 Felipe,\u00a0 Del Sol,\u00a0 Sobrado\u00a0 y\u00a0 Villota.<\/em><\/strong><\/p>\n<p><strong>&#8211;Adquisiciones hechas&#8230;<\/strong><\/p>\n<p><strong><em>&#8211;Tambi\u00e9n se han hecho p\u00fablicas estas cosas en los \u00faltimos d\u00edas, seg\u00fan se han ido consiguiendo los fichajes.\u00a0 Hemos incorporado a nuestro equipo elementos de indudable inter\u00e9s y val\u00eda, como son:\u00a0 Castellanos,\u00a0 Luis\u00edn,\u00a0 Roberto,\u00a0 Espej\u00edn,\u00a0 Pierita,\u00a0 Paqui,\u00a0 Peri\u00f1\u00e1n,\u00a0 Ramoncito\u00a0 y\u00a0 Lasa,\u00a0 cuyos clubes de procedencia y otras caracter\u00edsticas son de sobra conocidos.\u00a0 Tambi\u00e9n hemos atra\u00eddo a nuestro Club a varios j\u00f3venes de la Cantera, en los que tenemos puestas las mayores esperanzas.<\/em><\/strong><\/p>\n<p><strong><em><\/em>&#8211;Fichajes que restan por realizar&#8230;<\/strong><\/p>\n<p><strong><em>&#8211;Aun gestionamos la adquisici\u00f3n de otros jugadores, cuyos tr\u00e1mites se llevan a cabo estos d\u00edas, para completar en lo posible el cuadro de profesionales, pues la Liga este a\u00f1o es larga y dura se necesita un plantel suficiente para afrontarla.\u00a0 Espero que los aficionados sepan justipreciar en su medida nuestros planes y esperar que las ilusiones de todos sean, en su d\u00eda, la realidad que anhelamos hace tiempo.<\/em><\/strong><\/p>\n<p><strong><em><\/em>&#8211;Opini\u00f3n sobre la actual organizaci\u00f3n de la Liga&#8230;<\/strong><\/p>\n<p><strong><em>&#8211;Me parece muy larga y agotadora, aparte del peligro que pueda ofrecer su falta de inter\u00e9s en alg\u00fan momento dado, sobre todo al quedar suprimidas las promociones.\u00a0 Seguramente, el superior organismo federativo sacar\u00e1 provechosa experiencia de esta temporada y estudiar\u00e1 nuevas f\u00f3rmulas de estructuraci\u00f3n para el futuro y as\u00ed conseguir, en definitiva, lo mejor para todos.<\/em><\/strong><\/p>\n<p><strong><em><\/em>&#8211;Proyectos respecto al campo&#8230;<\/strong><\/p>\n<p><strong><em>&#8211;Indudablemente, y este a\u00f1o pasado lo hemos visto, la capacidad de nuestro campo resulta insuficiente en algunos partidos.\u00a0 Si las cosas se dan bien, y previendo esa contigencia, tenemos en estudio una nueva reforma para ampliar el aforo actual\u00bb.<\/em><\/strong><\/p>\n<p><strong><em><\/em>La entrevista ha terminado.\u00a0 En la Secretar\u00eda se trabaja afanosamente,\u00a0 y cuanto nos ha dicho el presidente,\u00a0 no s\u00f3lo \u00e9l,\u00a0 sino su Junta Directiva en pleno,\u00a0 est\u00e1 dispuesto a realizarlo,\u00a0 mientras la gran masa de aficionados verdiblancos acude al Club para unirse estrechamente a \u00e9l&#8211;dentro de sus listas sociales&#8211;,\u00a0 en v\u00edsperas de celebrarse el Cincuentenario\u00bb.<\/strong><\/p>\n","protected":false},"excerpt":{"rendered":"<p>\u00abPocas veces, probablemente ninguna, ha planteado el Real Betis Balompi\u00e9 un interregno de temporada tan ambicioso como el actual. Su Junta Directiva, presidida por el se\u00f1or Villamar\u00edn, se ha reorganizado, y en ella y a su alrededor se mueven benem\u00e9ritos balompedistas&#8211;como se dec\u00eda en la \u00e9poca hist\u00f3rica&#8211;, dispuestos a que le pr\u00f3xima campa\u00f1a se festejen&#8230;<\/p>\n","protected":false},"author":48,"featured_media":17379,"comment_status":"open","ping_status":"open","sticky":false,"template":"","format":"standard","meta":{"_kad_post_transparent":"","_kad_post_title":"","_kad_post_layout":"","_kad_post_sidebar_id":"","_kad_post_content_style":"","_kad_post_vertical_padding":"","_kad_post_feature":"","_kad_post_feature_position":"","_kad_post_header":false,"_kad_post_footer":false,"_kad_post_classname":"","_jetpack_memberships_contains_paid_content":false,"footnotes":"","jetpack_publicize_message":"","jetpack_publicize_feature_enabled":true,"jetpack_social_post_already_shared":false,"jetpack_social_options":{"image_generator_settings":{"template":"highway","default_image_id":0,"font":"","enabled":false},"version":2}},"categories":[901,891,1],"tags":[1239,145],"class_list":["post-17378","post","type-post","status-publish","format-standard","has-post-thumbnail","hentry","category-1950-1959","category-directivos-temas","category-portada","tag-1239","tag-benito-villamarin"],"jetpack_publicize_connections":[],"jetpack_featured_media_url":"https:\/\/i0.wp.com\/www.manquepierda.com\/historiarealbetis\/files\/2012\/02\/BVP-ABC.jpg?fit=480%2C1312&ssl=1","jetpack_sharing_enabled":true,"jetpack_shortlink":"https:\/\/wp.me\/p1ij08-4wi","jetpack-related-posts":[],"_links":{"self":[{"href":"https:\/\/www.manquepierda.com\/historiarealbetis\/wp-json\/wp\/v2\/posts\/17378","targetHints":{"allow":["GET"]}}],"collection":[{"href":"https:\/\/www.manquepierda.com\/historiarealbetis\/wp-json\/wp\/v2\/posts"}],"about":[{"href":"https:\/\/www.manquepierda.com\/historiarealbetis\/wp-json\/wp\/v2\/types\/post"}],"author":[{"embeddable":true,"href":"https:\/\/www.manquepierda.com\/historiarealbetis\/wp-json\/wp\/v2\/users\/48"}],"replies":[{"embeddable":true,"href":"https:\/\/www.manquepierda.com\/historiarealbetis\/wp-json\/wp\/v2\/comments?post=17378"}],"version-history":[{"count":1,"href":"https:\/\/www.manquepierda.com\/historiarealbetis\/wp-json\/wp\/v2\/posts\/17378\/revisions"}],"predecessor-version":[{"id":97821,"href":"https:\/\/www.manquepierda.com\/historiarealbetis\/wp-json\/wp\/v2\/posts\/17378\/revisions\/97821"}],"wp:featuredmedia":[{"embeddable":true,"href":"https:\/\/www.manquepierda.com\/historiarealbetis\/wp-json\/wp\/v2\/media\/17379"}],"wp:attachment":[{"href":"https:\/\/www.manquepierda.com\/historiarealbetis\/wp-json\/wp\/v2\/media?parent=17378"}],"wp:term":[{"taxonomy":"category","embeddable":true,"href":"https:\/\/www.manquepierda.com\/historiarealbetis\/wp-json\/wp\/v2\/categories?post=17378"},{"taxonomy":"post_tag","embeddable":true,"href":"https:\/\/www.manquepierda.com\/historiarealbetis\/wp-json\/wp\/v2\/tags?post=17378"}],"curies":[{"name":"wp","href":"https:\/\/api.w.org\/{rel}","templated":true}]}}