{"id":17428,"date":"2012-02-18T16:07:18","date_gmt":"2012-02-18T15:07:18","guid":{"rendered":"http:\/\/www.manquepierda.com\/historiarealbetis\/?p=17428"},"modified":"2024-07-29T23:57:27","modified_gmt":"2024-07-29T21:57:27","slug":"1943-enero-3-ateneo-benefico-sevilla-fbc-vs-real-betis-balompie","status":"publish","type":"post","link":"https:\/\/www.manquepierda.com\/historiarealbetis\/1943-enero-3-ateneo-benefico-sevilla-fbc-vs-real-betis-balompie\/","title":{"rendered":"1943-Enero 3-Ateneo, ben\u00e9fico: Sevilla FbC vs. Real Betis Balompi\u00e9"},"content":{"rendered":"<p><a href=\"https:\/\/i0.wp.com\/www.manquepierda.com\/historiarealbetis\/files\/2012\/02\/RBB19430107.jpg?ssl=1\"><img data-recalc-dims=\"1\" loading=\"lazy\" decoding=\"async\" class=\"aligncenter size-medium wp-image-17429\" src=\"https:\/\/i0.wp.com\/www.manquepierda.com\/historiarealbetis\/files\/2012\/02\/RBB19430107.jpg?resize=264%2C300&#038;ssl=1\" alt=\"\" width=\"264\" height=\"300\" srcset=\"https:\/\/i0.wp.com\/www.manquepierda.com\/historiarealbetis\/files\/2012\/02\/RBB19430107.jpg?resize=264%2C300&amp;ssl=1 264w, https:\/\/i0.wp.com\/www.manquepierda.com\/historiarealbetis\/files\/2012\/02\/RBB19430107.jpg?resize=901%2C1024&amp;ssl=1 901w, https:\/\/i0.wp.com\/www.manquepierda.com\/historiarealbetis\/files\/2012\/02\/RBB19430107.jpg?w=1648&amp;ssl=1 1648w\" sizes=\"auto, (max-width: 264px) 100vw, 264px\" \/><\/a><strong><em>Real Betis Balompi\u00e9-Fundado en 1907.-Secretar\u00eda calle de las Sierpes n\u00ba 9-Principal, tel\u00e9fono 28179.-Campo de Deportes: Estadio Avenida Victoria (antes Paseo de la Palmera), tel\u00e9fono 31765.<\/em><\/strong><\/p>\n<p style=\"text-align: right\"><strong><em>Sevilla 7 de Enero de 1943<\/em><\/strong><\/p>\n<p style=\"text-align: left\"><strong><em>Sr. Presidente del Ateneo de Sevilla.<\/em><\/strong><\/p>\n<p style=\"text-align: left\"><strong><em>-Doctor don Jos\u00e9 Salvador Gallardo-<\/em><\/strong><\/p>\n<p style=\"text-align: left\"><strong><em><\/em><em>E\/E.<\/em><\/strong><\/p>\n<p style=\"text-align: left\"><strong><em><\/em><em>Muy Sr. nuestro:<\/em><\/strong><\/p>\n<p style=\"text-align: left\"><strong>\u00a0\u00a0\u00a0\u00a0\u00a0\u00a0\u00a0\u00a0\u00a0\u00a0\u00a0\u00a0\u00a0\u00a0\u00a0\u00a0\u00a0\u00a0\u00a0\u00a0\u00a0\u00a0\u00a0\u00a0\u00a0\u00a0\u00a0\u00a0\u00a0\u00a0\u00a0\u00a0\u00a0\u00a0\u00a0\u00a0\u00a0\u00a0\u00a0\u00a0\u00a0\u00a0\u00a0\u00a0\u00a0\u00a0 <em>Hemos recibido su muy atento saluda de fecha 4 cte.\u00a0 al cual tiene la atenci\u00f3n de unir un obsequio en concepto de gratificaci\u00f3n,\u00a0 para los jugadores de nuestra Sociedad,\u00a0 que participaron en el partido celebrado el pasado d\u00eda 3,\u00a0 a beneficio de la Cabalgata de los Reyes Magos.<\/em><\/strong><\/p>\n<p style=\"text-align: left\"><strong><em><\/em><em>\u00a0\u00a0\u00a0\u00a0\u00a0\u00a0\u00a0\u00a0\u00a0\u00a0\u00a0\u00a0\u00a0\u00a0\u00a0\u00a0\u00a0\u00a0\u00a0\u00a0\u00a0\u00a0\u00a0\u00a0\u00a0\u00a0\u00a0\u00a0\u00a0\u00a0\u00a0\u00a0\u00a0\u00a0\u00a0\u00a0\u00a0\u00a0\u00a0\u00a0\u00a0\u00a0\u00a0\u00a0 Hacemos presente nuestro mayor agradecimiento,\u00a0 tanto en nombre del Club,\u00a0 como en el de nuestros jugadores,\u00a0 quienes as\u00ed nos lo ruegan lo hagamos presente.<\/em><\/strong><\/p>\n<p style=\"text-align: left\"><strong><em><\/em><em>\u00a0\u00a0\u00a0\u00a0\u00a0\u00a0\u00a0\u00a0\u00a0\u00a0\u00a0\u00a0\u00a0\u00a0\u00a0\u00a0\u00a0\u00a0\u00a0\u00a0\u00a0\u00a0\u00a0\u00a0\u00a0\u00a0\u00a0\u00a0\u00a0\u00a0\u00a0\u00a0\u00a0\u00a0\u00a0\u00a0\u00a0\u00a0\u00a0\u00a0\u00a0\u00a0\u00a0 Mucho celebramos haber podido contribuir a tan simp\u00e1tico fin,\u00a0 y con la mayor consideraci\u00f3n y agradecimiento,\u00a0 como siempre nos ofrecemos suyos attos.\u00a0 ss. ss.<\/em><\/strong><\/p>\n<p style=\"text-align: center\"><strong><em>Sello Real Betis Balompi\u00e9-Sevilla; Antefirma: REAL BETIS BALOMPI\u00c9.<\/em><\/strong><\/p>\n<p style=\"text-align: center\"><strong><em>Firma ilegible.- SECRETARIO\u00bb.<\/em><\/strong><\/p>\n<p style=\"text-align: center\"><strong><em>JUNTA DIRECTIVA REAL BETIS BALOMPI\u00c9-Temporada 1942-1943:<br \/>\n<\/em><\/strong><\/p>\n<p style=\"text-align: left\"><strong><em><\/em><em>Don Alfonso Alarc\u00f3n De la Lastra.-Presidente.<\/em><\/strong><\/p>\n<p style=\"text-align: left\"><strong><em><\/em><em>Don Eduardo Benjumea V\u00e1zquez y Armero.-Vicepresidente Primero.<\/em><\/strong><\/p>\n<p style=\"text-align: left\"><strong><em>Don Francisco Cantalapiedra y Fern\u00e1ndez de Toledo.-Vicepresidente Segundo.<\/em><\/strong><\/p>\n<p style=\"text-align: left\"><strong><em>Don Juan Sola Dufol.-Vicepresidente Tercero.<\/em><\/strong><\/p>\n<p style=\"text-align: left\"><strong><em>Don Carlos Hern\u00e1ndez Nalda.-Tesorero.<\/em><\/strong><\/p>\n<p style=\"text-align: left\"><strong><em>Don Alfonso De la Torre Quesada.-Contador.<\/em><\/strong><\/p>\n<p style=\"text-align: left\"><strong><em>Don Gonzalo Hern\u00e1ndez L\u00f3pez.-Secretario.<\/em><\/strong><\/p>\n<p style=\"text-align: left\"><strong><em>Don Manuel Gonz\u00e1lez Conradi.-Vicesecretario.<\/em><\/strong><\/p>\n<p style=\"text-align: left\"><strong><em>Don Jos\u00e9 Gastalver Chac\u00f3n.-Vocal Primero.<\/em><\/strong><\/p>\n<p style=\"text-align: left\"><strong><em>Don Manuel Barbudo Gonz\u00e1lez.-Vocal Segundo.<\/em><\/strong><\/p>\n<p style=\"text-align: left\"><strong><em>Don Evaristo P\u00e9rez Cort\u00e9s.-Vocal Tercero.<\/em><\/strong><\/p>\n<p style=\"text-align: left\"><strong><em>Don Carlos Reynaud Ricca.-Vocal Cuarto.<\/em><\/strong><\/p>\n<p style=\"text-align: left\"><strong><em>Don Idelfonso Dom\u00ednguez Mart\u00edn.-Vocal Quinto.<\/em><\/strong><\/p>\n<p style=\"text-align: left\"><strong><em>Don Enrique Bl\u00e1zquez Montero.-Vocal Sexto.<\/em><\/strong><\/p>\n<p style=\"text-align: left\"><strong><em>Don Enrique Ib\u00e1\u00f1ez Monje.-Vocal S\u00e9ptimo.<\/em><\/strong><\/p>\n<p style=\"text-align: left\"><strong><em>Don Miguel Gallego Aguilar.-Vocal Octavo.<\/em><\/strong><\/p>\n<p style=\"text-align: left\"><strong><em>Don \u00c1ngel Ben\u00edtez De la Paz.-Vocal Noveno.<\/em><\/strong><\/p>\n<p style=\"text-align: left\"><strong>1943-Enero 3, domingo.-Campo de Nervi\u00f3n.-Partido a beneficio de la Cabalgata de los Reyes Magos del Ateneo.-Arbitr\u00f3 el se\u00f1or D\u00edaz.<br \/>\n<\/strong><\/p>\n<p style=\"text-align: left\"><a href=\"https:\/\/i0.wp.com\/www.manquepierda.com\/historiarealbetis\/files\/2012\/02\/JeronimoDominguezyPerezdeVargas.jpg?ssl=1\"><img data-recalc-dims=\"1\" loading=\"lazy\" decoding=\"async\" class=\"aligncenter size-full wp-image-17430\" src=\"https:\/\/i0.wp.com\/www.manquepierda.com\/historiarealbetis\/files\/2012\/02\/JeronimoDominguezyPerezdeVargas.jpg?resize=131%2C175&#038;ssl=1\" alt=\"\" width=\"131\" height=\"175\" \/><\/a><strong>Presidente, don Jer\u00f3nimo Dom\u00ednguez y P\u00e9rez de Vargas.-Marqu\u00e9 de Contadero (Lunes 07-09-1942 \u00e1 Mi\u00e9rcoles 05-05-1948).<br \/>\n<\/strong><\/p>\n<p style=\"text-align: left\"><strong>Entrenador, Victoriano De Santos Troya.<\/strong><\/p>\n<p style=\"text-align: left\"><strong>Sevilla F\u00fatbol Club (Primera Divisi\u00f3n):<br \/>\n<\/strong><\/p>\n<p style=\"text-align: left\"><strong>Francisco SU\u00c1REZ Ant\u00fanez;\u00a0 Emilio Lu\u00eds SOTO Valverde, CHOLO;\u00a0 Manuel PARRA Trujillo, ASENSIO Salas Salas, \u00c1ngel MORENO Gonz\u00e1lez;\u00a0 Francisco CAMPOS Sant\u00edn, Pedro EGUILUZ Lamarca, HERRERA, LEONCITO-Eduardo Le\u00f3n Gonz\u00e1lez y SALUSTIANO S\u00e1nchez P\u00e9rez.<\/strong><\/p>\n<p style=\"text-align: left\"><strong>En el segundo tiempo Manuel SOLER Ant\u00f3n sustituy\u00f3 a CHOLO.<\/strong><\/p>\n<p style=\"text-align: left\"><strong>Vs.<\/strong><\/p>\n<p style=\"text-align: left\"><strong>Presidente, don Alfonso ALARC\u00d3N De la Lastra.<\/strong><\/p>\n<p style=\"text-align: center\"><strong><a href=\"https:\/\/i0.wp.com\/www.manquepierda.com\/historiarealbetis\/files\/2012\/02\/Cesareo-Baraga%C3%B1o.jpg?ssl=1\"><img data-recalc-dims=\"1\" loading=\"lazy\" decoding=\"async\" class=\"aligncenter size-medium wp-image-17431\" src=\"https:\/\/i0.wp.com\/www.manquepierda.com\/historiarealbetis\/files\/2012\/02\/Cesareo-Baraga%C3%B1o.jpg?resize=202%2C300&#038;ssl=1\" alt=\"\" width=\"202\" height=\"300\" srcset=\"https:\/\/i0.wp.com\/www.manquepierda.com\/historiarealbetis\/files\/2012\/02\/Cesareo-Baraga%C3%B1o.jpg?resize=202%2C300&amp;ssl=1 202w, https:\/\/i0.wp.com\/www.manquepierda.com\/historiarealbetis\/files\/2012\/02\/Cesareo-Baraga%C3%B1o.jpg?w=290&amp;ssl=1 290w\" sizes=\"auto, (max-width: 202px) 100vw, 202px\" \/><\/a>Entrenador, Ces\u00e1reo BARAGA\u00d1O \u00c1lvarez.<br \/>\n<\/strong><\/p>\n<p><strong>REAL BETIS BALOMPI\u00c9 (1942-1943 Primera Divisi\u00f3n):<br \/>\n<\/strong><\/p>\n<p style=\"text-align: left\"><strong>PAQUILLO-Francisco Carmona Reina;\u00a0 Rafael Mart\u00ednez CASTILLO,\u00a0 NOVOA;\u00a0 Enrique BESC\u00d3S Mambrona,\u00a0 PORRAS,\u00a0 ANDR\u00c9S,\u00a0 Guillermo COLL Munar\u00a0 y\u00a0 LOZANO.<\/strong><\/p>\n<p style=\"text-align: left\"><strong>En el segundo tiempo actuaron: Juan CAZORLA Castellano,\u00a0 ENRIQUE Rubio Alc\u00e1zar\u00a0 y\u00a0 Jos\u00e9 GONZ\u00c1LEZ Jim\u00e9nez.<\/strong><\/p>\n<p style=\"text-align: left\"><strong>El partido fue entretenido a ratos y sirvi\u00f3 de pretexto para ambas Sociedades hicieran algunas pruebas oportunas<\/strong>.<\/p>\n<p style=\"text-align: left\"><strong><em>Del BETIS BALOMPI\u00c9 descoll\u00f3 la actuaci\u00f3n magn\u00edfica de GUILLERMO, que jug\u00f3 muy bien de interior.\u00a0 Y tambi\u00e9n actu\u00f3 excelentemente el defensa CASTILLO.<\/em><\/strong><\/p>\n<p style=\"text-align: left\"><strong><em><\/em>Y en el Sevilla, que jug\u00f3 m\u00e1s conjuntado, fueron muy eficaces Eguiluz y Salustiano.<\/strong><\/p>\n<p style=\"text-align: left\"><strong>El primer tiempo termin\u00f3 3-0 a favor del Sevilla, marcados por Eguiluz, Leoncito, y el segundo en una \u00abmel\u00e9e\u00bb<\/strong>.<\/p>\n<p style=\"text-align: left\"><strong>En el segundo tiempo marc\u00f3 ANDR\u00c9S por el Real Betis Balompi\u00e9; y Herrera por el Sevilla FC.<\/strong><\/p>\n<p style=\"text-align: left\"><strong>El fin principal fue cubierto cumplidamente por cuanto que acudi\u00f3 al campo sevillista numeroso p\u00fablico, obteni\u00e9ndose una gran recaudaci\u00f3n. Nuestra enhorabuena a los organizadores\u00bb.<\/strong><\/p>\n<p style=\"text-align: left\"><strong><em><\/em><\/strong>Fuentes:<\/p>\n<p style=\"text-align: left\">-Documento gentilmente cedido por don Fernando Mu\u00f1oz Ortega, hijo del directivo Fernando Mu\u00f1oz Estudillo.<\/p>\n<p style=\"text-align: left\">-Presidente y Jugadores.-Web Sevilla FC.<\/p>\n<p style=\"text-align: left\">-ABC-19430105, martes.-\u00abDEPORTIVAS\u00bb.<\/p>\n","protected":false},"excerpt":{"rendered":"<p>Real Betis Balompi\u00e9-Fundado en 1907.-Secretar\u00eda calle de las Sierpes n\u00ba 9-Principal, tel\u00e9fono 28179.-Campo de Deportes: Estadio Avenida Victoria (antes Paseo de la Palmera), tel\u00e9fono 31765. Sevilla 7 de Enero de 1943 Sr. Presidente del Ateneo de Sevilla. -Doctor don Jos\u00e9 Salvador Gallardo- E\/E. Muy Sr. nuestro: \u00a0\u00a0\u00a0\u00a0\u00a0\u00a0\u00a0\u00a0\u00a0\u00a0\u00a0\u00a0\u00a0\u00a0\u00a0\u00a0\u00a0\u00a0\u00a0\u00a0\u00a0\u00a0\u00a0\u00a0\u00a0\u00a0\u00a0\u00a0\u00a0\u00a0\u00a0\u00a0\u00a0\u00a0\u00a0\u00a0\u00a0\u00a0\u00a0\u00a0\u00a0\u00a0\u00a0\u00a0\u00a0\u00a0 Hemos recibido su muy atento saluda de fecha&#8230;<\/p>\n","protected":false},"author":48,"featured_media":17429,"comment_status":"open","ping_status":"open","sticky":false,"template":"","format":"standard","meta":{"_kad_post_transparent":"","_kad_post_title":"","_kad_post_layout":"","_kad_post_sidebar_id":"","_kad_post_content_style":"","_kad_post_vertical_padding":"","_kad_post_feature":"","_kad_post_feature_position":"","_kad_post_header":false,"_kad_post_footer":false,"_kad_post_classname":"","_jetpack_memberships_contains_paid_content":false,"footnotes":"","jetpack_publicize_message":"","jetpack_publicize_feature_enabled":true,"jetpack_social_post_already_shared":false,"jetpack_social_options":{"image_generator_settings":{"template":"highway","default_image_id":0,"font":"","enabled":false},"version":2}},"categories":[900,1],"tags":[2284,51,4497,916],"class_list":["post-17428","post","type-post","status-publish","format-standard","has-post-thumbnail","hentry","category-1940-1949","category-portada","tag-1942-43","tag-51","tag-partido-benefico-cabalgata-reyes-magos","tag-sevilla-fc"],"jetpack_publicize_connections":[],"jetpack_featured_media_url":"https:\/\/i0.wp.com\/www.manquepierda.com\/historiarealbetis\/files\/2012\/02\/RBB19430107.jpg?fit=1648%2C1872&ssl=1","jetpack_sharing_enabled":true,"jetpack_shortlink":"https:\/\/wp.me\/p1ij08-4x6","jetpack-related-posts":[],"_links":{"self":[{"href":"https:\/\/www.manquepierda.com\/historiarealbetis\/wp-json\/wp\/v2\/posts\/17428","targetHints":{"allow":["GET"]}}],"collection":[{"href":"https:\/\/www.manquepierda.com\/historiarealbetis\/wp-json\/wp\/v2\/posts"}],"about":[{"href":"https:\/\/www.manquepierda.com\/historiarealbetis\/wp-json\/wp\/v2\/types\/post"}],"author":[{"embeddable":true,"href":"https:\/\/www.manquepierda.com\/historiarealbetis\/wp-json\/wp\/v2\/users\/48"}],"replies":[{"embeddable":true,"href":"https:\/\/www.manquepierda.com\/historiarealbetis\/wp-json\/wp\/v2\/comments?post=17428"}],"version-history":[{"count":2,"href":"https:\/\/www.manquepierda.com\/historiarealbetis\/wp-json\/wp\/v2\/posts\/17428\/revisions"}],"predecessor-version":[{"id":95062,"href":"https:\/\/www.manquepierda.com\/historiarealbetis\/wp-json\/wp\/v2\/posts\/17428\/revisions\/95062"}],"wp:featuredmedia":[{"embeddable":true,"href":"https:\/\/www.manquepierda.com\/historiarealbetis\/wp-json\/wp\/v2\/media\/17429"}],"wp:attachment":[{"href":"https:\/\/www.manquepierda.com\/historiarealbetis\/wp-json\/wp\/v2\/media?parent=17428"}],"wp:term":[{"taxonomy":"category","embeddable":true,"href":"https:\/\/www.manquepierda.com\/historiarealbetis\/wp-json\/wp\/v2\/categories?post=17428"},{"taxonomy":"post_tag","embeddable":true,"href":"https:\/\/www.manquepierda.com\/historiarealbetis\/wp-json\/wp\/v2\/tags?post=17428"}],"curies":[{"name":"wp","href":"https:\/\/api.w.org\/{rel}","templated":true}]}}