{"id":17444,"date":"2012-02-19T17:33:55","date_gmt":"2012-02-19T16:33:55","guid":{"rendered":"http:\/\/www.manquepierda.com\/historiarealbetis\/?p=17444"},"modified":"2024-09-16T07:41:35","modified_gmt":"2024-09-16T05:41:35","slug":"1919-noviembre-18-copa-ayuntamiento-tenerife-sportin-club-2-real-betis-balompie-1","status":"publish","type":"post","link":"https:\/\/www.manquepierda.com\/historiarealbetis\/1919-noviembre-18-copa-ayuntamiento-tenerife-sportin-club-2-real-betis-balompie-1\/","title":{"rendered":"1919-Noviembre 18-Copa Ayto.-Tenerife Sporting Club-2 Real Betis Balompi\u00e9-1.-Recortes Prennsa."},"content":{"rendered":"<p style=\"text-align: left\"><img data-recalc-dims=\"1\" loading=\"lazy\" decoding=\"async\" class=\"size-large wp-image-62343 alignleft\" src=\"https:\/\/i0.wp.com\/www.manquepierda.com\/historiarealbetis\/files\/2012\/02\/foto-18.jpg?resize=960%2C591&#038;ssl=1\" alt=\"\" width=\"960\" height=\"591\" srcset=\"https:\/\/i0.wp.com\/www.manquepierda.com\/historiarealbetis\/files\/2012\/02\/foto-18.jpg?resize=960%2C591&amp;ssl=1 960w, https:\/\/i0.wp.com\/www.manquepierda.com\/historiarealbetis\/files\/2012\/02\/foto-18.jpg?resize=220%2C136&amp;ssl=1 220w, https:\/\/i0.wp.com\/www.manquepierda.com\/historiarealbetis\/files\/2012\/02\/foto-18.jpg?resize=680%2C419&amp;ssl=1 680w, https:\/\/i0.wp.com\/www.manquepierda.com\/historiarealbetis\/files\/2012\/02\/foto-18.jpg?resize=768%2C473&amp;ssl=1 768w\" sizes=\"auto, (max-width: 960px) 100vw, 960px\" \/><strong>Foto efectuada por el presidente don Carlos Alarc\u00f3n De la Lastra, gentilmente cedida por su hijo de don Jos\u00e9 Antonio Alarc\u00f3n De la Oliva, y su nieto Carlos Alarc\u00f3n S\u00e1nchez.<br \/>\n<\/strong><\/p>\n<p style=\"text-align: justify\"><strong><em>\u00abCon una tarde \u00abgris\u00e1cea\u00bb y tristona,\u00a0 se celebr\u00f3 ayer,\u00a0 en el campo de deportes de esta capital, el \u00faltimo encuentro entre los notables equipos \u00abReal Betis Balompi\u00e9\u00bb,\u00a0 de Sevilla,\u00a0 y el \u00abTenerife Sporting Club\u00bb<\/em><\/strong>.<\/p>\n<p style=\"text-align: justify\"><strong><em>Este \u00abmatch\u00bb hab\u00eda despertado una expectaci\u00f3n general por disputarse la art\u00edstica Copa donada por el Excmo. Ayuntamiento de Santa Cruz de Tenerife.<\/em><\/strong><\/p>\n<p style=\"text-align: left\"><strong><em> (\u00abEn el escaparate del Caf\u00e9 \u00abExcelsior\u00bb se exhibi\u00f3 la hermosa Copa que para tal objeto don\u00f3 el Ayuntamiento\u00bb).<br \/>\n<\/em><\/strong><\/p>\n<p style=\"text-align: justify\"><strong><em>El campo,\u00a0 no obstante ser un d\u00eda laborable,\u00a0 presentaba como en las tardes anteriores,\u00a0 un aspecto deslumbrante,\u00a0 pues se hallaba ocupado por un gent\u00edo enorme,\u00a0 sobresaliendo el elemento femenino,\u00a0 que ha sabido corresponder al llamamiento del \u00abTenerife\u00bb,\u00a0 d\u00e1ndose cita en lugar tan ameno,\u00a0 y contribuyendo con su presencia al feliz \u00e9xito de estas fiestas,\u00a0 resucitadas por iniciativas de incansables y antiguos deportistas,\u00a0 entre los que descuella el benem\u00e9rito don Mario Garc\u00eda Cames,\u00a0 consagrado en cuerpo y alma al cargo que tan dignamente desempe\u00f1a.<\/em><\/strong><\/p>\n<p style=\"text-align: justify\"><strong><em>El palco presidencial ocup\u00e1banlo,\u00a0 el gobernador civil,\u00a0 se\u00f1or Richi,\u00a0 una comisi\u00f3n de concejales del Ayuntamiento y otras autoridades.<\/em><\/strong><\/p>\n<p style=\"text-align: justify\"><strong><em>La codiciada Copa,\u00a0 a la que se dirig\u00edan todas las miradas,\u00a0 parec\u00edamos unas veces trianera,\u00a0 otras \u00abchicharrera\u00bb;\u00a0 pero, al fin,\u00a0 canaria.<\/em><\/strong><\/p>\n<p style=\"text-align: center\"><strong><em>El partido de desempate, result\u00f3;\u00a0 como se esperaba, el m\u00e1s emocionante de la temporada.<\/em><\/strong><\/p>\n<p style=\"text-align: justify\"><strong><em>El \u00abReal Betis Balompi\u00e9\u00bb ofrec\u00eda una novedad:\u00a0 la presencia en \u00e9l de Carmelo Navarro, jugador de gran fama,\u00a0 que por dificultades de \u00faltima hora no pudo embarcar con sus compa\u00f1eros el pasado mes.<\/em><\/strong><\/p>\n<p style=\"text-align: justify\"><strong><em>Pero al fin arrib\u00f3 a esta capital,\u00a0 y sin reparar en los efectos del mareo (que fueron horribles seg\u00fan \u00e9l nos confes\u00f3),\u00a0 se present\u00f3 con su triangular nariz y cuerpo \u00abgarboso\u00bb,\u00a0 en el campo del \u00abTenerife\u00bb,\u00a0 dejando a gran altura la fama de que viene precedido desde la capital andaluza. (Por algo es capit\u00e1n del \u00abBalompi\u00e9\u00bb, aunque rabien Henke y Salvador).<\/em><\/strong><\/p>\n<p style=\"text-align: justify\"><strong><em>Quisi\u00e9ramos hacer una rese\u00f1ada detallada del \u00abmatch\u00bb de ayer,\u00a0 pero la falta de espacio y el haberse indispuesto nuestro compa\u00f1ero \u00abCorner\u00bb,\u00a0 que tantas pesadillas ha causado a algunos deportistas,\u00a0 nos privan de complacer hoy a la afici\u00f3n.<\/em><\/strong><\/p>\n<p style=\"text-align: center\"><strong><em>Quiz\u00e1s ma\u00f1ana (si el tiempo lo permite),\u00a0 diremos \u00abalgo\u00bb del memorable encuentro.<\/em><\/strong><\/p>\n<p style=\"text-align: justify\"><strong><em>El triunfo como era de esperar correspondi\u00f3 al \u00abTenerife\u00bb,\u00a0 que se apunt\u00f3 2 goals contra uno que hicieron los andaluces,\u00a0 y que marc\u00f3 admirablemente Carmelo.<\/em><\/strong><\/p>\n<p style=\"text-align: justify\"><strong><em>El \u00abTenerife\u00bb jug\u00f3 muy bien,\u00a0 sobre todo en la primera parte,\u00a0 gust\u00e1ndonos mucho Franquis y Rodr\u00edguez Bello,\u00a0 cada uno en su sitio y en su juego.\u00a0 <\/em><\/strong><\/p>\n<p style=\"text-align: justify\"><strong><em>En el primer tiempo,\u00a0 Croissier (que supli\u00f3 a Julio,\u00a0 que se hallaba enfermo), hizo el primer \u00abgoal\u00bb de la tarde,\u00a0 tras un sencillo \u00abshoot\u00bb de \u00e1ngulo;\u00a0 y Bello mediante otro \u00abshoot\u00bb desde medio campo marc\u00f3 el segundo y \u00faltimo tanto a favor del equipo tinerfe\u00f1o.<\/em><\/strong><\/p>\n<p style=\"text-align: justify\"><strong><em>En la segunda partida se animaron sobremanera los sevillanos,\u00a0 contribuyendo a ello el \u00fanico \u00abgoal\u00bbque lograron hacer.\u00a0 <\/em><\/strong><\/p>\n<p style=\"text-align: justify\"><strong><em>Trabajaron hasta el \u00faltimo momento para conseguir el empate,\u00a0 que no lograron debido a las magn\u00edficas defensas que hicieron los nuestros,\u00a0 especialmente Acea,\u00a0 Bello\u00a0 y\u00a0 Gonzalo.\u00a0 <\/em><\/strong><\/p>\n<p style=\"text-align: center\"><strong><em>El amigo Acea,\u00a0 nos record\u00f3 ayer sus mejores tiempos,\u00a0 y Bello se comport\u00f3 tambi\u00e9n como un h\u00e9roe.<\/em><\/strong><\/p>\n<p style=\"text-align: justify\"><strong><em>Benito (capit\u00e1n de la E. R.),\u00a0 fue el que tuvo el honor de recoger la Copa,\u00a0 ganada en tan buena lid,\u00a0 recorriendo despu\u00e9s en \u00abtriunfal carroza\u00bb,\u00a0 las calles de la poblaci\u00f3n,\u00a0 entre v\u00edtores y aclamaciones de la troupe infantil,\u00a0 que se encarg\u00f3 de pregonar a los cuatro vientos el triunfo de Tenerife.<\/em><\/strong><\/p>\n<p style=\"text-align: justify\"><strong><em>El antiguo jugador del \u00abMadrid F. C.\u00bb,\u00a0 don Guillermo Lynnes,\u00a0 actu\u00f3 nuevamente de \u00abreferee\u00bb,\u00a0 desempe\u00f1ando su cometido con la pericia que le caracteriza y que lo ha hecho acreedor a las simpat\u00edas de todos los jugadores.\u00a0<\/em><\/strong><\/p>\n<p style=\"text-align: center\"><strong><em> \u00a1\u00a1\u00a0 As\u00ed se hace f\u00fatbol se\u00f1or Lynnes \u00a1\u00a1<\/em><\/strong><\/p>\n<p style=\"text-align: center\"><strong><em>BANQUETE DE DESPEDIDA<\/em><\/strong><\/p>\n<p style=\"text-align: justify\"><strong><em>Terminado el encuentro y despu\u00e9s del \u00abpaseo reglamentario\u00bb de los h\u00e9roes y \u00abentrenamiento\u00bb de la Copa,\u00a0 vencedores y vencidos se trasladaron a \u00abVilla Ben\u00edtez\u00bb,\u00a0 donde la directiva del \u00abTenerife\u00bb,\u00a0 les obsequi\u00f3 con un espl\u00e9ndido banquete.<\/em><\/strong><\/p>\n<p style=\"text-align: justify\"><strong><em>Adem\u00e1s de los equipiers de ambos \u00abteams\u00bb,\u00a0 representantes del Real Betis Balompi\u00e9,\u00a0 directiva del \u00abTenerife Sporting Club\u00bb y numerosos aficionados,\u00a0 se hallaban presentes en el acto,\u00a0 el capit\u00e1n y oficialidad del vapor \u00abBarcel\u00f3\u00bb de la Compa\u00f1\u00eda Transmiterr\u00e1nea.<br \/>\n<\/em><\/strong><\/p>\n<p style=\"text-align: justify\"><strong><em>Primeramente se levant\u00f3 a hablar el representante del \u00abReal Betis Balompi\u00e9\u00bb,\u00a0 vicepresidente don Jos\u00e9 Lu\u00eds Herrera Montenegro,\u00a0 manifestando que en nombre de los jugadores sevillanos,\u00a0 agradec\u00eda de todo coraz\u00f3n los agasajos de que han sido objeto durante su estancia en esta capital de Canarias,\u00a0 a\u00f1adiendo que llevar\u00e1n a Sevilla un recuerdo imperecedero de esta visita,\u00a0 y haciendo un caluroso elogio de la caballerosidad de los futbolistas tinerfe\u00f1os,\u00a0 que dice les han colmado de atenciones.<\/em><\/strong><\/p>\n<p style=\"text-align: justify\"><strong><em>El presidente del \u00abTenerife\u00bb se\u00f1or Garc\u00eda Cames,\u00a0 contest\u00f3 en breves y ardorosas frases a las manifestaciones del se\u00f1or Herrera,\u00a0 enviando un efusivo saludo de despedida a los deportistas andaluces,\u00a0 que dice han venido a estrechar los lazos de cordialidad entre la madre Patria y este Archipi\u00e9lago.<\/em><\/strong><\/p>\n<p style=\"text-align: justify\"><strong><em>Las palabras de los oradores fueron acogidas con grandes aplausos,\u00a0 d\u00e1ndose vivas al REAL BETIS BALOMPI\u00c9 y al TENERIFE SPORTING CLUB.<\/em><\/strong><\/p>\n<p style=\"text-align: justify\"><strong><em>Una vez terminado el banquete los invitados regresaron a esta poblaci\u00f3n en un transporte especial,\u00a0 siendo acompa\u00f1ados los jugadores sevillanos entre aplausos,\u00a0 vivas\u00a0 y cohetas,\u00a0 hasta el \u00abVapor Barcel\u00f3\u00bb, que los conduce a su pa\u00eds.(*) <\/em><\/strong><\/p>\n<p style=\"text-align: justify\"><strong>*(el periodista quiso decir,\u00a0 seguramente,\u00a0 a la Pen\u00ednsula, ya que nuestro Real Betis Balompi\u00e9 fue el primer club deportivo peninsular que jug\u00f3 encuentros en las Islas Canarias<\/strong>)<strong>*<\/strong><\/p>\n<p style=\"text-align: center\"><strong><em>Lleven un feliz viaje y que la estancia entre nosotros le haya sido grata<\/em><\/strong>\u00ab.<\/p>\n<p style=\"text-align: left\"><strong>\u00abLa Prensa\u00bbN\u00ba 3.108&#8211;Diario de la Ma\u00f1ana-Santa Cruz de Tenerife, mi\u00e9rcoles 19 de Noviembre de 1919.<\/strong><\/p>\n<p style=\"text-align: center\"><strong>El mismo diario de la ma\u00f1ana-en portada- de fecha martes 21-Octubre-1919, public\u00f3 lo siguiente:<\/strong><\/p>\n<p style=\"text-align: center\"><strong><em>\u00abDEPORTES\u00bb.-REAL BETIS BALOMPI\u00c9:<\/em><\/strong><\/p>\n<p style=\"text-align: justify\"><strong><em>Dentro de breves d\u00edas ser\u00e1 nuestro hu\u00e9sped el primer \u00abteam\u00bb del Real Betis Balompi\u00e9,\u00a0 de Sevilla,\u00a0 que galantemente ha aceptado la invitaci\u00f3n que la entusiasta sociedad Tenerife Sporting Club le hizo para venir a esta capital,\u00a0 a fin de jugar varios partidos amistosos de \u00abfoot-ball\u00bb.<\/em><\/strong><\/p>\n<p style=\"text-align: justify\"><strong><em>Es,\u00a0 por tanto,\u00a0 necesario,\u00a0 que los deportistas andaluces reciban a su paso por nuestra ciudad,\u00a0 el homenaje conquistado tan gallardamente con sus m\u00faltiples actos de caballerosidad y nobleza,\u00a0 cuando la visita de nuestro equipo a Sevilla el a\u00f1o 1915.<\/em><\/strong><\/p>\n<p style=\"text-align: justify\"><strong><em>Deber\u00e1n cerciorarse nuestros hu\u00e9spedes,\u00a0 apenas pisen el suelo tinerfe\u00f1o,\u00a0 de que las significativas muestras de aprecio por ellos prodigadas durante nuestra estancia en la capital andaluza,\u00a0 han sido debidamente apreciadas entre nosotros.<\/em><\/strong><\/p>\n<p style=\"text-align: justify\"><strong><em>Ser\u00e1,\u00a0 pues,\u00a0 para el p\u00fablico de Tenerife un grato deber el acudir a los \u00abmatchs\u00bb que se efect\u00faen,\u00a0 que ser\u00e1n los m\u00e1s interesantes de los jugados hasta hoy en Canarias\u00bb.<\/em><\/strong><\/p>\n<p style=\"text-align: center\"><strong>ALINEACIONES-DESEMPATE.-COPA AYUNTAMIENTO SANTA CRUZ DE TENERIFE:<\/strong><\/p>\n<p style=\"text-align: center\"><a href=\"https:\/\/www.manquepierda.com\/historiarealbetis\/17444-1919-noviembre-18-copa-ayuntamiento-tenerife-sportin-club-2-real-betis-balompie-1\/escudostenerife1\/\" rel=\"attachment wp-att-44725\"><img data-recalc-dims=\"1\" loading=\"lazy\" decoding=\"async\" class=\"aligncenter size-thumbnail wp-image-44725\" src=\"https:\/\/i0.wp.com\/www.manquepierda.com\/historiarealbetis\/files\/2012\/02\/escudosTenerife1.jpg?resize=220%2C83&#038;ssl=1\" alt=\"escudosTenerife1\" width=\"220\" height=\"83\" srcset=\"https:\/\/i0.wp.com\/www.manquepierda.com\/historiarealbetis\/files\/2012\/02\/escudosTenerife1.jpg?resize=220%2C83&amp;ssl=1 220w, https:\/\/i0.wp.com\/www.manquepierda.com\/historiarealbetis\/files\/2012\/02\/escudosTenerife1.jpg?w=531&amp;ssl=1 531w\" sizes=\"auto, (max-width: 220px) 100vw, 220px\" \/><\/a><strong><em>*1912-1922.-TENERIFE SPORTING CLUB-2 Goals:<\/em><\/strong><\/p>\n<p style=\"text-align: left\"><strong>ACEA.-RODR\u00cdGUEZ BELLO (2-0.-1er.Tpo),\u00a0 CABRERA.-FRANCISQUILLO,\u00a0 BENITO,\u00a0 GONZALO.-JULIO (CROISSIER: 1-0.-1erTpo)-ARSENIO-CORBELLA.-Suplentes: ROMERO,\u00a0 GREGORITO.<\/strong><\/p>\n<p style=\"text-align: center\"><a href=\"https:\/\/www.manquepierda.com\/historiarealbetis\/17444-1919-noviembre-18-copa-ayuntamiento-tenerife-sportin-club-2-real-betis-balompie-1\/1920-escudo-rbb-7\/\" rel=\"attachment wp-att-44726\"><img data-recalc-dims=\"1\" loading=\"lazy\" decoding=\"async\" class=\"aligncenter size-thumbnail wp-image-44726\" src=\"https:\/\/i0.wp.com\/www.manquepierda.com\/historiarealbetis\/files\/2012\/02\/1920-Escudo-RBB.jpg?resize=161%2C220&#038;ssl=1\" alt=\"1920-Escudo RBB\" width=\"161\" height=\"220\" srcset=\"https:\/\/i0.wp.com\/www.manquepierda.com\/historiarealbetis\/files\/2012\/02\/1920-Escudo-RBB.jpg?resize=161%2C220&amp;ssl=1 161w, https:\/\/i0.wp.com\/www.manquepierda.com\/historiarealbetis\/files\/2012\/02\/1920-Escudo-RBB.jpg?w=266&amp;ssl=1 266w\" sizes=\"auto, (max-width: 161px) 100vw, 161px\" \/><\/a><strong><em>*REAL BETIS BALOMPI\u00c9-1 Goal.<\/em><\/strong><\/p>\n<p style=\"text-align: center\"><strong>Entrenador Basilio CLEMENTE.<\/strong><\/p>\n<p style=\"text-align: left\"><strong>Los jugadores que se hab\u00edan desplazado para disputar varios encuentros en Canarias fueron los siguientes:<\/strong><\/p>\n<p style=\"text-align: left\"><strong>Francisco PORTILLO S\u00e1nchez.-Portero: 09-11-1919.<br \/>\n<\/strong><\/p>\n<p style=\"text-align: left\"><strong>Miguel PE\u00d1A Gordo.-Zaguero derecho: 09-11-1919.<br \/>\n<\/strong><\/p>\n<p style=\"text-align: left\"><strong>Lu\u00eds VILCHES.-Zaguero zurdo: 09-11-1919.<br \/>\n<\/strong><\/p>\n<p style=\"text-align: left\"><strong>SALVADOR Llinat Aliseda.-Medio: 09-11-1919.<br \/>\n<\/strong><\/p>\n<p style=\"text-align: justify\"><strong>Francisco Mart\u00edn BARRAG\u00c1N.-Medio: 09-11-1919.<br \/>\n<\/strong><\/p>\n<p style=\"text-align: left\"><strong>RAM\u00d3N Dom\u00ednguez Tejer\u00edn.-Medio.<\/strong><\/p>\n<p style=\"text-align: left\"><strong>Manuel IGLESIAS Garc\u00eda.-Medio-Interior: 09-11-1919.<br \/>\n<\/strong><\/p>\n<p style=\"text-align: left\"><strong>Francisco Gonz\u00e1lez Rodr\u00edguez (a) \u00abPAQUIRRI\u00bb.-Delantero: 09-11-1919.<br \/>\n<\/strong><\/p>\n<p style=\"text-align: left\"><strong>Antonio REY Alem\u00e1n.-Delantero: 09-11-1919.<br \/>\n<\/strong><\/p>\n<p style=\"text-align: left\"><strong>Alberto HENKE Montero de Espinosa.-Ariete (a) \u00abEl Rey del Ch\u00fa\u00bb.<\/strong><\/p>\n<p style=\"text-align: left\"><strong>Eduardo LE\u00d3N S\u00e1nchez.-Delantero.-Extremo-Interior zurdo: 09-11-1919.<br \/>\n<\/strong><\/p>\n<p style=\"text-align: left\"><strong>*CARMELO NAVARRO Hurtado (Capit\u00e1n).-Delantero: 09-11-1919; 18-11-1919: Marc\u00f3 el tanto del honor verdiblanco.<\/strong><\/p>\n<p style=\"text-align: center\"><strong>SUPLENTES:<\/strong><\/p>\n<p style=\"text-align: left\"><strong>Rafael CALVO Su\u00e1rez.-Delantero.<\/strong><\/p>\n<p style=\"text-align: center\"><strong>MORA.<\/strong><\/p>\n<p style=\"text-align: left\"><strong>Juan Armet de Castellv\u00ed (a) \u00abKINK\u00c9\u00bb.-Interior diestro: 09-11-1919.<\/strong><\/p>\n<p style=\"text-align: left\"><strong>\u00bf? que no cit\u00f3 la prensa canaria en los entrenamientos del Betis Balompi\u00e9.<\/strong><\/p>\n<p style=\"text-align: center\"><strong>FECHAS Y PARTIDOS DISPUTADOS (Seg\u00fan web del F\u00fatbol Canario.-Manuel Navarro Tejera): <\/strong><\/p>\n<p style=\"text-align: justify\"><strong>\u00ab07-Noviembre-1919.-Viernes.-Tal c\u00f3mo se hab\u00eda anunciado ya se encuentra en nuestra ciudad el equipo sevillano, Real Betis Balompi\u00e9.\u00a0 Ven\u00eda de la vecina isla de Tenerife,\u00a0 donde hab\u00eda jugado dos encuentros con el titular de aquella.\u00a0 Ambos \u00abmatchs\u00bb fueron ganados por el equipo b\u00e9tico por diferencia de 1 goal\u00bb.<br \/>\n<\/strong><\/p>\n<p style=\"text-align: left\"><strong><em>1919-Noviembre 08-S\u00e1bado: Sporting Club Victoria-1 Real Betis Balompi\u00e9-1.<\/em><\/strong><\/p>\n<p style=\"text-align: left\"><strong><em>1919-Noviembre-09-Domingo: Club Deportivo Gran Canaria-1 Real Betis Balompi\u00e9-4.<\/em><\/strong><\/p>\n<p style=\"text-align: left\"><strong><em>1919-Noviembre-13-Jueves: Marino F. C.-2 Real Betis Balompi\u00e9-1.<\/em><\/strong><\/p>\n<p style=\"text-align: left\"><strong><em>1919-Noviembre-19-Mi\u00e9rcoles: Marino F. C.-0 Real Betis Balompi\u00e9-0.<\/em><\/strong><\/p>\n<p style=\"text-align: left\"><strong><br \/>\n<\/strong><\/p>\n","protected":false},"excerpt":{"rendered":"<p>Foto efectuada por el presidente don Carlos Alarc\u00f3n De la Lastra, gentilmente cedida por su hijo de don Jos\u00e9 Antonio Alarc\u00f3n De la Oliva, y su nieto Carlos Alarc\u00f3n S\u00e1nchez. \u00abCon una tarde \u00abgris\u00e1cea\u00bb y tristona,\u00a0 se celebr\u00f3 ayer,\u00a0 en el campo de deportes de esta capital, el \u00faltimo encuentro entre los notables equipos \u00abReal&#8230;<\/p>\n","protected":false},"author":48,"featured_media":62343,"comment_status":"open","ping_status":"open","sticky":false,"template":"","format":"standard","meta":{"_kad_post_transparent":"","_kad_post_title":"","_kad_post_layout":"","_kad_post_sidebar_id":"","_kad_post_content_style":"","_kad_post_vertical_padding":"","_kad_post_feature":"","_kad_post_feature_position":"","_kad_post_header":false,"_kad_post_footer":false,"_kad_post_classname":"","_jetpack_memberships_contains_paid_content":false,"footnotes":"","jetpack_publicize_message":"","jetpack_publicize_feature_enabled":true,"jetpack_social_post_already_shared":false,"jetpack_social_options":{"image_generator_settings":{"template":"highway","default_image_id":0,"font":"","enabled":false},"version":2}},"categories":[896,1],"tags":[16864,17753,232,16979],"class_list":["post-17444","post","type-post","status-publish","format-standard","has-post-thumbnail","hentry","category-1908-1919","category-portada","tag-16864","tag-1919-20","tag-cd-tenerife","tag-tenerife-sporting-club"],"jetpack_publicize_connections":[],"jetpack_featured_media_url":"https:\/\/i0.wp.com\/www.manquepierda.com\/historiarealbetis\/files\/2012\/02\/foto-18.jpg?fit=2461%2C1516&ssl=1","jetpack_sharing_enabled":true,"jetpack_shortlink":"https:\/\/wp.me\/p1ij08-4xm","jetpack-related-posts":[],"_links":{"self":[{"href":"https:\/\/www.manquepierda.com\/historiarealbetis\/wp-json\/wp\/v2\/posts\/17444","targetHints":{"allow":["GET"]}}],"collection":[{"href":"https:\/\/www.manquepierda.com\/historiarealbetis\/wp-json\/wp\/v2\/posts"}],"about":[{"href":"https:\/\/www.manquepierda.com\/historiarealbetis\/wp-json\/wp\/v2\/types\/post"}],"author":[{"embeddable":true,"href":"https:\/\/www.manquepierda.com\/historiarealbetis\/wp-json\/wp\/v2\/users\/48"}],"replies":[{"embeddable":true,"href":"https:\/\/www.manquepierda.com\/historiarealbetis\/wp-json\/wp\/v2\/comments?post=17444"}],"version-history":[{"count":1,"href":"https:\/\/www.manquepierda.com\/historiarealbetis\/wp-json\/wp\/v2\/posts\/17444\/revisions"}],"predecessor-version":[{"id":95960,"href":"https:\/\/www.manquepierda.com\/historiarealbetis\/wp-json\/wp\/v2\/posts\/17444\/revisions\/95960"}],"wp:featuredmedia":[{"embeddable":true,"href":"https:\/\/www.manquepierda.com\/historiarealbetis\/wp-json\/wp\/v2\/media\/62343"}],"wp:attachment":[{"href":"https:\/\/www.manquepierda.com\/historiarealbetis\/wp-json\/wp\/v2\/media?parent=17444"}],"wp:term":[{"taxonomy":"category","embeddable":true,"href":"https:\/\/www.manquepierda.com\/historiarealbetis\/wp-json\/wp\/v2\/categories?post=17444"},{"taxonomy":"post_tag","embeddable":true,"href":"https:\/\/www.manquepierda.com\/historiarealbetis\/wp-json\/wp\/v2\/tags?post=17444"}],"curies":[{"name":"wp","href":"https:\/\/api.w.org\/{rel}","templated":true}]}}