{"id":17527,"date":"2017-06-17T08:30:57","date_gmt":"2017-06-17T06:30:57","guid":{"rendered":"http:\/\/www.manquepierda.com\/historiarealbetis\/?p=17527"},"modified":"2024-10-11T07:19:38","modified_gmt":"2024-10-11T05:19:38","slug":"la-copa-del-77-iii","status":"publish","type":"post","link":"https:\/\/www.manquepierda.com\/historiarealbetis\/la-copa-del-77-iii\/","title":{"rendered":"La Copa del 77 (III). Cuartos de Final"},"content":{"rendered":"<p style=\"text-align: center\"><a href=\"https:\/\/i0.wp.com\/www.manquepierda.com\/historiarealbetis\/files\/2012\/02\/La-Copa-del-77-III-Iriondo-con-la-Copa.jpg?ssl=1\"><img data-recalc-dims=\"1\" loading=\"lazy\" decoding=\"async\" class=\"aligncenter wp-image-17529\" src=\"https:\/\/i0.wp.com\/www.manquepierda.com\/historiarealbetis\/files\/2012\/02\/La-Copa-del-77-III-Iriondo-con-la-Copa.jpg?resize=622%2C491&#038;ssl=1\" alt=\"\" width=\"622\" height=\"491\" srcset=\"https:\/\/i0.wp.com\/www.manquepierda.com\/historiarealbetis\/files\/2012\/02\/La-Copa-del-77-III-Iriondo-con-la-Copa.jpg?w=889&amp;ssl=1 889w, https:\/\/i0.wp.com\/www.manquepierda.com\/historiarealbetis\/files\/2012\/02\/La-Copa-del-77-III-Iriondo-con-la-Copa.jpg?resize=300%2C236&amp;ssl=1 300w\" sizes=\"auto, (max-width: 622px) 100vw, 622px\" \/><\/a><\/p>\n<p style=\"text-align: center\">El 13 de Mayo se celebra el sorteo para los cuartos de final y en los que no entra directamente el nombre del Betis, pues a\u00fan no se ha jugado el partido de vuelta de octavos con el Valladolid. El resultado empareja al vencedor del Betis-Valladolid con el H\u00e9rcules, un equipo por esos a\u00f1os de Primera Divisi\u00f3n\u00a0 muy duro y rocoso, y que ha dejado ya en la cuneta al Real Madrid y al Valencia.<\/p>\n<figure id=\"attachment_17533\" aria-describedby=\"caption-attachment-17533\" style=\"width: 318px\" class=\"wp-caption aligncenter\"><a href=\"https:\/\/i0.wp.com\/www.manquepierda.com\/historiarealbetis\/files\/2012\/02\/La-Copa-del-77-III-Sorteo-Cuartos-NMP-AS-14-5-1977.jpg?ssl=1\"><img data-recalc-dims=\"1\" loading=\"lazy\" decoding=\"async\" class=\"size-full wp-image-17533\" src=\"https:\/\/i0.wp.com\/www.manquepierda.com\/historiarealbetis\/files\/2012\/02\/La-Copa-del-77-III-Sorteo-Cuartos-NMP-AS-14-5-1977.jpg?resize=318%2C312&#038;ssl=1\" alt=\"\" width=\"318\" height=\"312\" srcset=\"https:\/\/i0.wp.com\/www.manquepierda.com\/historiarealbetis\/files\/2012\/02\/La-Copa-del-77-III-Sorteo-Cuartos-NMP-AS-14-5-1977.jpg?w=318&amp;ssl=1 318w, https:\/\/i0.wp.com\/www.manquepierda.com\/historiarealbetis\/files\/2012\/02\/La-Copa-del-77-III-Sorteo-Cuartos-NMP-AS-14-5-1977.jpg?resize=300%2C294&amp;ssl=1 300w, https:\/\/i0.wp.com\/www.manquepierda.com\/historiarealbetis\/files\/2012\/02\/La-Copa-del-77-III-Sorteo-Cuartos-NMP-AS-14-5-1977.jpg?resize=50%2C50&amp;ssl=1 50w\" sizes=\"auto, (max-width: 318px) 100vw, 318px\" \/><\/a><figcaption id=\"caption-attachment-17533\" class=\"wp-caption-text\">Fuente: AS 14 de Mayo de 1977<\/figcaption><\/figure>\n<p>&nbsp;<\/p>\n<p>Se disputa antes la \u00faltima jornada de Liga en la que el Betis cae 3-1 en el Nou Camp. Finaliza as\u00ed 5\u00ba en la Liga, moment\u00e1neamente fuera de la clasificaci\u00f3n europea, para la que han entrado Barcelona, Athletic de Bilbao y Las Palmas, pero todav\u00eda es provisional, dado que queda por disputarse en Atocha un Real Sociedad-Sevilla aplazado en su momento y que, en caso de vencer el equipo sevillista, le podr\u00eda dar la quinta plaza. Esta quinta plaza es muy importante, pues si el Athletic de Bilbao ganase la Copa jugar\u00eda la Recopa, corriendo su plaza en la Uefa para el quinto clasificado.\u00a0 Este partido entre la Real Sociedad y el Sevilla se aplaza hasta el 8 de Junio, por lo que las posibilidades a\u00fan son m\u00faltiples.<\/p>\n<figure id=\"attachment_17535\" aria-describedby=\"caption-attachment-17535\" style=\"width: 604px\" class=\"wp-caption aligncenter\"><a href=\"https:\/\/i0.wp.com\/www.manquepierda.com\/historiarealbetis\/files\/2012\/02\/La-Copa-del-77-III-Final-Liga-NMP-AS-23-5-19771.jpg?ssl=1\"><img data-recalc-dims=\"1\" loading=\"lazy\" decoding=\"async\" class=\" wp-image-17535 \" src=\"https:\/\/i0.wp.com\/www.manquepierda.com\/historiarealbetis\/files\/2012\/02\/La-Copa-del-77-III-Final-Liga-NMP-AS-23-5-19771.jpg?resize=604%2C363&#038;ssl=1\" alt=\"\" width=\"604\" height=\"363\" srcset=\"https:\/\/i0.wp.com\/www.manquepierda.com\/historiarealbetis\/files\/2012\/02\/La-Copa-del-77-III-Final-Liga-NMP-AS-23-5-19771.jpg?w=755&amp;ssl=1 755w, https:\/\/i0.wp.com\/www.manquepierda.com\/historiarealbetis\/files\/2012\/02\/La-Copa-del-77-III-Final-Liga-NMP-AS-23-5-19771.jpg?resize=300%2C180&amp;ssl=1 300w\" sizes=\"auto, (max-width: 604px) 100vw, 604px\" \/><\/a><figcaption id=\"caption-attachment-17535\" class=\"wp-caption-text\">Fuente: AS 23 de Mayo de 1977<\/figcaption><\/figure>\n<p>&nbsp;<\/p>\n<p><a href=\"https:\/\/i0.wp.com\/www.manquepierda.com\/historiarealbetis\/files\/2012\/02\/La-Copa-del-77-III-Anuncio-Betis-H%C3%A9rcules-NMP-ABC-28-5-1977.jpg?ssl=1\"><img data-recalc-dims=\"1\" loading=\"lazy\" decoding=\"async\" class=\" wp-image-17537 alignleft\" src=\"https:\/\/i0.wp.com\/www.manquepierda.com\/historiarealbetis\/files\/2012\/02\/La-Copa-del-77-III-Anuncio-Betis-H%C3%A9rcules-NMP-ABC-28-5-1977.jpg?resize=114%2C362&#038;ssl=1\" alt=\"\" width=\"114\" height=\"362\" \/><\/a><\/p>\n<p>&nbsp;<\/p>\n<p>&nbsp;<\/p>\n<p>El sorteo depara que el Betis comience jugando en casa contra el H\u00e9rcules, al que entrena el gallego Arsenio Iglesias.<\/p>\n<p>&nbsp;<\/p>\n<p>El encuentro se juega el s\u00e1bado 28 de Mayo, s\u00e1bado del Roc\u00edo,\u00a0 a las 21,30 horas, y son numerosas las bajas en los alicantinos: lesionados Comisso, Carcel\u00e9n y Charles no puede tampoco contar con sus 2 jugadores extranjeros ( el alem\u00e1n Lubecke y el argentino Saccardi).<\/p>\n<p>&nbsp;<\/p>\n<p>Tampoco el Betis puede alinear a sus 2 extranjeros ( el holand\u00e9s Murhen y el h\u00fangaro Ladinszky), adem\u00e1s de Gordillo que jug\u00f3 las primeras eliminatorias del torneo copero con el Betis Deportivo.<\/p>\n<p>&nbsp;<\/p>\n<p>&nbsp;<\/p>\n<figure id=\"attachment_17539\" aria-describedby=\"caption-attachment-17539\" style=\"width: 572px\" class=\"wp-caption aligncenter\"><a href=\"https:\/\/i0.wp.com\/www.manquepierda.com\/historiarealbetis\/files\/2012\/02\/La-Copa-del-77-III-Betis-H%C3%A9rcules-NMP-ABC-29-5-1977.jpg?ssl=1\"><img data-recalc-dims=\"1\" loading=\"lazy\" decoding=\"async\" class=\" wp-image-17539 \" src=\"https:\/\/i0.wp.com\/www.manquepierda.com\/historiarealbetis\/files\/2012\/02\/La-Copa-del-77-III-Betis-H%C3%A9rcules-NMP-ABC-29-5-1977.jpg?resize=572%2C266&#038;ssl=1\" alt=\"\" width=\"572\" height=\"266\" srcset=\"https:\/\/i0.wp.com\/www.manquepierda.com\/historiarealbetis\/files\/2012\/02\/La-Copa-del-77-III-Betis-H%C3%A9rcules-NMP-ABC-29-5-1977.jpg?w=635&amp;ssl=1 635w, https:\/\/i0.wp.com\/www.manquepierda.com\/historiarealbetis\/files\/2012\/02\/La-Copa-del-77-III-Betis-H%C3%A9rcules-NMP-ABC-29-5-1977.jpg?resize=300%2C139&amp;ssl=1 300w\" sizes=\"auto, (max-width: 572px) 100vw, 572px\" \/><\/a><figcaption id=\"caption-attachment-17539\" class=\"wp-caption-text\">Fuente: Marca 29 de Mayo de 1977<\/figcaption><\/figure>\n<p>&nbsp;<\/p>\n<p>El resultado desde luego es muy corto para tener que ir una semana despu\u00e9s al Rico P\u00e9rez, y se estima como muy peligroso ese solitario tanto alicantino, por el valor doble de los goles en campo contrario.<\/p>\n<p>En los otros partidos de cuartos se producen los siguientes marcadores:<\/p>\n<p>Espa\u00f1ol 3\u00a0 Celta 0\u00a0\u00a0\u00a0\u00a0\u00a0 Athletic Bilbao\u00a0 5\u00a0\u00a0 Sevilla 0\u00a0\u00a0 Zaragoza\u00a0 1\u00a0 Salamanca 0<\/p>\n<p>Parecen muy claras las dos primeras eliminatorias, mientras que est\u00e1n muy abiertas las otras dos.<\/p>\n<p>Lo que s\u00ed es claro es el escenario de la final. Ser\u00e1 en el Manzanares, tal como anuncia la prensa el 3 de Junio.<\/p>\n<figure id=\"attachment_17541\" aria-describedby=\"caption-attachment-17541\" style=\"width: 503px\" class=\"wp-caption aligncenter\"><a href=\"https:\/\/i0.wp.com\/www.manquepierda.com\/historiarealbetis\/files\/2012\/02\/La-Copa-del-77-III-Escenario-final-NMP-Marca-3-6-1977.jpg?ssl=1\"><img data-recalc-dims=\"1\" loading=\"lazy\" decoding=\"async\" class=\" wp-image-17541 \" src=\"https:\/\/i0.wp.com\/www.manquepierda.com\/historiarealbetis\/files\/2012\/02\/La-Copa-del-77-III-Escenario-final-NMP-Marca-3-6-1977.jpg?resize=503%2C153&#038;ssl=1\" alt=\"\" width=\"503\" height=\"153\" srcset=\"https:\/\/i0.wp.com\/www.manquepierda.com\/historiarealbetis\/files\/2012\/02\/La-Copa-del-77-III-Escenario-final-NMP-Marca-3-6-1977.jpg?w=629&amp;ssl=1 629w, https:\/\/i0.wp.com\/www.manquepierda.com\/historiarealbetis\/files\/2012\/02\/La-Copa-del-77-III-Escenario-final-NMP-Marca-3-6-1977.jpg?resize=300%2C91&amp;ssl=1 300w\" sizes=\"auto, (max-width: 503px) 100vw, 503px\" \/><\/a><figcaption id=\"caption-attachment-17541\" class=\"wp-caption-text\">Fuente: Marca 3 de Junio de 1977<\/figcaption><\/figure>\n<p>&nbsp;<\/p>\n<p>En el partido de vuelta en el Rico P\u00e9rez el domingo 5 de Junio el Betis se adelanta con un gol de Anzarda en la primera parte, aunque en la segunda el H\u00e9rcules le da la vuelta al marcador con dos tantos de Barrios. A lo largo de todo el partido, y en los 30 minutos de pr\u00f3rroga, el meta b\u00e9tico Esnaola impide que los alicantinos se lleven la eliminatoria. Hay que ir a una tanda definitiva de penaltis despu\u00e9s de 120 minutos, y en la que de nuevo Esnaola salva al equipo.<\/p>\n<figure id=\"attachment_17542\" aria-describedby=\"caption-attachment-17542\" style=\"width: 645px\" class=\"wp-caption aligncenter\"><a href=\"https:\/\/i0.wp.com\/www.manquepierda.com\/historiarealbetis\/files\/2012\/02\/La-Copa-del-77-III-H%C3%A9rcules-Betis-NMP-Marca-6-6-1977.jpg?ssl=1\"><img data-recalc-dims=\"1\" loading=\"lazy\" decoding=\"async\" class=\" wp-image-17542 \" src=\"https:\/\/i0.wp.com\/www.manquepierda.com\/historiarealbetis\/files\/2012\/02\/La-Copa-del-77-III-H%C3%A9rcules-Betis-NMP-Marca-6-6-1977.jpg?resize=645%2C135&#038;ssl=1\" alt=\"\" width=\"645\" height=\"135\" srcset=\"https:\/\/i0.wp.com\/www.manquepierda.com\/historiarealbetis\/files\/2012\/02\/La-Copa-del-77-III-H%C3%A9rcules-Betis-NMP-Marca-6-6-1977.jpg?resize=1024%2C214&amp;ssl=1 1024w, https:\/\/i0.wp.com\/www.manquepierda.com\/historiarealbetis\/files\/2012\/02\/La-Copa-del-77-III-H%C3%A9rcules-Betis-NMP-Marca-6-6-1977.jpg?resize=300%2C62&amp;ssl=1 300w, https:\/\/i0.wp.com\/www.manquepierda.com\/historiarealbetis\/files\/2012\/02\/La-Copa-del-77-III-H%C3%A9rcules-Betis-NMP-Marca-6-6-1977.jpg?w=1065&amp;ssl=1 1065w\" sizes=\"auto, (max-width: 645px) 100vw, 645px\" \/><\/a><figcaption id=\"caption-attachment-17542\" class=\"wp-caption-text\">Fuente: Marca 6 de Junio de 1977<\/figcaption><\/figure>\n<p>&nbsp;<\/p>\n<figure id=\"attachment_17544\" aria-describedby=\"caption-attachment-17544\" style=\"width: 503px\" class=\"wp-caption aligncenter\"><a href=\"https:\/\/i0.wp.com\/www.manquepierda.com\/historiarealbetis\/files\/2012\/02\/La-Copa-del-77-III-H%C3%A9rcules-Betis-Esnaola-para-NMP-Marca-6-6-1977.jpg?ssl=1\"><img data-recalc-dims=\"1\" loading=\"lazy\" decoding=\"async\" class=\"size-full wp-image-17544\" src=\"https:\/\/i0.wp.com\/www.manquepierda.com\/historiarealbetis\/files\/2012\/02\/La-Copa-del-77-III-H%C3%A9rcules-Betis-Esnaola-para-NMP-Marca-6-6-1977.jpg?resize=503%2C335&#038;ssl=1\" alt=\"\" width=\"503\" height=\"335\" srcset=\"https:\/\/i0.wp.com\/www.manquepierda.com\/historiarealbetis\/files\/2012\/02\/La-Copa-del-77-III-H%C3%A9rcules-Betis-Esnaola-para-NMP-Marca-6-6-1977.jpg?w=503&amp;ssl=1 503w, https:\/\/i0.wp.com\/www.manquepierda.com\/historiarealbetis\/files\/2012\/02\/La-Copa-del-77-III-H%C3%A9rcules-Betis-Esnaola-para-NMP-Marca-6-6-1977.jpg?resize=300%2C199&amp;ssl=1 300w\" sizes=\"auto, (max-width: 503px) 100vw, 503px\" \/><\/a><figcaption id=\"caption-attachment-17544\" class=\"wp-caption-text\">Fuente; Marca 6 de Junio de 1977. Esnaola para uno de los 2 penaltis que detuvo<\/figcaption><\/figure>\n<p>&nbsp;<\/p>\n<figure id=\"attachment_17545\" aria-describedby=\"caption-attachment-17545\" style=\"width: 487px\" class=\"wp-caption aligncenter\"><a href=\"https:\/\/i0.wp.com\/www.manquepierda.com\/historiarealbetis\/files\/2012\/02\/La-Copa-del-77-III-H%C3%A9rcules-Betis-Esnaola-abrazado-NMP-Marca-6-6-1977.jpg?ssl=1\"><img data-recalc-dims=\"1\" loading=\"lazy\" decoding=\"async\" class=\"size-full wp-image-17545\" src=\"https:\/\/i0.wp.com\/www.manquepierda.com\/historiarealbetis\/files\/2012\/02\/La-Copa-del-77-III-H%C3%A9rcules-Betis-Esnaola-abrazado-NMP-Marca-6-6-1977.jpg?resize=487%2C342&#038;ssl=1\" alt=\"\" width=\"487\" height=\"342\" srcset=\"https:\/\/i0.wp.com\/www.manquepierda.com\/historiarealbetis\/files\/2012\/02\/La-Copa-del-77-III-H%C3%A9rcules-Betis-Esnaola-abrazado-NMP-Marca-6-6-1977.jpg?w=487&amp;ssl=1 487w, https:\/\/i0.wp.com\/www.manquepierda.com\/historiarealbetis\/files\/2012\/02\/La-Copa-del-77-III-H%C3%A9rcules-Betis-Esnaola-abrazado-NMP-Marca-6-6-1977.jpg?resize=300%2C210&amp;ssl=1 300w\" sizes=\"auto, (max-width: 487px) 100vw, 487px\" \/><\/a><figcaption id=\"caption-attachment-17545\" class=\"wp-caption-text\">Fuente: Marca 6 de Junio de 1977 Esnaola felicitado por Garc\u00eda Soriano e Iriondo<\/figcaption><\/figure>\n<p>El Betis ya est\u00e1 en semifinales, tal como lo estuvo la temporada pasada, y Espa\u00f1ol, Athletic de Bilbao y Salamanca le acompa\u00f1ar\u00e1n en el bombo, despu\u00e9s de los resultados de los partidos de vuelta:<\/p>\n<p>Celta 1\u00a0 Espa\u00f1ol 0\u00a0\u00a0\u00a0 Sevilla 3\u00a0 Athletic Bilbao 1\u00a0\u00a0 Salamanca 3\u00a0 Zaragoza 1<\/p>\n<p>&nbsp;<\/p>\n<p>&nbsp;<\/p>\n","protected":false},"excerpt":{"rendered":"<p>El 13 de Mayo se celebra el sorteo para los cuartos de final y en los que no entra directamente el nombre del Betis, pues a\u00fan no se ha jugado el partido de vuelta de octavos con el Valladolid. El resultado empareja al vencedor del Betis-Valladolid con el H\u00e9rcules, un equipo por esos a\u00f1os de&#8230;<\/p>\n","protected":false},"author":5,"featured_media":17529,"comment_status":"open","ping_status":"open","sticky":false,"template":"","format":"standard","meta":{"_kad_post_transparent":"","_kad_post_title":"","_kad_post_layout":"","_kad_post_sidebar_id":"","_kad_post_content_style":"","_kad_post_vertical_padding":"","_kad_post_feature":"","_kad_post_feature_position":"","_kad_post_header":false,"_kad_post_footer":false,"_kad_post_classname":"","_jetpack_memberships_contains_paid_content":false,"footnotes":"","jetpack_publicize_message":"","jetpack_publicize_feature_enabled":true,"jetpack_social_post_already_shared":true,"jetpack_social_options":{"image_generator_settings":{"template":"highway","default_image_id":0,"font":"","enabled":false},"version":2}},"categories":[903,906,1],"tags":[2238,1024,18020,2706,1302],"class_list":["post-17527","post","type-post","status-publish","format-standard","has-post-thumbnail","hentry","category-1970-1979","category-investigacion-temas","category-portada","tag-1976-77","tag-1024","tag-copa-1976-77","tag-hercules-cf","tag-jose-ramon-esnaola"],"jetpack_publicize_connections":[],"jetpack_featured_media_url":"https:\/\/i0.wp.com\/www.manquepierda.com\/historiarealbetis\/files\/2012\/02\/La-Copa-del-77-III-Iriondo-con-la-Copa.jpg?fit=889%2C702&ssl=1","jetpack_sharing_enabled":true,"jetpack_shortlink":"https:\/\/wp.me\/p1ij08-4yH","jetpack-related-posts":[],"_links":{"self":[{"href":"https:\/\/www.manquepierda.com\/historiarealbetis\/wp-json\/wp\/v2\/posts\/17527","targetHints":{"allow":["GET"]}}],"collection":[{"href":"https:\/\/www.manquepierda.com\/historiarealbetis\/wp-json\/wp\/v2\/posts"}],"about":[{"href":"https:\/\/www.manquepierda.com\/historiarealbetis\/wp-json\/wp\/v2\/types\/post"}],"author":[{"embeddable":true,"href":"https:\/\/www.manquepierda.com\/historiarealbetis\/wp-json\/wp\/v2\/users\/5"}],"replies":[{"embeddable":true,"href":"https:\/\/www.manquepierda.com\/historiarealbetis\/wp-json\/wp\/v2\/comments?post=17527"}],"version-history":[{"count":1,"href":"https:\/\/www.manquepierda.com\/historiarealbetis\/wp-json\/wp\/v2\/posts\/17527\/revisions"}],"predecessor-version":[{"id":96392,"href":"https:\/\/www.manquepierda.com\/historiarealbetis\/wp-json\/wp\/v2\/posts\/17527\/revisions\/96392"}],"wp:featuredmedia":[{"embeddable":true,"href":"https:\/\/www.manquepierda.com\/historiarealbetis\/wp-json\/wp\/v2\/media\/17529"}],"wp:attachment":[{"href":"https:\/\/www.manquepierda.com\/historiarealbetis\/wp-json\/wp\/v2\/media?parent=17527"}],"wp:term":[{"taxonomy":"category","embeddable":true,"href":"https:\/\/www.manquepierda.com\/historiarealbetis\/wp-json\/wp\/v2\/categories?post=17527"},{"taxonomy":"post_tag","embeddable":true,"href":"https:\/\/www.manquepierda.com\/historiarealbetis\/wp-json\/wp\/v2\/tags?post=17527"}],"curies":[{"name":"wp","href":"https:\/\/api.w.org\/{rel}","templated":true}]}}