{"id":17583,"date":"2012-02-29T06:14:16","date_gmt":"2012-02-29T05:14:16","guid":{"rendered":"http:\/\/www.manquepierda.com\/historiarealbetis\/?p=17583"},"modified":"2024-09-07T17:04:50","modified_gmt":"2024-09-07T15:04:50","slug":"plantilla-temporada-1990-91","status":"publish","type":"post","link":"https:\/\/www.manquepierda.com\/historiarealbetis\/plantilla-temporada-1990-91\/","title":{"rendered":"Plantilla del Betis temporada 1990-91"},"content":{"rendered":"<p style=\"text-align: center\"><a href=\"https:\/\/i0.wp.com\/www.manquepierda.com\/historiarealbetis\/files\/2012\/02\/plantilla-90-91.jpg?ssl=1\"><img data-recalc-dims=\"1\" loading=\"lazy\" decoding=\"async\" class=\"aligncenter wp-image-17585\" src=\"https:\/\/i0.wp.com\/www.manquepierda.com\/historiarealbetis\/files\/2012\/02\/plantilla-90-91.jpg?resize=574%2C365&#038;ssl=1\" alt=\"\" width=\"574\" height=\"365\" srcset=\"https:\/\/i0.wp.com\/www.manquepierda.com\/historiarealbetis\/files\/2012\/02\/plantilla-90-91.jpg?resize=1024%2C651&amp;ssl=1 1024w, https:\/\/i0.wp.com\/www.manquepierda.com\/historiarealbetis\/files\/2012\/02\/plantilla-90-91.jpg?resize=300%2C190&amp;ssl=1 300w, https:\/\/i0.wp.com\/www.manquepierda.com\/historiarealbetis\/files\/2012\/02\/plantilla-90-91.jpg?w=1311&amp;ssl=1 1311w\" sizes=\"auto, (max-width: 574px) 100vw, 574px\" \/><\/a><\/p>\n<p style=\"text-align: center\">Imagen de la presentaci\u00f3n de la plantilla celebrada el 17 de Julio\u00a0 de 1990.<\/p>\n<p style=\"text-align: center\">En la l\u00ednea de ariba: Trujillo, Miguel Angel I, Gail, Chano, Ure\u00f1a, Bravo y Fern\u00e1ndez. En la linea intermedia: Vicente Montiel (masajista), Vi\u00f1als, Mel, Job, Julio Carde\u00f1osa (entrenador), Hugo Galera (presidente), Diego Soto (preparador f\u00edsico), Miguel Angel II, Julio, Rub\u00e9n Bilbao y Pepe Mor\u00f3n; en la l\u00ednea de abajo: Rodolfo, Valent\u00edn, Abel, Recha, Zafra, Monsalvete y Le\u00f3n.<\/p>\n<p style=\"text-align: center\">Faltaron a la cita el meta argentino Pumpido, lesionado en el Mundial celebrado en Italia, y el Puma Rodr\u00edguez, que aleg\u00f3 problemas con la p\u00e9rdida del pasaporte y lleg\u00f3 casi una semana despu\u00e9s.\u00a0\u00a0 El d\u00eda 24\u00a0 se iniciar\u00eda la concentraci\u00f3n de pretemporada en la localidad gallega de Cabeza de Manzaneda.<\/p>\n","protected":false},"excerpt":{"rendered":"<p>Imagen de la presentaci\u00f3n de la plantilla celebrada el 17 de Julio\u00a0 de 1990. En la l\u00ednea de ariba: Trujillo, Miguel Angel I, Gail, Chano, Ure\u00f1a, Bravo y Fern\u00e1ndez. En la linea intermedia: Vicente Montiel (masajista), Vi\u00f1als, Mel, Job, Julio Carde\u00f1osa (entrenador), Hugo Galera (presidente), Diego Soto (preparador f\u00edsico), Miguel Angel II, Julio, Rub\u00e9n Bilbao&#8230;<\/p>\n","protected":false},"author":5,"featured_media":17585,"comment_status":"open","ping_status":"open","sticky":false,"template":"","format":"standard","meta":{"_kad_post_transparent":"","_kad_post_title":"","_kad_post_layout":"","_kad_post_sidebar_id":"","_kad_post_content_style":"","_kad_post_vertical_padding":"","_kad_post_feature":"","_kad_post_feature_position":"","_kad_post_header":false,"_kad_post_footer":false,"_kad_post_classname":"","_jetpack_memberships_contains_paid_content":false,"footnotes":"","jetpack_publicize_message":"","jetpack_publicize_feature_enabled":true,"jetpack_social_post_already_shared":false,"jetpack_social_options":{"image_generator_settings":{"template":"highway","default_image_id":0,"font":"","enabled":false},"version":2}},"categories":[905,1],"tags":[2421,4570,4572,2689,1357,1438,1609,9557,1148,12418,4006,4571,2688,1145,3849,15494,1155,1417,1127,1366,2687,2686,655,15899,1083,1373,1475,1606],"class_list":["post-17583","post","type-post","status-publish","format-standard","has-post-thumbnail","hentry","category-1990-1999","category-portada","tag-2421","tag-1990-91","tag-abel-carmona","tag-antonio-leon","tag-antonio-valentin","tag-carmelo-trujillo","tag-diego-soto","tag-estadio-benito-villamarin-presentacion","tag-francisco-javier-zafra","tag-hugo-galera","tag-jordi-vinyals","tag-jose-antonio-munoz-bravo","tag-jose-manuel-monsalvete","tag-jose-maria-alvarez-recha","tag-jose-maria-sanchez-job","tag-juan-antonio-urena","tag-julio-cardenosa","tag-julio-garcia","tag-luis-miguel-fernandez","tag-luis-miguel-gail","tag-miguel-angel-i-garcia","tag-miguel-angel-ii-martinez","tag-pepe-mel","tag-pepe-moron","tag-rodolfo-dapena","tag-ruben-bilbao","tag-sebastian-cruzado-chano","tag-vicente-montiel"],"jetpack_publicize_connections":[],"jetpack_featured_media_url":"https:\/\/i0.wp.com\/www.manquepierda.com\/historiarealbetis\/files\/2012\/02\/plantilla-90-91.jpg?fit=1311%2C834&ssl=1","jetpack_sharing_enabled":true,"jetpack_shortlink":"https:\/\/wp.me\/p1ij08-4zB","jetpack-related-posts":[],"_links":{"self":[{"href":"https:\/\/www.manquepierda.com\/historiarealbetis\/wp-json\/wp\/v2\/posts\/17583","targetHints":{"allow":["GET"]}}],"collection":[{"href":"https:\/\/www.manquepierda.com\/historiarealbetis\/wp-json\/wp\/v2\/posts"}],"about":[{"href":"https:\/\/www.manquepierda.com\/historiarealbetis\/wp-json\/wp\/v2\/types\/post"}],"author":[{"embeddable":true,"href":"https:\/\/www.manquepierda.com\/historiarealbetis\/wp-json\/wp\/v2\/users\/5"}],"replies":[{"embeddable":true,"href":"https:\/\/www.manquepierda.com\/historiarealbetis\/wp-json\/wp\/v2\/comments?post=17583"}],"version-history":[{"count":1,"href":"https:\/\/www.manquepierda.com\/historiarealbetis\/wp-json\/wp\/v2\/posts\/17583\/revisions"}],"predecessor-version":[{"id":97714,"href":"https:\/\/www.manquepierda.com\/historiarealbetis\/wp-json\/wp\/v2\/posts\/17583\/revisions\/97714"}],"wp:featuredmedia":[{"embeddable":true,"href":"https:\/\/www.manquepierda.com\/historiarealbetis\/wp-json\/wp\/v2\/media\/17585"}],"wp:attachment":[{"href":"https:\/\/www.manquepierda.com\/historiarealbetis\/wp-json\/wp\/v2\/media?parent=17583"}],"wp:term":[{"taxonomy":"category","embeddable":true,"href":"https:\/\/www.manquepierda.com\/historiarealbetis\/wp-json\/wp\/v2\/categories?post=17583"},{"taxonomy":"post_tag","embeddable":true,"href":"https:\/\/www.manquepierda.com\/historiarealbetis\/wp-json\/wp\/v2\/tags?post=17583"}],"curies":[{"name":"wp","href":"https:\/\/api.w.org\/{rel}","templated":true}]}}