{"id":17897,"date":"2012-03-14T06:59:32","date_gmt":"2012-03-14T05:59:32","guid":{"rendered":"http:\/\/www.manquepierda.com\/historiarealbetis\/?p=17897"},"modified":"2024-09-03T19:13:00","modified_gmt":"2024-09-03T17:13:00","slug":"rayo-vallecano-betis-liga-1970","status":"publish","type":"post","link":"https:\/\/www.manquepierda.com\/historiarealbetis\/rayo-vallecano-betis-liga-1970\/","title":{"rendered":"Rayo Vallecano-Betis Liga 1970"},"content":{"rendered":"<figure id=\"attachment_17899\" aria-describedby=\"caption-attachment-17899\" style=\"width: 334px\" class=\"wp-caption aligncenter\"><a href=\"https:\/\/i0.wp.com\/www.manquepierda.com\/historiarealbetis\/files\/2012\/03\/Rayo-Vallecano-Betis-Liga-1970-NMP-Madrid-14-12-1970.jpg?ssl=1\"><img data-recalc-dims=\"1\" loading=\"lazy\" decoding=\"async\" class=\"size-full wp-image-17899\" src=\"https:\/\/i0.wp.com\/www.manquepierda.com\/historiarealbetis\/files\/2012\/03\/Rayo-Vallecano-Betis-Liga-1970-NMP-Madrid-14-12-1970.jpg?resize=334%2C503&#038;ssl=1\" alt=\"\" width=\"334\" height=\"503\" srcset=\"https:\/\/i0.wp.com\/www.manquepierda.com\/historiarealbetis\/files\/2012\/03\/Rayo-Vallecano-Betis-Liga-1970-NMP-Madrid-14-12-1970.jpg?w=334&amp;ssl=1 334w, https:\/\/i0.wp.com\/www.manquepierda.com\/historiarealbetis\/files\/2012\/03\/Rayo-Vallecano-Betis-Liga-1970-NMP-Madrid-14-12-1970.jpg?resize=199%2C300&amp;ssl=1 199w\" sizes=\"auto, (max-width: 334px) 100vw, 334px\" \/><\/a><figcaption id=\"caption-attachment-17899\" class=\"wp-caption-text\">Fuente: Madrid 14 de Diciembre de 1970<\/figcaption><\/figure>\n<p>13 de Diciembre de 1970 en Vallecas\u00a0 Rayo Vallecano 0\u00a0 Betis 1; jornada 15 del Campeonato de Liga de Segunda Divisi\u00f3n.<\/p>\n<p>En un partido disputado un domingo por la ma\u00f1ana y con una espes\u00edsima niebla el Betis se impuso 0-1 en terreno vallecano, con un gol de Gonz\u00e1lez en el minuto 70. Con este resultado el Betis se aupaba a la primera posici\u00f3n de la tabla.<\/p>\n<p>En la imagen el guardameta b\u00e9tico Campos despeja de pu\u00f1os ante el delantero rayista Benito y el defensa b\u00e9tico Frigols.<\/p>\n<p>&nbsp;<\/p>\n<figure id=\"attachment_17900\" aria-describedby=\"caption-attachment-17900\" style=\"width: 567px\" class=\"wp-caption aligncenter\"><a href=\"https:\/\/i0.wp.com\/www.manquepierda.com\/historiarealbetis\/files\/2012\/03\/Rayo-Vallecano-Betis-Liga-1970-Saque-Lola-Flores-NMP-Madrid-14-12-1970.jpg?ssl=1\"><img data-recalc-dims=\"1\" loading=\"lazy\" decoding=\"async\" class=\"size-full wp-image-17900\" src=\"https:\/\/i0.wp.com\/www.manquepierda.com\/historiarealbetis\/files\/2012\/03\/Rayo-Vallecano-Betis-Liga-1970-Saque-Lola-Flores-NMP-Madrid-14-12-1970.jpg?resize=567%2C382&#038;ssl=1\" alt=\"\" width=\"567\" height=\"382\" srcset=\"https:\/\/i0.wp.com\/www.manquepierda.com\/historiarealbetis\/files\/2012\/03\/Rayo-Vallecano-Betis-Liga-1970-Saque-Lola-Flores-NMP-Madrid-14-12-1970.jpg?w=567&amp;ssl=1 567w, https:\/\/i0.wp.com\/www.manquepierda.com\/historiarealbetis\/files\/2012\/03\/Rayo-Vallecano-Betis-Liga-1970-Saque-Lola-Flores-NMP-Madrid-14-12-1970.jpg?resize=300%2C202&amp;ssl=1 300w\" sizes=\"auto, (max-width: 567px) 100vw, 567px\" \/><\/a><figcaption id=\"caption-attachment-17900\" class=\"wp-caption-text\">Fuente: Madrid 14 de Diciembre de 1970<\/figcaption><\/figure>\n<p>&nbsp;<\/p>\n<p>El saque de honor corri\u00f3 a cargo de la artista jerezana Lola Flores.<\/p>\n<p>Manuel Pe\u00f1alva entrenaba al Rayo Vallecano y Antonio Barrios al Betis<\/p>\n","protected":false},"excerpt":{"rendered":"<p>13 de Diciembre de 1970 en Vallecas\u00a0 Rayo Vallecano 0\u00a0 Betis 1; jornada 15 del Campeonato de Liga de Segunda Divisi\u00f3n. En un partido disputado un domingo por la ma\u00f1ana y con una espes\u00edsima niebla el Betis se impuso 0-1 en terreno vallecano, con un gol de Gonz\u00e1lez en el minuto 70. Con este resultado&#8230;<\/p>\n","protected":false},"author":5,"featured_media":17899,"comment_status":"open","ping_status":"open","sticky":false,"template":"","format":"standard","meta":{"_kad_post_transparent":"","_kad_post_title":"","_kad_post_layout":"","_kad_post_sidebar_id":"","_kad_post_content_style":"","_kad_post_vertical_padding":"","_kad_post_feature":"","_kad_post_feature_position":"","_kad_post_header":false,"_kad_post_footer":false,"_kad_post_classname":"","_jetpack_memberships_contains_paid_content":false,"footnotes":"","jetpack_publicize_message":"","jetpack_publicize_feature_enabled":true,"jetpack_social_post_already_shared":false,"jetpack_social_options":{"image_generator_settings":{"template":"highway","default_image_id":0,"font":"","enabled":false},"version":2}},"categories":[903,1],"tags":[4639,2225,16911,2457,17851,4640,709],"class_list":["post-17897","post","type-post","status-publish","format-standard","has-post-thumbnail","hentry","category-1970-1979","category-portada","tag-4639","tag-1970-71","tag-ad-rayo-vallecano","tag-francisco-frigols","tag-liga-segunda-1970-71","tag-lola-flores","tag-rayo-vallecano"],"jetpack_publicize_connections":[],"jetpack_featured_media_url":"https:\/\/i0.wp.com\/www.manquepierda.com\/historiarealbetis\/files\/2012\/03\/Rayo-Vallecano-Betis-Liga-1970-NMP-Madrid-14-12-1970.jpg?fit=334%2C503&ssl=1","jetpack_sharing_enabled":true,"jetpack_shortlink":"https:\/\/wp.me\/p1ij08-4EF","jetpack-related-posts":[],"_links":{"self":[{"href":"https:\/\/www.manquepierda.com\/historiarealbetis\/wp-json\/wp\/v2\/posts\/17897","targetHints":{"allow":["GET"]}}],"collection":[{"href":"https:\/\/www.manquepierda.com\/historiarealbetis\/wp-json\/wp\/v2\/posts"}],"about":[{"href":"https:\/\/www.manquepierda.com\/historiarealbetis\/wp-json\/wp\/v2\/types\/post"}],"author":[{"embeddable":true,"href":"https:\/\/www.manquepierda.com\/historiarealbetis\/wp-json\/wp\/v2\/users\/5"}],"replies":[{"embeddable":true,"href":"https:\/\/www.manquepierda.com\/historiarealbetis\/wp-json\/wp\/v2\/comments?post=17897"}],"version-history":[{"count":1,"href":"https:\/\/www.manquepierda.com\/historiarealbetis\/wp-json\/wp\/v2\/posts\/17897\/revisions"}],"predecessor-version":[{"id":98549,"href":"https:\/\/www.manquepierda.com\/historiarealbetis\/wp-json\/wp\/v2\/posts\/17897\/revisions\/98549"}],"wp:featuredmedia":[{"embeddable":true,"href":"https:\/\/www.manquepierda.com\/historiarealbetis\/wp-json\/wp\/v2\/media\/17899"}],"wp:attachment":[{"href":"https:\/\/www.manquepierda.com\/historiarealbetis\/wp-json\/wp\/v2\/media?parent=17897"}],"wp:term":[{"taxonomy":"category","embeddable":true,"href":"https:\/\/www.manquepierda.com\/historiarealbetis\/wp-json\/wp\/v2\/categories?post=17897"},{"taxonomy":"post_tag","embeddable":true,"href":"https:\/\/www.manquepierda.com\/historiarealbetis\/wp-json\/wp\/v2\/tags?post=17897"}],"curies":[{"name":"wp","href":"https:\/\/api.w.org\/{rel}","templated":true}]}}