{"id":17904,"date":"2012-03-12T06:52:45","date_gmt":"2012-03-12T05:52:45","guid":{"rendered":"http:\/\/www.manquepierda.com\/historiarealbetis\/?p=17904"},"modified":"2021-06-21T18:42:30","modified_gmt":"2021-06-21T16:42:30","slug":"entrevista-alfonso-jaramillo-el-juventud-balompie-1951","status":"publish","type":"post","link":"https:\/\/www.manquepierda.com\/historiarealbetis\/entrevista-alfonso-jaramillo-el-juventud-balompie-1951\/","title":{"rendered":"Entrevista Alfonso Jaramillo. El Juventud Balompi\u00e9. 1951"},"content":{"rendered":"<figure id=\"attachment_17905\" aria-describedby=\"caption-attachment-17905\" style=\"width: 459px\" class=\"wp-caption alignleft\"><a href=\"https:\/\/i0.wp.com\/www.manquepierda.com\/historiarealbetis\/files\/2012\/03\/Entrevista-Alfonso-Jaramillo.-El-Juventud-Balompi%C3%A9.-1951-NMP-Sevilla-16-05-1951.jpg?ssl=1\"><img data-recalc-dims=\"1\" loading=\"lazy\" decoding=\"async\" class=\"size-full wp-image-17905\" src=\"https:\/\/i0.wp.com\/www.manquepierda.com\/historiarealbetis\/files\/2012\/03\/Entrevista-Alfonso-Jaramillo.-El-Juventud-Balompi%C3%A9.-1951-NMP-Sevilla-16-05-1951.jpg?resize=459%2C247&#038;ssl=1\" alt=\"\" width=\"459\" height=\"247\" srcset=\"https:\/\/i0.wp.com\/www.manquepierda.com\/historiarealbetis\/files\/2012\/03\/Entrevista-Alfonso-Jaramillo.-El-Juventud-Balompi%C3%A9.-1951-NMP-Sevilla-16-05-1951.jpg?w=459&amp;ssl=1 459w, https:\/\/i0.wp.com\/www.manquepierda.com\/historiarealbetis\/files\/2012\/03\/Entrevista-Alfonso-Jaramillo.-El-Juventud-Balompi%C3%A9.-1951-NMP-Sevilla-16-05-1951.jpg?resize=300%2C161&amp;ssl=1 300w\" sizes=\"auto, (max-width: 459px) 100vw, 459px\" \/><\/a><figcaption id=\"caption-attachment-17905\" class=\"wp-caption-text\">Fuente: Sevilla 15 de Mayo de 1951<\/figcaption><\/figure>\n<p>En 1951 el filial del Betis, el Juventud Balompi\u00e9, milita en categor\u00eda regional y a final de la temporada disputa un liguilla de ascenso a Tercera Divisi\u00f3n junto a otros 5 equipos m\u00e1s: el Larache y el Algeciras, que pelean por mantener la categor\u00eda, y el Puerto Real, Villa Nador y la SD Tangerina que intentan, como el Juventud, ascender.<\/p>\n<p>El equipo lo integran jugadores que al poco tiempo formar\u00e1n parte del Betis: Espina, Portu, Gandul, Pe\u00f1afuerte, etc, junto a otros que no llegar\u00e1n como Berro, Ojeda, Valiente, Burger, Brihuega, Maldonado, etc.&nbsp; Los&nbsp; directivos en su gran mayor\u00eda son comunes con los del Betis en esos mismos a\u00f1os, aunque s\u00ed sabemos que los socios del Juventud lo eran espec\u00edficamente de este club, y que en esta temporada eran en torno a 250. Una cifra muy baja, por lo que dif\u00edcilmente se cubr\u00eda el presupuesto econ\u00f3mico, que ten\u00eda que ser incrementado continuamente con las aportaciones que los directivos hac\u00edan a fondo perdido. Esto ser\u00e1 una norma habitual tanto en el equipo filial como en el propio equipo titular.<\/p>\n<p>La liguilla en la que interviene el Juventud&nbsp; se juega en paralelo a la que por esas mismas fechas disputa el Betis con la intenci\u00f3n de subir a Segunda Divisi\u00f3n.<\/p>\n<p>Cuando se llevan disputadas 4 jornadas, la competici\u00f3n comenz\u00f3 el 21 de Abril, el Juventud, entrenado por Pepe Valera, marcha destacado y sus posibilidades de ascenso parecen evidentes. El 13 de Mayo el equipo desplazado a Melilla para enfrentarse al Villa Nador ha vencido rotundamente 0-3 y en el diario vespertino Sevilla se realiza esta entrevista a Alfonso Jaramillo, tesorero de la directiva b\u00e9tica y hombre muy ligado al equipo filial.<\/p>\n<p><a href=\"https:\/\/i0.wp.com\/www.manquepierda.com\/historiarealbetis\/files\/2012\/03\/Entrevista-Alfonso-Jaramillo.-El-Juventud-Balompi%C3%A9.-1951-NMP-Sevilla-16-05-1951-1.jpg?ssl=1\"><img data-recalc-dims=\"1\" loading=\"lazy\" decoding=\"async\" class=\" size-full wp-image-17906 alignright\" src=\"https:\/\/i0.wp.com\/www.manquepierda.com\/historiarealbetis\/files\/2012\/03\/Entrevista-Alfonso-Jaramillo.-El-Juventud-Balompi%C3%A9.-1951-NMP-Sevilla-16-05-1951-1.jpg?resize=466%2C202&#038;ssl=1\" alt=\"\" width=\"466\" height=\"202\" srcset=\"https:\/\/i0.wp.com\/www.manquepierda.com\/historiarealbetis\/files\/2012\/03\/Entrevista-Alfonso-Jaramillo.-El-Juventud-Balompi%C3%A9.-1951-NMP-Sevilla-16-05-1951-1.jpg?w=466&amp;ssl=1 466w, https:\/\/i0.wp.com\/www.manquepierda.com\/historiarealbetis\/files\/2012\/03\/Entrevista-Alfonso-Jaramillo.-El-Juventud-Balompi%C3%A9.-1951-NMP-Sevilla-16-05-1951-1.jpg?resize=300%2C130&amp;ssl=1 300w\" sizes=\"auto, (max-width: 466px) 100vw, 466px\" \/><\/a><\/p>\n<h2>La entrevista<\/h2>\n<p><span style=\"color: #008000\"><em>Magn\u00edfica la haza\u00f1a del Juventud al vencer rotundamente al Villa Nador en su propio terreno. Estos dos puntos positivos le sit\u00faan en un privilegiado puesto en la clasificaci\u00f3n, y hoy por hoy cuenta con las m\u00e1ximas probabilidades&nbsp; de ascender a Tercera Divisi\u00f3n.<\/em><\/span><\/p>\n<p><span style=\"color: #008000\"><em>En la Secretar\u00eda del Club reina la euforia. Con <strong>Don Alfonso Jaramillo<\/strong>, tesorero, se inicia la conversaci\u00f3n. <\/em><\/span><\/p>\n<ul>\n<li><span style=\"color: #008000\"><em><strong>P. <\/strong>\u00bfHay mucho dinero en caja?&nbsp;<strong>R.<\/strong> Nunca ha estado m\u00e1s vac\u00eda. Primero, el desplazamiento a Algeciras, y despu\u00e9s \u00e9sta a Melilla.<\/em><\/span><\/li>\n<li><span style=\"color: #008000\"><em><strong>P.<\/strong> \u00bfA cu\u00e1nto ha ascendido en total?&nbsp;<strong>R.&nbsp;<\/strong>Ha rebasado las treinta mil pesetas.<\/em><\/span><\/li>\n<li><span style=\"color: #008000\"><em><strong>P.<\/strong> \u00bfDe d\u00f3nde salieron las \u201cperras\u201d?&nbsp;<strong>R.<\/strong> Los directivos aportamos un poco cada uno.&nbsp;<\/em><\/span><\/li>\n<li><span style=\"color: #008000\"><em><strong>P.<\/strong> Ahora viene la \u00e9poca de las vacas gordas\u2026&nbsp;<strong>R.&nbsp;<\/strong>Esperamos que la afici\u00f3n acuda en cantidad al campo<\/em><\/span><\/li>\n<li><span style=\"color: #008000\"><em><strong>P.<\/strong> \u00bfEs muy elevada la n\u00f3mina del Club?&nbsp;<strong>R.&nbsp;<\/strong> Todos los del Juventud son aficionados. Algunos, debido a sus ocupaciones, no pudieron desplazarse a Melilla.<\/em><\/span><\/li>\n<li><span style=\"color: #008000\"><em><strong>P.<\/strong> \u00bfQui\u00e9nes son esos?&nbsp;<strong>R.&nbsp;<\/strong>Los hermanos Valiente, Morilla, Rom\u00e1n.<\/em><\/span><\/li>\n<li><span style=\"color: #008000\"><em><strong>P.<\/strong> \u00bfA qu\u00e9 atribuye usted los triunfos del Juventud?&nbsp;<strong>R.<\/strong> Sin duda alguna, al entusiasmo que derrochan en cada partido.<\/em><\/span><\/li>\n<li><span style=\"color: #008000\"><em><strong>P.<\/strong> \u00bfContento con Valera como entrenador?&nbsp;<strong>R.<\/strong> Mucho. Se ha revelado como un excelente preparador, pese a no militar en el campo profesional.<\/em><\/span><\/li>\n<li><span style=\"color: #008000\"><em><strong>P.<\/strong> Ded\u00edquele un elogio\u2026&nbsp;<strong>R.<\/strong> La actual posici\u00f3n del Juventud en la liguilla de ascenso es el mayor elogio que puede recibir.<\/em><\/span><\/li>\n<li><span style=\"color: #008000\"><em><strong>P.<\/strong> \u00bfCree que ascender\u00e1 el equipo?&nbsp;<strong>R.<\/strong> Nuestras aspiraciones son esas.<\/em><\/span><\/li>\n<li><span style=\"color: #008000\"><em><strong>P.<\/strong> \u00bfHabr\u00e1 nuevos fichajes entonces?&nbsp;<strong>R.<\/strong> No. Creo suficientemente capacitados para jugar en Tercera a quienes hoy visten el camisol\u00edn del Club.<\/em><\/span><\/li>\n<li><span style=\"color: #008000\"><em><strong>P.<\/strong> \u00bfQui\u00e9nes se enfrentar\u00e1n el domingo al Larache?&nbsp;<strong>R.<\/strong> Eso compete a Valera.<\/em><\/span><\/li>\n<li><span style=\"color: #008000\"><em><strong>P.<\/strong> \u00bfUsted no vislumbra nada?&nbsp;<strong>R.&nbsp;<\/strong>Hombre, posiblemente ser\u00e1 el equipo de siempre el que salga a jugar.<\/em><\/span><\/li>\n<li><span style=\"color: #008000\"><em><strong>P.<\/strong> \u00bfEspera buena taquilla?&nbsp;<strong>R.&nbsp;<\/strong>La esperamos y la deseamos. No s\u00f3lo con &nbsp;sacrificios de los jugadores se hace todo. Hace falta dinero.<\/em><\/span><\/li>\n<li><span style=\"color: #008000\"><em><strong>P.<\/strong> \u00bfHabr\u00e1 homenaje al equipo si se clasifica?&nbsp;<strong>R.&nbsp;<\/strong>Desde luego, aunque ya se lo tiene ganado.<\/em><\/span><\/li>\n<li><span style=\"color: #008000\"><em><strong>P.<\/strong> \u00bfUsted no se merece otro homenaje?&nbsp;<strong>R.&nbsp;<\/strong>Bien poco he hecho. El verdadero h\u00e9roe, esta es la palabra justa, es don Juan Nadal, alma y vida del Club. Otro entusiasta, don Francisco Calleja, vicepresidente, y\u2026<\/em><\/span><\/li>\n<li><span style=\"color: #008000\"><em><strong>P.<\/strong> Nada, nada. Homenaje a Directiva y jugadores&nbsp;<strong>R.&nbsp;<\/strong> Lo que deseamos es la ayuda de la afici\u00f3n<\/em><\/span><\/li>\n<li><span style=\"color: #008000\"><em><strong>P.<\/strong> La tendr\u00e1n, no lo dude&nbsp;<strong>R.&nbsp;<\/strong> \u00a1Ojal\u00e1 no se equivoque\u00a1 &nbsp;&nbsp;<\/em><\/span><\/li>\n<\/ul>\n","protected":false},"excerpt":{"rendered":"<p>En 1951 el filial del Betis, el Juventud Balompi\u00e9, milita en categor\u00eda regional y a final de la temporada disputa un liguilla de ascenso a Tercera Divisi\u00f3n junto a otros 5 equipos m\u00e1s: el Larache y el Algeciras, que pelean por mantener la categor\u00eda, y el Puerto Real, Villa Nador y la SD Tangerina que&#8230;<\/p>\n","protected":false},"author":5,"featured_media":17905,"comment_status":"open","ping_status":"open","sticky":false,"template":"","format":"standard","meta":{"_kad_post_transparent":"","_kad_post_title":"","_kad_post_layout":"","_kad_post_sidebar_id":"","_kad_post_content_style":"","_kad_post_vertical_padding":"","_kad_post_feature":"","_kad_post_feature_position":"","_kad_post_header":false,"_kad_post_footer":false,"_kad_post_classname":"","_jetpack_memberships_contains_paid_content":false,"footnotes":"","jetpack_publicize_message":"","jetpack_publicize_feature_enabled":true,"jetpack_social_post_already_shared":false,"jetpack_social_options":{"image_generator_settings":{"template":"highway","default_image_id":0,"font":"","enabled":false},"version":2}},"categories":[901,17191,891,1],"tags":[4641,53,919,4642],"class_list":["post-17904","post","type-post","status-publish","format-standard","has-post-thumbnail","hentry","category-1950-1959","category-cantera","category-directivos-temas","category-portada","tag-1950-51","tag-53","tag-alfonso-jaramillo","tag-juventud-balompie"],"jetpack_publicize_connections":[],"jetpack_featured_media_url":"https:\/\/i0.wp.com\/www.manquepierda.com\/historiarealbetis\/files\/2012\/03\/Entrevista-Alfonso-Jaramillo.-El-Juventud-Balompi%C3%A9.-1951-NMP-Sevilla-16-05-1951.jpg?fit=459%2C247&ssl=1","jetpack_sharing_enabled":true,"jetpack_shortlink":"https:\/\/wp.me\/p1ij08-4EM","jetpack-related-posts":[],"_links":{"self":[{"href":"https:\/\/www.manquepierda.com\/historiarealbetis\/wp-json\/wp\/v2\/posts\/17904","targetHints":{"allow":["GET"]}}],"collection":[{"href":"https:\/\/www.manquepierda.com\/historiarealbetis\/wp-json\/wp\/v2\/posts"}],"about":[{"href":"https:\/\/www.manquepierda.com\/historiarealbetis\/wp-json\/wp\/v2\/types\/post"}],"author":[{"embeddable":true,"href":"https:\/\/www.manquepierda.com\/historiarealbetis\/wp-json\/wp\/v2\/users\/5"}],"replies":[{"embeddable":true,"href":"https:\/\/www.manquepierda.com\/historiarealbetis\/wp-json\/wp\/v2\/comments?post=17904"}],"version-history":[{"count":0,"href":"https:\/\/www.manquepierda.com\/historiarealbetis\/wp-json\/wp\/v2\/posts\/17904\/revisions"}],"wp:featuredmedia":[{"embeddable":true,"href":"https:\/\/www.manquepierda.com\/historiarealbetis\/wp-json\/wp\/v2\/media\/17905"}],"wp:attachment":[{"href":"https:\/\/www.manquepierda.com\/historiarealbetis\/wp-json\/wp\/v2\/media?parent=17904"}],"wp:term":[{"taxonomy":"category","embeddable":true,"href":"https:\/\/www.manquepierda.com\/historiarealbetis\/wp-json\/wp\/v2\/categories?post=17904"},{"taxonomy":"post_tag","embeddable":true,"href":"https:\/\/www.manquepierda.com\/historiarealbetis\/wp-json\/wp\/v2\/tags?post=17904"}],"curies":[{"name":"wp","href":"https:\/\/api.w.org\/{rel}","templated":true}]}}