{"id":18042,"date":"2012-04-03T06:57:07","date_gmt":"2012-04-03T05:57:07","guid":{"rendered":"http:\/\/www.manquepierda.com\/historiarealbetis\/?p=18042"},"modified":"2026-08-16T20:15:26","modified_gmt":"2026-08-16T18:15:26","slug":"alineacion-betis-os-belenenses-trofeo-ciudad-de-la-linea-1973","status":"publish","type":"post","link":"https:\/\/www.manquepierda.com\/historiarealbetis\/alineacion-betis-os-belenenses-trofeo-ciudad-de-la-linea-1973\/","title":{"rendered":"Alineaci\u00f3n Betis-Eintracht Frankfurt Trofeo Ciudad de La L\u00ednea 1973"},"content":{"rendered":"<div class=\"wp-block-image\">\n<figure class=\"aligncenter size-full\"><img data-recalc-dims=\"1\" loading=\"lazy\" decoding=\"async\" width=\"526\" height=\"351\" src=\"https:\/\/i0.wp.com\/www.manquepierda.com\/historiarealbetis\/files\/2012\/04\/Alineacion-Betis-Eintracht-Frankfurt-Trofeo-Ciudad-La-Linea-1973-NMP-ABC-7-8-1973_edited.jpg?resize=526%2C351&#038;ssl=1\" alt=\"\" class=\"wp-image-110091\" srcset=\"https:\/\/i0.wp.com\/www.manquepierda.com\/historiarealbetis\/files\/2012\/04\/Alineacion-Betis-Eintracht-Frankfurt-Trofeo-Ciudad-La-Linea-1973-NMP-ABC-7-8-1973_edited.jpg?w=526&amp;ssl=1 526w, https:\/\/i0.wp.com\/www.manquepierda.com\/historiarealbetis\/files\/2012\/04\/Alineacion-Betis-Eintracht-Frankfurt-Trofeo-Ciudad-La-Linea-1973-NMP-ABC-7-8-1973_edited.jpg?resize=220%2C147&amp;ssl=1 220w\" sizes=\"auto, (max-width: 526px) 100vw, 526px\" \/><\/figure>\n<\/div>\n\n<p>\u00a0<\/p>\n<p>4 de Agosto de 1973 en el estadio Jos\u00e9 Antonio\u00a0 Betis 0 \u00a0Eintracht Frankfurt 0 ; semifinal del IV Trofeo Ciudad de La L\u00ednea.<\/p>\n<p>En la imagen: Rogelio, Jenaro, Bizcocho, Biosca, Nebot, Esnaola, Sabat\u00e9, Del Pozo, Ben\u00edtez, Olmedo y Telech\u00eda.<\/p>\n<p>\u00a0<\/p>\n<p>En la tanda decisiva de penaltis Esnaola par\u00f3 un lanzamiento dando al Betis el trofeo.<\/p>\n<p>Ferenc Szusza entrenaba al Betis y Dietrich Weise al Eintracht Frankfurt<\/p>","protected":false},"excerpt":{"rendered":"<p>\u00a0 4 de Agosto de 1973 en el estadio Jos\u00e9 Antonio\u00a0 Betis 0 \u00a0Eintracht Frankfurt 0 ; semifinal del IV Trofeo Ciudad de La L\u00ednea. En la imagen: Rogelio, Jenaro, Bizcocho, Biosca, Nebot, Esnaola, Sabat\u00e9, Del Pozo, Ben\u00edtez, Olmedo y Telech\u00eda. \u00a0 En la tanda decisiva de penaltis Esnaola par\u00f3 un lanzamiento dando al Betis&#8230;<\/p>\n","protected":false},"author":5,"featured_media":110091,"comment_status":"open","ping_status":"open","sticky":false,"template":"","format":"standard","meta":{"_kad_post_transparent":"","_kad_post_title":"","_kad_post_layout":"","_kad_post_sidebar_id":"","_kad_post_content_style":"","_kad_post_vertical_padding":"","_kad_post_feature":"","_kad_post_feature_position":"","_kad_post_header":false,"_kad_post_footer":false,"_kad_post_classname":"","_jetpack_newsletter_access":"","_jetpack_dont_email_post_to_subs":false,"_jetpack_newsletter_tier_id":0,"_jetpack_memberships_contains_paywalled_content":false,"_jetpack_feature_clip_id":0,"_jetpack_memberships_contains_paid_content":false,"footnotes":"","jetpack_publicize_message":"","jetpack_publicize_feature_enabled":true,"jetpack_social_post_already_shared":false,"jetpack_social_options":{"image_generator_settings":{"template":"highway","default_image_id":0,"font":"","enabled":false},"version":2},"jetpack_post_was_ever_published":false},"categories":[903,1,2064],"tags":[56,2226,1120,1157,16803,1245,2086,17838,1304,3280,3098,3283,1302,1123,1396],"class_list":["post-18042","post","type-post","status-publish","format-standard","has-post-thumbnail","hentry","category-1970-1979","category-portada","category-trofeos-de-verano","tag-56","tag-1973-74","tag-antonio-benitez","tag-antonio-biosca","tag-eintracht-frankfurt","tag-francisco-bizcocho","tag-francisco-telechia","tag-iv-trofeo-ciudad-de-la-linea","tag-jaume-sabate","tag-jenaro-roig","tag-jorge-olmedo","tag-jose-nebot","tag-jose-ramon-esnaola","tag-rafael-del-pozo","tag-rogelio-sosa"],"jetpack_publicize_connections":[],"jetpack_sharing_enabled":true,"jetpack_shortlink":"https:\/\/wp.me\/p1ij08-4H0","jetpack-related-posts":[],"jetpack_featured_media_url":"https:\/\/i0.wp.com\/www.manquepierda.com\/historiarealbetis\/files\/2012\/04\/Alineacion-Betis-Eintracht-Frankfurt-Trofeo-Ciudad-La-Linea-1973-NMP-ABC-7-8-1973_edited.jpg?fit=526%2C351&ssl=1","_links":{"self":[{"href":"https:\/\/www.manquepierda.com\/historiarealbetis\/wp-json\/wp\/v2\/posts\/18042","targetHints":{"allow":["GET"]}}],"collection":[{"href":"https:\/\/www.manquepierda.com\/historiarealbetis\/wp-json\/wp\/v2\/posts"}],"about":[{"href":"https:\/\/www.manquepierda.com\/historiarealbetis\/wp-json\/wp\/v2\/types\/post"}],"author":[{"embeddable":true,"href":"https:\/\/www.manquepierda.com\/historiarealbetis\/wp-json\/wp\/v2\/users\/5"}],"replies":[{"embeddable":true,"href":"https:\/\/www.manquepierda.com\/historiarealbetis\/wp-json\/wp\/v2\/comments?post=18042"}],"version-history":[{"count":3,"href":"https:\/\/www.manquepierda.com\/historiarealbetis\/wp-json\/wp\/v2\/posts\/18042\/revisions"}],"predecessor-version":[{"id":110092,"href":"https:\/\/www.manquepierda.com\/historiarealbetis\/wp-json\/wp\/v2\/posts\/18042\/revisions\/110092"}],"wp:featuredmedia":[{"embeddable":true,"href":"https:\/\/www.manquepierda.com\/historiarealbetis\/wp-json\/wp\/v2\/media\/110091"}],"wp:attachment":[{"href":"https:\/\/www.manquepierda.com\/historiarealbetis\/wp-json\/wp\/v2\/media?parent=18042"}],"wp:term":[{"taxonomy":"category","embeddable":true,"href":"https:\/\/www.manquepierda.com\/historiarealbetis\/wp-json\/wp\/v2\/categories?post=18042"},{"taxonomy":"post_tag","embeddable":true,"href":"https:\/\/www.manquepierda.com\/historiarealbetis\/wp-json\/wp\/v2\/tags?post=18042"}],"curies":[{"name":"wp","href":"https:\/\/api.w.org\/{rel}","templated":true}]}}