{"id":18398,"date":"2012-04-09T19:10:57","date_gmt":"2012-04-09T18:10:57","guid":{"rendered":"http:\/\/www.manquepierda.com\/historiarealbetis\/?p=18398"},"modified":"2024-09-01T12:54:56","modified_gmt":"2024-09-01T10:54:56","slug":"1934-febrero-11-liga-1ad-arenas-de-guecho-0-vs-betis-balompie-1","status":"publish","type":"post","link":"https:\/\/www.manquepierda.com\/historiarealbetis\/1934-febrero-11-liga-1ad-arenas-de-guecho-0-vs-betis-balompie-1\/","title":{"rendered":"1934-Febrero 11-Liga 1\u00aaD: Arenas de Guecho-0 vs. Betis Balompi\u00e9-1"},"content":{"rendered":"<p style=\"text-align: center\"><a href=\"https:\/\/i0.wp.com\/www.manquepierda.com\/historiarealbetis\/files\/2012\/04\/Ibaiondo.jpg?ssl=1\"><img data-recalc-dims=\"1\" loading=\"lazy\" decoding=\"async\" class=\"aligncenter size-medium wp-image-18399\" src=\"https:\/\/i0.wp.com\/www.manquepierda.com\/historiarealbetis\/files\/2012\/04\/Ibaiondo.jpg?resize=300%2C80&#038;ssl=1\" alt=\"\" width=\"300\" height=\"80\" srcset=\"https:\/\/i0.wp.com\/www.manquepierda.com\/historiarealbetis\/files\/2012\/04\/Ibaiondo.jpg?resize=300%2C80&amp;ssl=1 300w, https:\/\/i0.wp.com\/www.manquepierda.com\/historiarealbetis\/files\/2012\/04\/Ibaiondo.jpg?resize=1024%2C273&amp;ssl=1 1024w, https:\/\/i0.wp.com\/www.manquepierda.com\/historiarealbetis\/files\/2012\/04\/Ibaiondo.jpg?w=1440&amp;ssl=1 1440w\" sizes=\"auto, (max-width: 300px) 100vw, 300px\" \/><\/a><strong><em>0-1, primer tiempo:<\/em><\/strong><\/p>\n<p><strong><em>Un cabezazo de UNAMUNO puso el esf\u00e9rico a los pies de Sim\u00f3n LECUE, que de un \u00abch\u00fa\u00bb por alto bati\u00f3 a ALLENDE\u00bb.-<\/em><\/strong>Foto Espinar (\u00abCr\u00f3nica\u00bb).<\/p>\n<p style=\"text-align: left\"><a href=\"https:\/\/i0.wp.com\/www.manquepierda.com\/historiarealbetis\/files\/2012\/04\/Ibaiondo-001.jpg?ssl=1\"><img data-recalc-dims=\"1\" loading=\"lazy\" decoding=\"async\" class=\"aligncenter size-medium wp-image-18406\" src=\"https:\/\/i0.wp.com\/www.manquepierda.com\/historiarealbetis\/files\/2012\/04\/Ibaiondo-001.jpg?resize=253%2C300&#038;ssl=1\" alt=\"\" width=\"253\" height=\"300\" srcset=\"https:\/\/i0.wp.com\/www.manquepierda.com\/historiarealbetis\/files\/2012\/04\/Ibaiondo-001.jpg?resize=253%2C300&amp;ssl=1 253w, https:\/\/i0.wp.com\/www.manquepierda.com\/historiarealbetis\/files\/2012\/04\/Ibaiondo-001.jpg?w=784&amp;ssl=1 784w\" sizes=\"auto, (max-width: 253px) 100vw, 253px\" \/><\/a>\u00abEn la segunda parte se desarroll\u00f3 un juego muy violento.\u00a0 Lo que se ve en la imagen es al guardameta ALLENDE y un jugador b\u00e9tico;\u00a0 y la expulsi\u00f3n de uno de los jugadores fueron consecuencia de ello\u00bb.-Foto Amado (ABC).<\/p>\n<p style=\"text-align: left\"><strong>15\u00aa Jornada Liga Primera Divisi\u00f3n 1933-1934.-Ibaiondo domingo 11 de Febrero de 1934, poco p\u00fablico en los grader\u00edos.<em>***\u00bbTan s\u00f3lo el Betis Balompi\u00e9 consigui\u00f3 vencer en campo contrario<\/em><\/strong>\u00ab.<\/p>\n<p style=\"text-align: center\"><strong>Arbitr\u00f3 el Colegiado Castellano:\u00a0 Ezequiel Montero Ram\u00f3n.<br \/>\n<\/strong><\/p>\n<p style=\"text-align: center\"><a href=\"https:\/\/i0.wp.com\/www.manquepierda.com\/historiarealbetis\/files\/2012\/04\/150px-Arenas_Club.png?ssl=1\"><img data-recalc-dims=\"1\" loading=\"lazy\" decoding=\"async\" class=\"aligncenter size-full wp-image-18402\" src=\"https:\/\/i0.wp.com\/www.manquepierda.com\/historiarealbetis\/files\/2012\/04\/150px-Arenas_Club.png?resize=150%2C173&#038;ssl=1\" alt=\"\" width=\"150\" height=\"173\" \/><\/a><strong>Arenas Club de Guecho<\/strong> (Fundado en 1909)<strong>-0 goals.<\/strong><\/p>\n<p><strong>Entrenador: Jos\u00e9 Planas Art\u00e9s:<\/strong><\/p>\n<p><strong>Antonio ALLENDE P\u00e9rez;\u00a0 Francisco EGUSQUIAGUIRE Ulacia,\u00a0 Rom\u00e1n ARRIETA Llona,\u00a0 Mart\u00edn CALVO Labarga;\u00a0 Jos\u00e9 URRESTI Urquiza,\u00a0 Emilio P\u00c9REZ Fern\u00e1ndez;\u00a0 Pedro Antonio HELGUERA Portillo,\u00a0 Javier RIVERO Urgarte,\u00a0 Jos\u00e9 Mar\u00eda YERMO Solaegui,\u00a0 ECHEAND\u00cdA\u00a0 y\u00a0 Pedro URQUIZA Aristi.<\/strong><\/p>\n<p><strong><em>Vs.<\/em><\/strong><\/p>\n<p style=\"text-align: center\"><strong><em><\/em><em>BETIS BALOMPI\u00c9-1 Goal.<\/em><\/strong><\/p>\n<p style=\"text-align: center\"><a href=\"https:\/\/i0.wp.com\/www.manquepierda.com\/historiarealbetis\/files\/2012\/04\/Antonio-Moreno-Sevillano.jpg?ssl=1\"><img data-recalc-dims=\"1\" loading=\"lazy\" decoding=\"async\" class=\"aligncenter size-medium wp-image-18404\" src=\"https:\/\/i0.wp.com\/www.manquepierda.com\/historiarealbetis\/files\/2012\/04\/Antonio-Moreno-Sevillano.jpg?resize=230%2C300&#038;ssl=1\" alt=\"\" width=\"230\" height=\"300\" srcset=\"https:\/\/i0.wp.com\/www.manquepierda.com\/historiarealbetis\/files\/2012\/04\/Antonio-Moreno-Sevillano.jpg?resize=230%2C300&amp;ssl=1 230w, https:\/\/i0.wp.com\/www.manquepierda.com\/historiarealbetis\/files\/2012\/04\/Antonio-Moreno-Sevillano.jpg?w=480&amp;ssl=1 480w\" sizes=\"auto, (max-width: 230px) 100vw, 230px\" \/><\/a><strong><em>Presidente, don Antonio Moreno Sevillano.<\/em><\/strong><\/p>\n<p style=\"text-align: center\"><a href=\"https:\/\/i0.wp.com\/www.manquepierda.com\/historiarealbetis\/files\/2012\/04\/POconnell.jpg?ssl=1\"><img data-recalc-dims=\"1\" loading=\"lazy\" decoding=\"async\" class=\"aligncenter size-full wp-image-18405\" src=\"https:\/\/i0.wp.com\/www.manquepierda.com\/historiarealbetis\/files\/2012\/04\/POconnell.jpg?resize=200%2C140&#038;ssl=1\" alt=\"\" width=\"200\" height=\"140\" \/><\/a><strong><em>Entrenador, Mr. Patrick Joseph O&#8217;Connell.<\/em><\/strong><\/p>\n<p style=\"text-align: center\"><a href=\"https:\/\/i0.wp.com\/www.manquepierda.com\/historiarealbetis\/files\/2012\/04\/Sim%C3%B3n-Lecue-Andrade.jpg?ssl=1\"><img data-recalc-dims=\"1\" loading=\"lazy\" decoding=\"async\" class=\"aligncenter size-full wp-image-18412\" src=\"https:\/\/i0.wp.com\/www.manquepierda.com\/historiarealbetis\/files\/2012\/04\/Sim%C3%B3n-Lecue-Andrade.jpg?resize=200%2C288&#038;ssl=1\" alt=\"\" width=\"200\" height=\"288\" \/><\/a><strong><em>0-1, primer tiempo: Sim\u00f3n LECUE Andrade.<\/em><\/strong><\/p>\n<p style=\"text-align: left\"><strong><em>Joaqu\u00edn URQUIAGA Legarburu;\u00a0 Salvador ARQUETA Echevarr\u00eda,\u00a0 Seraf\u00edn AEDO Renieblas,\u00a0 SU\u00c1REZ;\u00a0 Enrique SOLADRERO Arbide,\u00a0 Rufino Fern\u00e1ndez de LARRINOA Magunaurrekoetxea;\u00a0 SARO-\u00c1ngel Mart\u00edn Rodr\u00edguez,\u00a0 ADOLFO II-Adolfo Mart\u00edn Gonz\u00e1lez,\u00a0 Victorio UNAMUNO Ibarzabal,\u00a0 Sim\u00f3n LECUE Andrade\u00a0 y\u00a0 ENRIQUE Garrido Reguera.<\/em><\/strong><\/p>\n<p style=\"text-align: center\"><strong>15\u00aa Jornada Primera Divisi\u00f3n 1933-1934.-Clasificaci\u00f3n General:<\/strong><\/p>\n<p style=\"text-align: left\"><strong>01\u00ba-Athl\u00e9tic Club de Bilbao-20 Puntos.-9G-2E-4P.-55-23 Goles Favor-Contra.<\/strong><\/p>\n<p style=\"text-align: left\"><strong>02\u00ba-Madrid CF-19 Puntos.-9G-1E-5P.-33-24 Tantos Favor-Contra.<\/strong><\/p>\n<p style=\"text-align: left\"><strong>03\u00ba-Donostia FC de San Sebasti\u00e1n-16 Puntos.-6G-4E-5P.-23-26 Goles Favor-Contra.<\/strong><\/p>\n<p style=\"text-align: left\"><strong>04\u00ba-Valencia CF-15 Puntos (1 partido menos jugado).-7G-1E-6P.-25-27 Tantos Favor-Contra.<\/strong><\/p>\n<p style=\"text-align: left\"><strong>05\u00ba-Racing Club de\u00a0 Santander-15 Puntos.-7G-1E-7P.-32-34 Goles Favor-Contra.<\/strong><\/p>\n<p style=\"text-align: left\"><strong><em>06\u00ba-BETIS BALOMPI\u00c9-15 PUNTOS.-15 Partidos Jugados:\u00a0 7-Ganados,\u00a0 1-Empatado\u00a0 y\u00a0 7-Perdidos.-24 Goles a Favor\u00a0 y\u00a0 32 Tantos en Contra.<\/em><\/strong><\/p>\n<p style=\"text-align: left\"><strong><em><\/em>07\u00ba-FC Barcelona-14 Puntos.-7-G-0E-8P.-39-35 Tantos Favor-Contra,<\/strong><\/p>\n<p style=\"text-align: left\"><strong>08\u00ba-Club Deportivo Espa\u00f1ol-13 Puntos.-6G-1E-8P.-35-37 Goles Favor-Contra.<\/strong><\/p>\n<p style=\"text-align: left\"><strong>09\u00ba-Oviedo CF-12 Puntos (1 partido menos jugado).-5G-2E-7P.-33-38 Tantos Favor-Contra.<\/strong><\/p>\n<p style=\"text-align: left\"><strong>10\u00ba-Arenas Club de Guecho-9 Puntos.-3-Ganados,\u00a0 3-Empatados\u00a0 y\u00a0 9 Perdidos.-17-40 Goles Favor-Contra.<\/strong><\/p>\n<p>&nbsp;<\/p>\n<p>&nbsp;<\/p>\n","protected":false},"excerpt":{"rendered":"<p>0-1, primer tiempo: Un cabezazo de UNAMUNO puso el esf\u00e9rico a los pies de Sim\u00f3n LECUE, que de un \u00abch\u00fa\u00bb por alto bati\u00f3 a ALLENDE\u00bb.-Foto Espinar (\u00abCr\u00f3nica\u00bb). \u00abEn la segunda parte se desarroll\u00f3 un juego muy violento.\u00a0 Lo que se ve en la imagen es al guardameta ALLENDE y un jugador b\u00e9tico;\u00a0 y la expulsi\u00f3n&#8230;<\/p>\n","protected":false},"author":48,"featured_media":18399,"comment_status":"open","ping_status":"open","sticky":false,"template":"","format":"standard","meta":{"_kad_post_transparent":"","_kad_post_title":"","_kad_post_layout":"","_kad_post_sidebar_id":"","_kad_post_content_style":"","_kad_post_vertical_padding":"","_kad_post_feature":"","_kad_post_feature_position":"","_kad_post_header":false,"_kad_post_footer":false,"_kad_post_classname":"","_jetpack_memberships_contains_paid_content":false,"footnotes":"","jetpack_publicize_message":"","jetpack_publicize_feature_enabled":true,"jetpack_social_post_already_shared":false,"jetpack_social_options":{"image_generator_settings":{"template":"highway","default_image_id":0,"font":"","enabled":false},"version":2}},"categories":[899,1],"tags":[2242,1536,11765,17828],"class_list":["post-18398","post","type-post","status-publish","format-standard","has-post-thumbnail","hentry","category-1930-1939","category-portada","tag-1933-34","tag-1536","tag-arenas-club-de-getxo","tag-liga-primera-1933-34"],"jetpack_publicize_connections":[],"jetpack_featured_media_url":"https:\/\/i0.wp.com\/www.manquepierda.com\/historiarealbetis\/files\/2012\/04\/Ibaiondo.jpg?fit=1440%2C384&ssl=1","jetpack_sharing_enabled":true,"jetpack_shortlink":"https:\/\/wp.me\/p1ij08-4MK","jetpack-related-posts":[],"_links":{"self":[{"href":"https:\/\/www.manquepierda.com\/historiarealbetis\/wp-json\/wp\/v2\/posts\/18398","targetHints":{"allow":["GET"]}}],"collection":[{"href":"https:\/\/www.manquepierda.com\/historiarealbetis\/wp-json\/wp\/v2\/posts"}],"about":[{"href":"https:\/\/www.manquepierda.com\/historiarealbetis\/wp-json\/wp\/v2\/types\/post"}],"author":[{"embeddable":true,"href":"https:\/\/www.manquepierda.com\/historiarealbetis\/wp-json\/wp\/v2\/users\/48"}],"replies":[{"embeddable":true,"href":"https:\/\/www.manquepierda.com\/historiarealbetis\/wp-json\/wp\/v2\/comments?post=18398"}],"version-history":[{"count":1,"href":"https:\/\/www.manquepierda.com\/historiarealbetis\/wp-json\/wp\/v2\/posts\/18398\/revisions"}],"predecessor-version":[{"id":98446,"href":"https:\/\/www.manquepierda.com\/historiarealbetis\/wp-json\/wp\/v2\/posts\/18398\/revisions\/98446"}],"wp:featuredmedia":[{"embeddable":true,"href":"https:\/\/www.manquepierda.com\/historiarealbetis\/wp-json\/wp\/v2\/media\/18399"}],"wp:attachment":[{"href":"https:\/\/www.manquepierda.com\/historiarealbetis\/wp-json\/wp\/v2\/media?parent=18398"}],"wp:term":[{"taxonomy":"category","embeddable":true,"href":"https:\/\/www.manquepierda.com\/historiarealbetis\/wp-json\/wp\/v2\/categories?post=18398"},{"taxonomy":"post_tag","embeddable":true,"href":"https:\/\/www.manquepierda.com\/historiarealbetis\/wp-json\/wp\/v2\/tags?post=18398"}],"curies":[{"name":"wp","href":"https:\/\/api.w.org\/{rel}","templated":true}]}}