{"id":18494,"date":"2012-04-18T06:16:13","date_gmt":"2012-04-18T05:16:13","guid":{"rendered":"http:\/\/www.manquepierda.com\/historiarealbetis\/?p=18494"},"modified":"2026-08-10T08:06:03","modified_gmt":"2026-08-10T06:06:03","slug":"valencia-betis-liga-1935","status":"publish","type":"post","link":"https:\/\/www.manquepierda.com\/historiarealbetis\/valencia-betis-liga-1935\/","title":{"rendered":"Valencia-Betis Liga 1935"},"content":{"rendered":"\n<figure class=\"wp-block-image size-full\"><img data-recalc-dims=\"1\" loading=\"lazy\" decoding=\"async\" width=\"726\" height=\"454\" src=\"https:\/\/i0.wp.com\/www.manquepierda.com\/historiarealbetis\/files\/2012\/04\/Valencia-Betis-Liga-1935-NMP-Mundo-Grafico-13-3-1935_edited.jpg?resize=726%2C454&#038;ssl=1\" alt=\"\" class=\"wp-image-109309\" srcset=\"https:\/\/i0.wp.com\/www.manquepierda.com\/historiarealbetis\/files\/2012\/04\/Valencia-Betis-Liga-1935-NMP-Mundo-Grafico-13-3-1935_edited.jpg?w=726&amp;ssl=1 726w, https:\/\/i0.wp.com\/www.manquepierda.com\/historiarealbetis\/files\/2012\/04\/Valencia-Betis-Liga-1935-NMP-Mundo-Grafico-13-3-1935_edited.jpg?resize=680%2C425&amp;ssl=1 680w, https:\/\/i0.wp.com\/www.manquepierda.com\/historiarealbetis\/files\/2012\/04\/Valencia-Betis-Liga-1935-NMP-Mundo-Grafico-13-3-1935_edited.jpg?resize=220%2C138&amp;ssl=1 220w\" sizes=\"auto, (max-width: 726px) 100vw, 726px\" \/><\/figure>\n\n\n<p>\u00a0<\/p>\n<p>10 de Marzo de 1935 en Mestalla\u00a0 Valencia 3\u00a0 Betis 1; jornada 16 del Campeonato de Liga de Primera Divisi\u00f3n.<\/p>\n<p>\u00a0<\/p>\n<p>En la imagen el tercer tanto valencianista conseguido por Vilanova ante la mirada de Areso y Urquiaga ca\u00eddo en el suelo.<\/p>\n<p>Esta derrota agravaba la \u00abcrisis\u00bb que pasaba el equipo b\u00e9tico. Despu\u00e9s de vencer el 17 de Febrero 1-0 al Madrid en el Patronato se consegu\u00eda una renta m\u00e1xima de 5 puntos frente al segundo clasificado (Betis 21 puntos, Madrid 16), pero una derrota contundente en Las Corts frente al Barcelona (4-0), un empate en casa a 0 frente al colista Arenas y la derrota 3-1 en Mestalla frente al Valencia apretaban de nuevo la clasificaci\u00f3n ( Betis 22 puntos, Madrid 21) a falta de 7 jornadas.<\/p>\n<p>Hab\u00eda Liga a\u00fan.<\/p>\n<p>\u00a0<\/p>","protected":false},"excerpt":{"rendered":"<p>\u00a0 10 de Marzo de 1935 en Mestalla\u00a0 Valencia 3\u00a0 Betis 1; jornada 16 del Campeonato de Liga de Primera Divisi\u00f3n. \u00a0 En la imagen el tercer tanto valencianista conseguido por Vilanova ante la mirada de Areso y Urquiaga ca\u00eddo en el suelo. Esta derrota agravaba la \u00abcrisis\u00bb que pasaba el equipo b\u00e9tico. Despu\u00e9s de&#8230;<\/p>\n","protected":false},"author":5,"featured_media":109309,"comment_status":"open","ping_status":"open","sticky":false,"template":"","format":"standard","meta":{"_kad_post_transparent":"","_kad_post_title":"","_kad_post_layout":"","_kad_post_sidebar_id":"","_kad_post_content_style":"","_kad_post_vertical_padding":"","_kad_post_feature":"","_kad_post_feature_position":"","_kad_post_header":false,"_kad_post_footer":false,"_kad_post_classname":"","_jetpack_newsletter_access":"","_jetpack_dont_email_post_to_subs":false,"_jetpack_newsletter_tier_id":0,"_jetpack_memberships_contains_paywalled_content":false,"_jetpack_feature_clip_id":0,"_jetpack_memberships_contains_paid_content":false,"footnotes":"","jetpack_publicize_message":"","jetpack_publicize_feature_enabled":true,"jetpack_social_post_already_shared":false,"jetpack_social_options":{"image_generator_settings":{"template":"highway","default_image_id":0,"font":"","enabled":false},"version":2},"jetpack_post_was_ever_published":false},"categories":[899,1],"tags":[2267,45,1454,17928,1016,2285],"class_list":["post-18494","post","type-post","status-publish","format-standard","has-post-thumbnail","hentry","category-1930-1939","category-portada","tag-1934-35","tag-45","tag-joaquin-urquiaga","tag-liga-primera-1934-35","tag-pedro-areso","tag-valencia-cf"],"jetpack_publicize_connections":[],"jetpack_sharing_enabled":true,"jetpack_shortlink":"https:\/\/wp.me\/p1ij08-4Oi","jetpack-related-posts":[],"jetpack_featured_media_url":"https:\/\/i0.wp.com\/www.manquepierda.com\/historiarealbetis\/files\/2012\/04\/Valencia-Betis-Liga-1935-NMP-Mundo-Grafico-13-3-1935_edited.jpg?fit=726%2C454&ssl=1","_links":{"self":[{"href":"https:\/\/www.manquepierda.com\/historiarealbetis\/wp-json\/wp\/v2\/posts\/18494","targetHints":{"allow":["GET"]}}],"collection":[{"href":"https:\/\/www.manquepierda.com\/historiarealbetis\/wp-json\/wp\/v2\/posts"}],"about":[{"href":"https:\/\/www.manquepierda.com\/historiarealbetis\/wp-json\/wp\/v2\/types\/post"}],"author":[{"embeddable":true,"href":"https:\/\/www.manquepierda.com\/historiarealbetis\/wp-json\/wp\/v2\/users\/5"}],"replies":[{"embeddable":true,"href":"https:\/\/www.manquepierda.com\/historiarealbetis\/wp-json\/wp\/v2\/comments?post=18494"}],"version-history":[{"count":3,"href":"https:\/\/www.manquepierda.com\/historiarealbetis\/wp-json\/wp\/v2\/posts\/18494\/revisions"}],"predecessor-version":[{"id":109310,"href":"https:\/\/www.manquepierda.com\/historiarealbetis\/wp-json\/wp\/v2\/posts\/18494\/revisions\/109310"}],"wp:featuredmedia":[{"embeddable":true,"href":"https:\/\/www.manquepierda.com\/historiarealbetis\/wp-json\/wp\/v2\/media\/109309"}],"wp:attachment":[{"href":"https:\/\/www.manquepierda.com\/historiarealbetis\/wp-json\/wp\/v2\/media?parent=18494"}],"wp:term":[{"taxonomy":"category","embeddable":true,"href":"https:\/\/www.manquepierda.com\/historiarealbetis\/wp-json\/wp\/v2\/categories?post=18494"},{"taxonomy":"post_tag","embeddable":true,"href":"https:\/\/www.manquepierda.com\/historiarealbetis\/wp-json\/wp\/v2\/tags?post=18494"}],"curies":[{"name":"wp","href":"https:\/\/api.w.org\/{rel}","templated":true}]}}