{"id":18760,"date":"2012-04-25T11:53:19","date_gmt":"2012-04-25T10:53:19","guid":{"rendered":"http:\/\/www.manquepierda.com\/historiarealbetis\/?p=18760"},"modified":"2024-09-10T18:10:44","modified_gmt":"2024-09-10T16:10:44","slug":"1914-abril-26-domingo-carreras-de-obstaculos-ciclismo","status":"publish","type":"post","link":"https:\/\/www.manquepierda.com\/historiarealbetis\/1914-abril-26-domingo-carreras-de-obstaculos-ciclismo\/","title":{"rendered":"1914-Abril 26, Domingo-Pre Feria: Carreras de Obst\u00e1culos, Ciclismo"},"content":{"rendered":"<p style=\"text-align: center\"><a href=\"https:\/\/i0.wp.com\/www.manquepierda.com\/historiarealbetis\/files\/2012\/04\/1914FPS-001.jpg?ssl=1\"><img data-recalc-dims=\"1\" loading=\"lazy\" decoding=\"async\" class=\"aligncenter size-medium wp-image-18762\" src=\"https:\/\/i0.wp.com\/www.manquepierda.com\/historiarealbetis\/files\/2012\/04\/1914FPS-001.jpg?resize=300%2C210&#038;ssl=1\" alt=\"\" width=\"300\" height=\"210\" srcset=\"https:\/\/i0.wp.com\/www.manquepierda.com\/historiarealbetis\/files\/2012\/04\/1914FPS-001.jpg?resize=300%2C210&amp;ssl=1 300w, https:\/\/i0.wp.com\/www.manquepierda.com\/historiarealbetis\/files\/2012\/04\/1914FPS-001.jpg?resize=1024%2C716&amp;ssl=1 1024w, https:\/\/i0.wp.com\/www.manquepierda.com\/historiarealbetis\/files\/2012\/04\/1914FPS-001.jpg?w=1120&amp;ssl=1 1120w\" sizes=\"auto, (max-width: 300px) 100vw, 300px\" \/><\/a>1914-Abril:\u00a0 Feria de Sevilla, calle San Fernando.<\/p>\n<p style=\"text-align: center\"><a href=\"https:\/\/i0.wp.com\/www.manquepierda.com\/historiarealbetis\/files\/2012\/04\/1914FPS-002.jpg?ssl=1\"><img data-recalc-dims=\"1\" loading=\"lazy\" decoding=\"async\" class=\"alignleft size-medium wp-image-18763\" src=\"https:\/\/i0.wp.com\/www.manquepierda.com\/historiarealbetis\/files\/2012\/04\/1914FPS-002.jpg?resize=300%2C204&#038;ssl=1\" alt=\"\" width=\"300\" height=\"204\" srcset=\"https:\/\/i0.wp.com\/www.manquepierda.com\/historiarealbetis\/files\/2012\/04\/1914FPS-002.jpg?resize=300%2C204&amp;ssl=1 300w, https:\/\/i0.wp.com\/www.manquepierda.com\/historiarealbetis\/files\/2012\/04\/1914FPS-002.jpg?resize=1024%2C696&amp;ssl=1 1024w, https:\/\/i0.wp.com\/www.manquepierda.com\/historiarealbetis\/files\/2012\/04\/1914FPS-002.jpg?w=1152&amp;ssl=1 1152w\" sizes=\"auto, (max-width: 300px) 100vw, 300px\" \/><\/a><\/p>\n<p style=\"text-align: left\">1914-Abril:\u00a0 Paseo de coches.<\/p>\n<p style=\"text-align: left\"><a href=\"https:\/\/i0.wp.com\/www.manquepierda.com\/historiarealbetis\/files\/2012\/04\/1914FPS2.jpg?ssl=1\"><img data-recalc-dims=\"1\" loading=\"lazy\" decoding=\"async\" class=\"alignright size-medium wp-image-18765\" src=\"https:\/\/i0.wp.com\/www.manquepierda.com\/historiarealbetis\/files\/2012\/04\/1914FPS2.jpg?resize=300%2C126&#038;ssl=1\" alt=\"\" width=\"300\" height=\"126\" srcset=\"https:\/\/i0.wp.com\/www.manquepierda.com\/historiarealbetis\/files\/2012\/04\/1914FPS2.jpg?resize=300%2C126&amp;ssl=1 300w, https:\/\/i0.wp.com\/www.manquepierda.com\/historiarealbetis\/files\/2012\/04\/1914FPS2.jpg?resize=1024%2C432&amp;ssl=1 1024w, https:\/\/i0.wp.com\/www.manquepierda.com\/historiarealbetis\/files\/2012\/04\/1914FPS2.jpg?w=1136&amp;ssl=1 1136w\" sizes=\"auto, (max-width: 300px) 100vw, 300px\" \/><\/a><\/p>\n<p style=\"text-align: left\">1914-Abril:\u00a0 El Mercado de ganado en la Feria de Abril.<\/p>\n<p style=\"text-align: left\"><strong>En la Fiesta de Primavera de la Ciudad del Betis-Sevilla 1914 uno de los much\u00edsimos motivos por los cuales dar\u00e1 muy grato recuerdo fue la apertura,\u00a0 recientemente realizada,\u00a0 del Parque de Mar\u00eda Luisa, ya terminadas las importantes obras de embellecimiento y mejora que han impuesto su clausura durante tres a\u00f1os.<\/strong><\/p>\n<p style=\"text-align: center\"><a href=\"https:\/\/i0.wp.com\/www.manquepierda.com\/historiarealbetis\/files\/2012\/04\/1914FPS-003.jpg?ssl=1\"><img data-recalc-dims=\"1\" loading=\"lazy\" decoding=\"async\" class=\"alignright size-medium wp-image-18766\" src=\"https:\/\/i0.wp.com\/www.manquepierda.com\/historiarealbetis\/files\/2012\/04\/1914FPS-003.jpg?resize=300%2C232&#038;ssl=1\" alt=\"\" width=\"300\" height=\"232\" srcset=\"https:\/\/i0.wp.com\/www.manquepierda.com\/historiarealbetis\/files\/2012\/04\/1914FPS-003.jpg?resize=300%2C232&amp;ssl=1 300w, https:\/\/i0.wp.com\/www.manquepierda.com\/historiarealbetis\/files\/2012\/04\/1914FPS-003.jpg?w=640&amp;ssl=1 640w\" sizes=\"auto, (max-width: 300px) 100vw, 300px\" \/><\/a><\/p>\n<p style=\"text-align: left\"><strong>\u00abLa Aviaci\u00f3n en Sevilla: El aviador Galtier salvando los obst\u00e1culos en los vuelos realizados con motivo de la Feria de 1914\u00bb.<\/strong>-\u00abBlanco y Negro\u00bb-Madrid.<\/p>\n<p style=\"text-align: left\"><strong><em>Im\u00e1genes gentilmente cedidas por don Jos\u00e9 Antonio Alarc\u00f3n de la Oliva (hijo del presidente don Carlos Alarc\u00f3n De la Lastra-Real Betis Balompi\u00e9 1919-1920 que fue quien realiz\u00f3 dichas fotos; y de su nieto Carlos Alarc\u00f3n S\u00e1nchez):<\/em><\/strong><\/p>\n<p style=\"text-align: left\"><a href=\"https:\/\/i0.wp.com\/www.manquepierda.com\/historiarealbetis\/files\/2012\/04\/231.jpg?ssl=1\"><img data-recalc-dims=\"1\" loading=\"lazy\" decoding=\"async\" class=\"alignleft size-medium wp-image-18768\" src=\"https:\/\/i0.wp.com\/www.manquepierda.com\/historiarealbetis\/files\/2012\/04\/231.jpg?resize=300%2C193&#038;ssl=1\" alt=\"\" width=\"300\" height=\"193\" srcset=\"https:\/\/i0.wp.com\/www.manquepierda.com\/historiarealbetis\/files\/2012\/04\/231.jpg?resize=300%2C193&amp;ssl=1 300w, https:\/\/i0.wp.com\/www.manquepierda.com\/historiarealbetis\/files\/2012\/04\/231.jpg?resize=1024%2C661&amp;ssl=1 1024w\" sizes=\"auto, (max-width: 300px) 100vw, 300px\" \/><\/a><\/p>\n<p style=\"text-align: left\"><strong><em><\/em><em>\u00abMartes 26-Abril-1914: <\/em><\/strong><\/p>\n<p style=\"text-align: left\"><strong><em>Carrera de Obst\u00e1culos ganada por Carmelo Navarro Hurtado\u00bb.<\/em><\/strong><\/p>\n<p style=\"text-align: left\"><a href=\"https:\/\/i0.wp.com\/www.manquepierda.com\/historiarealbetis\/files\/2012\/04\/24.jpg?ssl=1\"><img data-recalc-dims=\"1\" loading=\"lazy\" decoding=\"async\" class=\"alignleft size-medium wp-image-18769\" src=\"https:\/\/i0.wp.com\/www.manquepierda.com\/historiarealbetis\/files\/2012\/04\/24.jpg?resize=300%2C195&#038;ssl=1\" alt=\"\" width=\"300\" height=\"195\" srcset=\"https:\/\/i0.wp.com\/www.manquepierda.com\/historiarealbetis\/files\/2012\/04\/24.jpg?resize=300%2C195&amp;ssl=1 300w, https:\/\/i0.wp.com\/www.manquepierda.com\/historiarealbetis\/files\/2012\/04\/24.jpg?w=357&amp;ssl=1 357w\" sizes=\"auto, (max-width: 300px) 100vw, 300px\" \/><\/a><\/p>\n<p style=\"text-align: left\"><strong><em>\u00abCarmelo NAVARRO Hurtado tras ganar la carrera de obst\u00e1culos, con la Camisol\u00edn Verdiblanco y Calzona Blanca\u00bb.<\/em><\/strong><\/p>\n<p style=\"text-align: left\"><a href=\"https:\/\/i0.wp.com\/www.manquepierda.com\/historiarealbetis\/files\/2012\/04\/25.jpg?ssl=1\"><img data-recalc-dims=\"1\" loading=\"lazy\" decoding=\"async\" class=\"alignleft size-medium wp-image-18770\" src=\"https:\/\/i0.wp.com\/www.manquepierda.com\/historiarealbetis\/files\/2012\/04\/25.jpg?resize=300%2C195&#038;ssl=1\" alt=\"\" width=\"300\" height=\"195\" srcset=\"https:\/\/i0.wp.com\/www.manquepierda.com\/historiarealbetis\/files\/2012\/04\/25.jpg?resize=300%2C195&amp;ssl=1 300w, https:\/\/i0.wp.com\/www.manquepierda.com\/historiarealbetis\/files\/2012\/04\/25.jpg?resize=1024%2C668&amp;ssl=1 1024w\" sizes=\"auto, (max-width: 300px) 100vw, 300px\" \/><\/a><\/p>\n<p style=\"text-align: left\"><strong><em>\u00abMartes 26-Abril-1914:\u00a0 Carmelo NAVARRO Hurtado despu\u00e9s de la carrera de bicicleta\u00bb.<\/em><\/strong><\/p>\n<p style=\"text-align: left\"><strong><em><br \/>\n<\/em><\/strong><\/p>\n<p style=\"text-align: left\"><a href=\"https:\/\/i0.wp.com\/www.manquepierda.com\/historiarealbetis\/files\/2012\/04\/26.jpg?ssl=1\"><img data-recalc-dims=\"1\" loading=\"lazy\" decoding=\"async\" class=\"alignleft size-medium wp-image-18771\" src=\"https:\/\/i0.wp.com\/www.manquepierda.com\/historiarealbetis\/files\/2012\/04\/26.jpg?resize=300%2C183&#038;ssl=1\" alt=\"\" width=\"300\" height=\"183\" srcset=\"https:\/\/i0.wp.com\/www.manquepierda.com\/historiarealbetis\/files\/2012\/04\/26.jpg?resize=300%2C183&amp;ssl=1 300w, https:\/\/i0.wp.com\/www.manquepierda.com\/historiarealbetis\/files\/2012\/04\/26.jpg?resize=1024%2C626&amp;ssl=1 1024w\" sizes=\"auto, (max-width: 300px) 100vw, 300px\" \/><\/a><\/p>\n<p style=\"text-align: left\"><strong><em>\u00ab1914-Abril,\u00a0 Martes 26:\u00a0 Despu\u00e9s del Campeonato de Velocidad en el que fue vencedor el jugador del Real Betis Balompi\u00e9: Carmelo NAVARRO Hurtado\u00bb.<\/em><\/strong><\/p>\n<p style=\"text-align: left\">Fuente de las tres primeras fotos:\u00a0 \u00abB\u00e9tica\u00bb-Revista Ilustrada de Sevilla.<\/p>\n","protected":false},"excerpt":{"rendered":"<p>1914-Abril:\u00a0 Feria de Sevilla, calle San Fernando. 1914-Abril:\u00a0 Paseo de coches. 1914-Abril:\u00a0 El Mercado de ganado en la Feria de Abril. En la Fiesta de Primavera de la Ciudad del Betis-Sevilla 1914 uno de los much\u00edsimos motivos por los cuales dar\u00e1 muy grato recuerdo fue la apertura,\u00a0 recientemente realizada,\u00a0 del Parque de Mar\u00eda Luisa, ya&#8230;<\/p>\n","protected":false},"author":48,"featured_media":18762,"comment_status":"open","ping_status":"open","sticky":false,"template":"","format":"standard","meta":{"_kad_post_transparent":"","_kad_post_title":"","_kad_post_layout":"","_kad_post_sidebar_id":"","_kad_post_content_style":"","_kad_post_vertical_padding":"","_kad_post_feature":"","_kad_post_feature_position":"","_kad_post_header":false,"_kad_post_footer":false,"_kad_post_classname":"","_jetpack_memberships_contains_paid_content":false,"footnotes":"","jetpack_publicize_message":"","jetpack_publicize_feature_enabled":true,"jetpack_social_post_already_shared":false,"jetpack_social_options":{"image_generator_settings":{"template":"highway","default_image_id":0,"font":"","enabled":false},"version":2}},"categories":[896,891,893,1],"tags":[1547,1795,4948,1238,4947],"class_list":["post-18760","post","type-post","status-publish","format-standard","has-post-thumbnail","hentry","category-1908-1919","category-directivos-temas","category-jugadores-temas","category-portada","tag-1547","tag-carmelo-navarro-hurtado","tag-carreras-de-obstaculos","tag-ciclismo","tag-fiestas-primaverales-abril-1914"],"jetpack_publicize_connections":[],"jetpack_featured_media_url":"https:\/\/i0.wp.com\/www.manquepierda.com\/historiarealbetis\/files\/2012\/04\/1914FPS-001.jpg?fit=1120%2C784&ssl=1","jetpack_sharing_enabled":true,"jetpack_shortlink":"https:\/\/wp.me\/p1ij08-4SA","jetpack-related-posts":[],"_links":{"self":[{"href":"https:\/\/www.manquepierda.com\/historiarealbetis\/wp-json\/wp\/v2\/posts\/18760","targetHints":{"allow":["GET"]}}],"collection":[{"href":"https:\/\/www.manquepierda.com\/historiarealbetis\/wp-json\/wp\/v2\/posts"}],"about":[{"href":"https:\/\/www.manquepierda.com\/historiarealbetis\/wp-json\/wp\/v2\/types\/post"}],"author":[{"embeddable":true,"href":"https:\/\/www.manquepierda.com\/historiarealbetis\/wp-json\/wp\/v2\/users\/48"}],"replies":[{"embeddable":true,"href":"https:\/\/www.manquepierda.com\/historiarealbetis\/wp-json\/wp\/v2\/comments?post=18760"}],"version-history":[{"count":1,"href":"https:\/\/www.manquepierda.com\/historiarealbetis\/wp-json\/wp\/v2\/posts\/18760\/revisions"}],"predecessor-version":[{"id":99024,"href":"https:\/\/www.manquepierda.com\/historiarealbetis\/wp-json\/wp\/v2\/posts\/18760\/revisions\/99024"}],"wp:featuredmedia":[{"embeddable":true,"href":"https:\/\/www.manquepierda.com\/historiarealbetis\/wp-json\/wp\/v2\/media\/18762"}],"wp:attachment":[{"href":"https:\/\/www.manquepierda.com\/historiarealbetis\/wp-json\/wp\/v2\/media?parent=18760"}],"wp:term":[{"taxonomy":"category","embeddable":true,"href":"https:\/\/www.manquepierda.com\/historiarealbetis\/wp-json\/wp\/v2\/categories?post=18760"},{"taxonomy":"post_tag","embeddable":true,"href":"https:\/\/www.manquepierda.com\/historiarealbetis\/wp-json\/wp\/v2\/tags?post=18760"}],"curies":[{"name":"wp","href":"https:\/\/api.w.org\/{rel}","templated":true}]}}