{"id":18884,"date":"2012-04-30T06:05:13","date_gmt":"2012-04-30T05:05:13","guid":{"rendered":"http:\/\/www.manquepierda.com\/historiarealbetis\/?p=18884"},"modified":"2024-08-19T09:33:37","modified_gmt":"2024-08-19T07:33:37","slug":"alineacion-sevilla-betis-liga-1976","status":"publish","type":"post","link":"https:\/\/www.manquepierda.com\/historiarealbetis\/alineacion-sevilla-betis-liga-1976\/","title":{"rendered":"Alineaci\u00f3n Sevilla-Betis Liga 1976"},"content":{"rendered":"<p style=\"text-align: center\"><a href=\"https:\/\/i0.wp.com\/www.manquepierda.com\/historiarealbetis\/files\/2012\/04\/Alineaci%C3%B3n-Sevilla-Betis-Liga-1976.jpg?ssl=1\"><img data-recalc-dims=\"1\" loading=\"lazy\" decoding=\"async\" class=\"aligncenter wp-image-18890\" src=\"https:\/\/i0.wp.com\/www.manquepierda.com\/historiarealbetis\/files\/2012\/04\/Alineaci%C3%B3n-Sevilla-Betis-Liga-1976.jpg?resize=717%2C477&#038;ssl=1\" alt=\"\" width=\"717\" height=\"477\" srcset=\"https:\/\/i0.wp.com\/www.manquepierda.com\/historiarealbetis\/files\/2012\/04\/Alineaci%C3%B3n-Sevilla-Betis-Liga-1976.jpg?resize=1024%2C682&amp;ssl=1 1024w, https:\/\/i0.wp.com\/www.manquepierda.com\/historiarealbetis\/files\/2012\/04\/Alineaci%C3%B3n-Sevilla-Betis-Liga-1976.jpg?resize=300%2C199&amp;ssl=1 300w, https:\/\/i0.wp.com\/www.manquepierda.com\/historiarealbetis\/files\/2012\/04\/Alineaci%C3%B3n-Sevilla-Betis-Liga-1976.jpg?w=1174&amp;ssl=1 1174w\" sizes=\"auto, (max-width: 717px) 100vw, 717px\" \/><\/a><\/p>\n<p style=\"text-align: center\">4 de Enero de 1976 en el S\u00e1nchez Pizju\u00e1n Sevilla 2-Betis 0; jornada 16 del Campeonato de Liga de Primera Divisi\u00f3n.<\/p>\n<p style=\"text-align: center\">En la imagen arriba: Garc\u00eda Fern\u00e1ndez, Bizcocho, Biosca, Lobato, Iglesias y L\u00f3pez; abajo: Ben\u00edtez, Alabanda, Mendieta, Carde\u00f1osa y Rogelio.<\/p>\n","protected":false},"excerpt":{"rendered":"<p>4 de Enero de 1976 en el S\u00e1nchez Pizju\u00e1n Sevilla 2-Betis 0; jornada 16 del Campeonato de Liga de Primera Divisi\u00f3n. En la imagen arriba: Garc\u00eda Fern\u00e1ndez, Bizcocho, Biosca, Lobato, Iglesias y L\u00f3pez; abajo: Ben\u00edtez, Alabanda, Mendieta, Carde\u00f1osa y Rogelio.<\/p>\n","protected":false},"author":5,"featured_media":18890,"comment_status":"open","ping_status":"open","sticky":false,"template":"","format":"standard","meta":{"_kad_post_transparent":"","_kad_post_title":"","_kad_post_layout":"","_kad_post_sidebar_id":"","_kad_post_content_style":"","_kad_post_vertical_padding":"","_kad_post_feature":"","_kad_post_feature_position":"","_kad_post_header":false,"_kad_post_footer":false,"_kad_post_classname":"","_jetpack_memberships_contains_paid_content":false,"footnotes":"","jetpack_publicize_message":"","jetpack_publicize_feature_enabled":true,"jetpack_social_post_already_shared":false,"jetpack_social_options":{"image_generator_settings":{"template":"highway","default_image_id":0,"font":"","enabled":false},"version":2}},"categories":[903,1],"tags":[2504,1556,1120,1157,1045,1567,4964,1245,1178,1155,3862,17866,1396,1164,916],"class_list":["post-18884","post","type-post","status-publish","format-standard","has-post-thumbnail","hentry","category-1970-1979","category-portada","tag-1975-76","tag-1556","tag-antonio-benitez","tag-antonio-biosca","tag-celso-mendieta","tag-eduardo-garcia-fernandez","tag-fernando-lobato","tag-francisco-bizcocho","tag-javier-lopez","tag-julio-cardenosa","tag-julio-iglesias","tag-liga-primera-1975-76","tag-rogelio-sosa","tag-sebastian-alabanda","tag-sevilla-fc"],"jetpack_publicize_connections":[],"jetpack_featured_media_url":"https:\/\/i0.wp.com\/www.manquepierda.com\/historiarealbetis\/files\/2012\/04\/Alineaci%C3%B3n-Sevilla-Betis-Liga-1976.jpg?fit=1174%2C782&ssl=1","jetpack_sharing_enabled":true,"jetpack_shortlink":"https:\/\/wp.me\/p1ij08-4UA","jetpack-related-posts":[],"_links":{"self":[{"href":"https:\/\/www.manquepierda.com\/historiarealbetis\/wp-json\/wp\/v2\/posts\/18884","targetHints":{"allow":["GET"]}}],"collection":[{"href":"https:\/\/www.manquepierda.com\/historiarealbetis\/wp-json\/wp\/v2\/posts"}],"about":[{"href":"https:\/\/www.manquepierda.com\/historiarealbetis\/wp-json\/wp\/v2\/types\/post"}],"author":[{"embeddable":true,"href":"https:\/\/www.manquepierda.com\/historiarealbetis\/wp-json\/wp\/v2\/users\/5"}],"replies":[{"embeddable":true,"href":"https:\/\/www.manquepierda.com\/historiarealbetis\/wp-json\/wp\/v2\/comments?post=18884"}],"version-history":[{"count":1,"href":"https:\/\/www.manquepierda.com\/historiarealbetis\/wp-json\/wp\/v2\/posts\/18884\/revisions"}],"predecessor-version":[{"id":97124,"href":"https:\/\/www.manquepierda.com\/historiarealbetis\/wp-json\/wp\/v2\/posts\/18884\/revisions\/97124"}],"wp:featuredmedia":[{"embeddable":true,"href":"https:\/\/www.manquepierda.com\/historiarealbetis\/wp-json\/wp\/v2\/media\/18890"}],"wp:attachment":[{"href":"https:\/\/www.manquepierda.com\/historiarealbetis\/wp-json\/wp\/v2\/media?parent=18884"}],"wp:term":[{"taxonomy":"category","embeddable":true,"href":"https:\/\/www.manquepierda.com\/historiarealbetis\/wp-json\/wp\/v2\/categories?post=18884"},{"taxonomy":"post_tag","embeddable":true,"href":"https:\/\/www.manquepierda.com\/historiarealbetis\/wp-json\/wp\/v2\/tags?post=18884"}],"curies":[{"name":"wp","href":"https:\/\/api.w.org\/{rel}","templated":true}]}}