{"id":18899,"date":"2012-04-29T11:05:23","date_gmt":"2012-04-29T10:05:23","guid":{"rendered":"http:\/\/www.manquepierda.com\/historiarealbetis\/?p=18899"},"modified":"2024-09-18T07:52:12","modified_gmt":"2024-09-18T05:52:12","slug":"en-las-entranas-del-villamarin-personas-de-la-casa-verdiblanca","status":"publish","type":"post","link":"https:\/\/www.manquepierda.com\/historiarealbetis\/en-las-entranas-del-villamarin-personas-de-la-casa-verdiblanca\/","title":{"rendered":"En las entra\u00f1as del Balompi\u00e9 Betis Gentes de la Casa Verdiblanca"},"content":{"rendered":"<p style=\"text-align: center\"><a href=\"https:\/\/i0.wp.com\/www.manquepierda.com\/historiarealbetis\/files\/2012\/04\/JMM.jpg?ssl=1\"><img data-recalc-dims=\"1\" loading=\"lazy\" decoding=\"async\" class=\"aligncenter size-medium wp-image-18900\" src=\"https:\/\/i0.wp.com\/www.manquepierda.com\/historiarealbetis\/files\/2012\/04\/JMM.jpg?resize=300%2C177&#038;ssl=1\" alt=\"\" width=\"300\" height=\"177\" srcset=\"https:\/\/i0.wp.com\/www.manquepierda.com\/historiarealbetis\/files\/2012\/04\/JMM.jpg?resize=300%2C177&amp;ssl=1 300w, https:\/\/i0.wp.com\/www.manquepierda.com\/historiarealbetis\/files\/2012\/04\/JMM.jpg?resize=1024%2C605&amp;ssl=1 1024w, https:\/\/i0.wp.com\/www.manquepierda.com\/historiarealbetis\/files\/2012\/04\/JMM.jpg?w=1488&amp;ssl=1 1488w\" sizes=\"auto, (max-width: 300px) 100vw, 300px\" \/><\/a><strong><em>De izquierda a derecha de la foto.-Empleados, Directivos y Socios del Real Betis Balompi\u00e9:<br \/>\n<\/em><\/strong><\/p>\n<p style=\"text-align: left\"><strong><em><\/em><em>Joaqu\u00edn Machuca Mor\u00f3n,\u00a0 Joaqu\u00edn Machuca Antequera;\u00a0 Enrique Olmo;\u00a0 ADOLFITO-Adolfo Sancho Carrillo de Albornoz\u00a0 (4\u00ba);\u00a0 Manuel Alonso Cueli (3\u00ba por la derecha); \u00a0<\/em><em>Manuel Sim\u00f3 Mateos y\u00a0 Antonio Tenorio Mart\u00ednez<\/em><\/strong>.<\/p>\n<p style=\"text-align: left\"><strong>Aunque parcialmente en recuerdo de todos aquellos directivos, empleados y socios que desarrollaban una gran labor en las entra\u00f1as de nuestro Estadio de Heli\u00f3polis \u00f3 \u00abBenito Villamar\u00edn\u00bb y anteriormente en el Campo de Deportes del \u00abPatronato Obrero\u00bb:<\/strong><\/p>\n<p style=\"text-align: center\"><a href=\"https:\/\/i0.wp.com\/www.manquepierda.com\/historiarealbetis\/files\/2012\/04\/Bar-Gonzalo.jpg?ssl=1\"><img data-recalc-dims=\"1\" loading=\"lazy\" decoding=\"async\" class=\"aligncenter size-medium wp-image-18901\" src=\"https:\/\/i0.wp.com\/www.manquepierda.com\/historiarealbetis\/files\/2012\/04\/Bar-Gonzalo.jpg?resize=300%2C217&#038;ssl=1\" alt=\"\" width=\"300\" height=\"217\" srcset=\"https:\/\/i0.wp.com\/www.manquepierda.com\/historiarealbetis\/files\/2012\/04\/Bar-Gonzalo.jpg?resize=300%2C217&amp;ssl=1 300w, https:\/\/i0.wp.com\/www.manquepierda.com\/historiarealbetis\/files\/2012\/04\/Bar-Gonzalo.jpg?w=600&amp;ssl=1 600w\" sizes=\"auto, (max-width: 300px) 100vw, 300px\" \/><\/a><strong>-Joaqu\u00edn Machuca Mor\u00f3n (Sevilla, martes 15-Diciembre-1981) D.\u00a0 E.\u00a0 P.<\/strong><\/p>\n<p style=\"text-align: left\"><strong>Jubilado del Banco Hispano Americano Oficina Principal calle Sierpes: en donde se preparaban las entradas de los partidos a celebrar en el Estadio \u00abBenito Villamar\u00edn\u00bb.<\/strong><\/p>\n<p style=\"text-align: left\"><strong>Por otro lado regentaba un despacho de localidades en diversos bares de la Ciudad del Betis-Sevilla.<br \/>\n<\/strong><\/p>\n<p style=\"text-align: center\"><strong>-Joaqu\u00edn Machuca Antequera.-Hijo del anterior.<\/strong><\/p>\n<p style=\"text-align: center\"><a href=\"https:\/\/i0.wp.com\/www.manquepierda.com\/historiarealbetis\/files\/2012\/04\/JMM-001.jpg?ssl=1\"><img data-recalc-dims=\"1\" loading=\"lazy\" decoding=\"async\" class=\"aligncenter size-medium wp-image-18902\" src=\"https:\/\/i0.wp.com\/www.manquepierda.com\/historiarealbetis\/files\/2012\/04\/JMM-001.jpg?resize=192%2C300&#038;ssl=1\" alt=\"\" width=\"192\" height=\"300\" srcset=\"https:\/\/i0.wp.com\/www.manquepierda.com\/historiarealbetis\/files\/2012\/04\/JMM-001.jpg?resize=192%2C300&amp;ssl=1 192w, https:\/\/i0.wp.com\/www.manquepierda.com\/historiarealbetis\/files\/2012\/04\/JMM-001.jpg?resize=657%2C1024&amp;ssl=1 657w, https:\/\/i0.wp.com\/www.manquepierda.com\/historiarealbetis\/files\/2012\/04\/JMM-001.jpg?resize=1024%2C1595&amp;ssl=1 1024w, https:\/\/i0.wp.com\/www.manquepierda.com\/historiarealbetis\/files\/2012\/04\/JMM-001.jpg?w=1376&amp;ssl=1 1376w\" sizes=\"auto, (max-width: 192px) 100vw, 192px\" \/><\/a><strong>-ADOLFITO \u00f3 ADOLFO I, Adolfo Sancho Carrillo de Albornoz: Sevilla domingo 18-Junio-1905; lunes 13-Enero-1975.-69 a\u00f1os.-D. E. P.<\/strong><\/p>\n<p style=\"text-align: center\"><a href=\"https:\/\/i0.wp.com\/www.manquepierda.com\/historiarealbetis\/files\/2012\/04\/ADOLFITO-1929.jpg?ssl=1\"><img data-recalc-dims=\"1\" loading=\"lazy\" decoding=\"async\" class=\"alignright size-full wp-image-18907\" src=\"https:\/\/i0.wp.com\/www.manquepierda.com\/historiarealbetis\/files\/2012\/04\/ADOLFITO-1929.jpg?resize=128%2C182&#038;ssl=1\" alt=\"\" width=\"128\" height=\"182\" \/><\/a><a href=\"https:\/\/i0.wp.com\/www.manquepierda.com\/historiarealbetis\/files\/2012\/04\/ADOLFITO-Vieja-Gloria.jpg?ssl=1\"><img data-recalc-dims=\"1\" loading=\"lazy\" decoding=\"async\" class=\"alignleft size-medium wp-image-18908\" src=\"https:\/\/i0.wp.com\/www.manquepierda.com\/historiarealbetis\/files\/2012\/04\/ADOLFITO-Vieja-Gloria.jpg?resize=138%2C300&#038;ssl=1\" alt=\"\" width=\"138\" height=\"300\" srcset=\"https:\/\/i0.wp.com\/www.manquepierda.com\/historiarealbetis\/files\/2012\/04\/ADOLFITO-Vieja-Gloria.jpg?resize=138%2C300&amp;ssl=1 138w, https:\/\/i0.wp.com\/www.manquepierda.com\/historiarealbetis\/files\/2012\/04\/ADOLFITO-Vieja-Gloria.jpg?w=221&amp;ssl=1 221w\" sizes=\"auto, (max-width: 138px) 100vw, 138px\" \/><\/a><\/p>\n<p style=\"text-align: left\"><strong>Medalla al M\u00e9rito Deportivo (Federaci\u00f3n Regional Sur: martes 29-Agosto-1933).-Medalla de Plata Bodas de Oro de la Federaci\u00f3n Andaluza de F\u00fatbol-1965, por su actividad como jugador federado en activo en el transcurso de los primeros 25 a\u00f1os del f\u00fatbol en Andaluc\u00eda hasta 1939.<br \/>\n<\/strong><\/p>\n<p style=\"text-align: left\"><strong>Medio zurdo del Real Betis Balompi\u00e9 1925-1926 \u00e1 1934-1935 ambas inclusives.-Masajista y Auxiliar<\/strong>.<\/p>\n<p style=\"text-align: center\"><a href=\"https:\/\/i0.wp.com\/www.manquepierda.com\/historiarealbetis\/files\/2012\/04\/A%C3%B1ino-Alonso-Cueli1.jpg?ssl=1\"><img data-recalc-dims=\"1\" loading=\"lazy\" decoding=\"async\" class=\"aligncenter size-medium wp-image-18904\" src=\"https:\/\/i0.wp.com\/www.manquepierda.com\/historiarealbetis\/files\/2012\/04\/A%C3%B1ino-Alonso-Cueli1.jpg?resize=300%2C207&#038;ssl=1\" alt=\"\" width=\"300\" height=\"207\" srcset=\"https:\/\/i0.wp.com\/www.manquepierda.com\/historiarealbetis\/files\/2012\/04\/A%C3%B1ino-Alonso-Cueli1.jpg?resize=300%2C207&amp;ssl=1 300w, https:\/\/i0.wp.com\/www.manquepierda.com\/historiarealbetis\/files\/2012\/04\/A%C3%B1ino-Alonso-Cueli1.jpg?w=672&amp;ssl=1 672w\" sizes=\"auto, (max-width: 300px) 100vw, 300px\" \/><\/a><strong>-Manuel Alonso Cueli (Sevilla 1898; domingo 10-Mayo-1970.-D. E. P.<\/strong><\/p>\n<p style=\"text-align: left\"><strong>Directivo en varias etapas del Real Betis Balompi\u00e9.-Ten\u00eda un almac\u00e9n de maderas en el barrio de \u00abEl Porvenir\u00bb y en la imagen 1935 aparece con Enrique A\u00f1ino Ilzarbe de Andueza a su izquierda leyendo un libro.<\/strong><\/p>\n<p style=\"text-align: left\"><a href=\"https:\/\/i0.wp.com\/www.manquepierda.com\/historiarealbetis\/files\/2012\/04\/MSM-001.jpg?ssl=1\"><img data-recalc-dims=\"1\" loading=\"lazy\" decoding=\"async\" class=\"aligncenter size-medium wp-image-18923\" src=\"https:\/\/i0.wp.com\/www.manquepierda.com\/historiarealbetis\/files\/2012\/04\/MSM-001.jpg?resize=209%2C300&#038;ssl=1\" alt=\"\" width=\"209\" height=\"300\" srcset=\"https:\/\/i0.wp.com\/www.manquepierda.com\/historiarealbetis\/files\/2012\/04\/MSM-001.jpg?resize=209%2C300&amp;ssl=1 209w, https:\/\/i0.wp.com\/www.manquepierda.com\/historiarealbetis\/files\/2012\/04\/MSM-001.jpg?w=368&amp;ssl=1 368w\" sizes=\"auto, (max-width: 209px) 100vw, 209px\" \/><\/a><strong>-Manuel Sim\u00f3 Mateos (Sevilla 1906; viernes 14-Abril-1978).-71 a\u00f1os.-D.\u00a0 E.\u00a0 P.-Medalla de Oro al M\u00e9rito del Trabajo Deportivo.<br \/>\n<\/strong><\/p>\n<p style=\"text-align: left\"><strong>46 a\u00f1os siendo \u00abalma mater\u00bb del Real Betis Balompi\u00e9:\u00a0 Administrativo-1931;\u00a0 Secretario en varias directivas; Secretar\u00edo General en 1965 hasta el 14 de Abril de 1978;\u00a0 Secretario T\u00e9cnico-1940\u00a0 y\u00a0 Delegado de Campo.-Asesor Deportivo de la Federaci\u00f3n Andaluza de F\u00fatbol.<\/strong><\/p>\n<p style=\"text-align: left\"><a href=\"https:\/\/i0.wp.com\/www.manquepierda.com\/historiarealbetis\/files\/2012\/04\/TENORIO-Mart%C3%ADnez-ex-jugador.jpg?ssl=1\"><img data-recalc-dims=\"1\" loading=\"lazy\" decoding=\"async\" class=\"aligncenter size-medium wp-image-18906\" src=\"https:\/\/i0.wp.com\/www.manquepierda.com\/historiarealbetis\/files\/2012\/04\/TENORIO-Mart%C3%ADnez-ex-jugador.jpg?resize=197%2C300&#038;ssl=1\" alt=\"\" width=\"197\" height=\"300\" srcset=\"https:\/\/i0.wp.com\/www.manquepierda.com\/historiarealbetis\/files\/2012\/04\/TENORIO-Mart%C3%ADnez-ex-jugador.jpg?resize=197%2C300&amp;ssl=1 197w, https:\/\/i0.wp.com\/www.manquepierda.com\/historiarealbetis\/files\/2012\/04\/TENORIO-Mart%C3%ADnez-ex-jugador.jpg?w=220&amp;ssl=1 220w\" sizes=\"auto, (max-width: 197px) 100vw, 197px\" \/><\/a><strong>-Antonio Tenorio Mart\u00ednez (Sevilla 1903; mi\u00e9rcoles 21-Abril-1982).-D.\u00a0 E.\u00a0 P.-Viv\u00eda en el Estadio Benito Villamar\u00edn.<\/strong>&#8211;<strong>Medalla de Plata,\u00a0 Bodas de Oro de la Federaci\u00f3n Andaluza de F\u00fatbol-1965 por su actividad deportiva durante los 25 primeros a\u00f1os del f\u00fatbol en Andaluc\u00eda hasta 1939.<\/strong><\/p>\n<p style=\"text-align: left\"><strong>Zaguero y Delantero del Real Betis Balompi\u00e9 1923-1924 \u00e1 1931-1932, ambas inclusives.-Utillero y Conserje en el Campo de Deportes del \u00abPatronato Obrero\u00bb y en el Estadio de \u00abHeli\u00f3polis\u00bb.<\/strong><\/p>\n<p style=\"text-align: left\"><strong><em>Finalmente Juan Nogueras, acomodador en el Campo de Deportes del \u00abPatronato Obrero\u00bb -Casas Baratas-Barrio de \u00abEl Porvenir\u00bb en 1930; padre de MANOL\u00cdN-Manuel Nogueras Carrtero:<br \/>\n<\/em><\/strong><\/p>\n<p style=\"text-align: center\"><a href=\"https:\/\/i0.wp.com\/www.manquepierda.com\/historiarealbetis\/files\/2012\/04\/JMM-002.jpg?ssl=1\"><img data-recalc-dims=\"1\" loading=\"lazy\" decoding=\"async\" class=\"aligncenter size-medium wp-image-18909\" src=\"https:\/\/i0.wp.com\/www.manquepierda.com\/historiarealbetis\/files\/2012\/04\/JMM-002.jpg?resize=300%2C186&#038;ssl=1\" alt=\"\" width=\"300\" height=\"186\" srcset=\"https:\/\/i0.wp.com\/www.manquepierda.com\/historiarealbetis\/files\/2012\/04\/JMM-002.jpg?resize=300%2C186&amp;ssl=1 300w, https:\/\/i0.wp.com\/www.manquepierda.com\/historiarealbetis\/files\/2012\/04\/JMM-002.jpg?resize=1024%2C636&amp;ssl=1 1024w\" sizes=\"auto, (max-width: 300px) 100vw, 300px\" \/><\/a><strong>Cedida gentilmente por nuestra hermana verdiblanca Reyes Aguilar Caro.<\/strong><\/p>\n<p><strong>Fuentes: <\/strong><\/p>\n<p><strong>FS: 115-309 fot\u00f3grafos sin especificar.<\/strong><\/p>\n<p><strong><em>\u00abAlb\u00fam de fotos del Betis Tennis Club\u00bb<\/em><em>.-Enrique A\u00f1ino Ilzarbe de Andueza.<\/em><\/strong><\/p>\n<p><strong>\u00abLos jugadores de las 13 Barras\u00bb y \u00abTodos los Presidentes del Real Betis Balompi\u00e9\u00bb.-Manuel Carmona Rodr\u00edguez.<\/strong><\/p>\n<p>Continuar\u00e1 pr\u00f3ximamente.<\/p>\n","protected":false},"excerpt":{"rendered":"<p>De izquierda a derecha de la foto.-Empleados, Directivos y Socios del Real Betis Balompi\u00e9: Joaqu\u00edn Machuca Mor\u00f3n,\u00a0 Joaqu\u00edn Machuca Antequera;\u00a0 Enrique Olmo;\u00a0 ADOLFITO-Adolfo Sancho Carrillo de Albornoz\u00a0 (4\u00ba);\u00a0 Manuel Alonso Cueli (3\u00ba por la derecha); \u00a0Manuel Sim\u00f3 Mateos y\u00a0 Antonio Tenorio Mart\u00ednez. Aunque parcialmente en recuerdo de todos aquellos directivos, empleados y socios que desarrollaban&#8230;<\/p>\n","protected":false},"author":48,"featured_media":18900,"comment_status":"open","ping_status":"open","sticky":false,"template":"","format":"standard","meta":{"_kad_post_transparent":"","_kad_post_title":"","_kad_post_layout":"","_kad_post_sidebar_id":"","_kad_post_content_style":"","_kad_post_vertical_padding":"","_kad_post_feature":"","_kad_post_feature_position":"","_kad_post_header":false,"_kad_post_footer":false,"_kad_post_classname":"","_jetpack_memberships_contains_paid_content":false,"footnotes":"","jetpack_publicize_message":"","jetpack_publicize_feature_enabled":true,"jetpack_social_post_already_shared":false,"jetpack_social_options":{"image_generator_settings":{"template":"highway","default_image_id":0,"font":"","enabled":false},"version":2}},"categories":[891,893,894,1],"tags":[1219,1639,5005,1757,4968,960,944],"class_list":["post-18899","post","type-post","status-publish","format-standard","has-post-thumbnail","hentry","category-directivos-temas","category-jugadores-temas","category-la-aficion","category-portada","tag-antonio-tenorio","tag-enrique-anino-ilzarbe-de-andueza","tag-enrique-olmo","tag-estadio-de-heliopolis","tag-juan-nogueras","tag-manuel-alonso-cueli","tag-manuel-simo"],"jetpack_publicize_connections":[],"jetpack_featured_media_url":"https:\/\/i0.wp.com\/www.manquepierda.com\/historiarealbetis\/files\/2012\/04\/JMM.jpg?fit=1488%2C880&ssl=1","jetpack_sharing_enabled":true,"jetpack_shortlink":"https:\/\/wp.me\/p1ij08-4UP","jetpack-related-posts":[],"_links":{"self":[{"href":"https:\/\/www.manquepierda.com\/historiarealbetis\/wp-json\/wp\/v2\/posts\/18899","targetHints":{"allow":["GET"]}}],"collection":[{"href":"https:\/\/www.manquepierda.com\/historiarealbetis\/wp-json\/wp\/v2\/posts"}],"about":[{"href":"https:\/\/www.manquepierda.com\/historiarealbetis\/wp-json\/wp\/v2\/types\/post"}],"author":[{"embeddable":true,"href":"https:\/\/www.manquepierda.com\/historiarealbetis\/wp-json\/wp\/v2\/users\/48"}],"replies":[{"embeddable":true,"href":"https:\/\/www.manquepierda.com\/historiarealbetis\/wp-json\/wp\/v2\/comments?post=18899"}],"version-history":[{"count":1,"href":"https:\/\/www.manquepierda.com\/historiarealbetis\/wp-json\/wp\/v2\/posts\/18899\/revisions"}],"predecessor-version":[{"id":98658,"href":"https:\/\/www.manquepierda.com\/historiarealbetis\/wp-json\/wp\/v2\/posts\/18899\/revisions\/98658"}],"wp:featuredmedia":[{"embeddable":true,"href":"https:\/\/www.manquepierda.com\/historiarealbetis\/wp-json\/wp\/v2\/media\/18900"}],"wp:attachment":[{"href":"https:\/\/www.manquepierda.com\/historiarealbetis\/wp-json\/wp\/v2\/media?parent=18899"}],"wp:term":[{"taxonomy":"category","embeddable":true,"href":"https:\/\/www.manquepierda.com\/historiarealbetis\/wp-json\/wp\/v2\/categories?post=18899"},{"taxonomy":"post_tag","embeddable":true,"href":"https:\/\/www.manquepierda.com\/historiarealbetis\/wp-json\/wp\/v2\/tags?post=18899"}],"curies":[{"name":"wp","href":"https:\/\/api.w.org\/{rel}","templated":true}]}}