{"id":19249,"date":"2012-05-15T06:57:15","date_gmt":"2012-05-15T05:57:15","guid":{"rendered":"http:\/\/www.manquepierda.com\/historiarealbetis\/?p=19249"},"modified":"2024-08-12T18:40:26","modified_gmt":"2024-08-12T16:40:26","slug":"betis-fenerbahce-copa-uefa-1995","status":"publish","type":"post","link":"https:\/\/www.manquepierda.com\/historiarealbetis\/betis-fenerbahce-copa-uefa-1995\/","title":{"rendered":"Betis-Fenerbahce Copa Uefa 1995"},"content":{"rendered":"<p><a href=\"https:\/\/i0.wp.com\/www.manquepierda.com\/historiarealbetis\/files\/2012\/05\/Betis-Fenerbahce-Uefa-19953.jpg?ssl=1\"><img data-recalc-dims=\"1\" loading=\"lazy\" decoding=\"async\" class=\"aligncenter size-full wp-image-19253\" src=\"https:\/\/i0.wp.com\/www.manquepierda.com\/historiarealbetis\/files\/2012\/05\/Betis-Fenerbahce-Uefa-19953.jpg?resize=580%2C409&#038;ssl=1\" alt=\"\" width=\"580\" height=\"409\" srcset=\"https:\/\/i0.wp.com\/www.manquepierda.com\/historiarealbetis\/files\/2012\/05\/Betis-Fenerbahce-Uefa-19953.jpg?w=580&amp;ssl=1 580w, https:\/\/i0.wp.com\/www.manquepierda.com\/historiarealbetis\/files\/2012\/05\/Betis-Fenerbahce-Uefa-19953.jpg?resize=300%2C211&amp;ssl=1 300w\" sizes=\"auto, (max-width: 580px) 100vw, 580px\" \/><\/a><\/p>\n<p>&nbsp;<\/p>\n<p>26 de Septiembre de 1995 en el Benito Villamar\u00edn\u00a0 Betis 2 \u00a0 Fenerbahce 0;\u00a0 partido de vuelta de\u00a0 la primera eliminatoria de la Copa de la Uefa.<\/p>\n<p>En la imagen el capit\u00e1n b\u00e9tico Alexis junto al tr\u00edo arbitral y el capit\u00e1n turco.<\/p>\n<p>El Betis se impuso c\u00f3modamente en el partido de vuelta con tantos de Alexis y Ca\u00f1as. En el partido de ida ya hab\u00eda vencido el Betis 1-2.<\/p>\n<p>&nbsp;<\/p>\n","protected":false},"excerpt":{"rendered":"<p>&nbsp; 26 de Septiembre de 1995 en el Benito Villamar\u00edn\u00a0 Betis 2 \u00a0 Fenerbahce 0;\u00a0 partido de vuelta de\u00a0 la primera eliminatoria de la Copa de la Uefa. En la imagen el capit\u00e1n b\u00e9tico Alexis junto al tr\u00edo arbitral y el capit\u00e1n turco. El Betis se impuso c\u00f3modamente en el partido de vuelta con tantos&#8230;<\/p>\n","protected":false},"author":5,"featured_media":19253,"comment_status":"open","ping_status":"open","sticky":false,"template":"","format":"standard","meta":{"_kad_post_transparent":"","_kad_post_title":"","_kad_post_layout":"","_kad_post_sidebar_id":"","_kad_post_content_style":"","_kad_post_vertical_padding":"","_kad_post_feature":"","_kad_post_feature_position":"","_kad_post_header":false,"_kad_post_footer":false,"_kad_post_classname":"","_jetpack_memberships_contains_paid_content":false,"footnotes":"","jetpack_publicize_message":"","jetpack_publicize_feature_enabled":true,"jetpack_social_post_already_shared":false,"jetpack_social_options":{"image_generator_settings":{"template":"highway","default_image_id":0,"font":"","enabled":false},"version":2}},"categories":[905,1],"tags":[2459,3046,1328,17882,5020],"class_list":["post-19249","post","type-post","status-publish","format-standard","has-post-thumbnail","hentry","category-1990-1999","category-portada","tag-2459","tag-1995-96","tag-alexis-trujillo","tag-copa-uefa-1995-96","tag-fenerbahce"],"jetpack_publicize_connections":[],"jetpack_featured_media_url":"https:\/\/i0.wp.com\/www.manquepierda.com\/historiarealbetis\/files\/2012\/05\/Betis-Fenerbahce-Uefa-19953.jpg?fit=580%2C409&ssl=1","jetpack_sharing_enabled":true,"jetpack_shortlink":"https:\/\/wp.me\/p1ij08-50t","jetpack-related-posts":[],"_links":{"self":[{"href":"https:\/\/www.manquepierda.com\/historiarealbetis\/wp-json\/wp\/v2\/posts\/19249","targetHints":{"allow":["GET"]}}],"collection":[{"href":"https:\/\/www.manquepierda.com\/historiarealbetis\/wp-json\/wp\/v2\/posts"}],"about":[{"href":"https:\/\/www.manquepierda.com\/historiarealbetis\/wp-json\/wp\/v2\/types\/post"}],"author":[{"embeddable":true,"href":"https:\/\/www.manquepierda.com\/historiarealbetis\/wp-json\/wp\/v2\/users\/5"}],"replies":[{"embeddable":true,"href":"https:\/\/www.manquepierda.com\/historiarealbetis\/wp-json\/wp\/v2\/comments?post=19249"}],"version-history":[{"count":1,"href":"https:\/\/www.manquepierda.com\/historiarealbetis\/wp-json\/wp\/v2\/posts\/19249\/revisions"}],"predecessor-version":[{"id":96418,"href":"https:\/\/www.manquepierda.com\/historiarealbetis\/wp-json\/wp\/v2\/posts\/19249\/revisions\/96418"}],"wp:featuredmedia":[{"embeddable":true,"href":"https:\/\/www.manquepierda.com\/historiarealbetis\/wp-json\/wp\/v2\/media\/19253"}],"wp:attachment":[{"href":"https:\/\/www.manquepierda.com\/historiarealbetis\/wp-json\/wp\/v2\/media?parent=19249"}],"wp:term":[{"taxonomy":"category","embeddable":true,"href":"https:\/\/www.manquepierda.com\/historiarealbetis\/wp-json\/wp\/v2\/categories?post=19249"},{"taxonomy":"post_tag","embeddable":true,"href":"https:\/\/www.manquepierda.com\/historiarealbetis\/wp-json\/wp\/v2\/tags?post=19249"}],"curies":[{"name":"wp","href":"https:\/\/api.w.org\/{rel}","templated":true}]}}