{"id":19319,"date":"2012-05-21T06:16:18","date_gmt":"2012-05-21T05:16:18","guid":{"rendered":"http:\/\/www.manquepierda.com\/historiarealbetis\/?p=19319"},"modified":"2024-08-01T23:15:39","modified_gmt":"2024-08-01T21:15:39","slug":"arenas-guecho-betis-liga-1933","status":"publish","type":"post","link":"https:\/\/www.manquepierda.com\/historiarealbetis\/arenas-guecho-betis-liga-1933\/","title":{"rendered":"Arenas Guecho-Betis Liga 1933"},"content":{"rendered":"<figure id=\"attachment_19320\" aria-describedby=\"caption-attachment-19320\" style=\"width: 516px\" class=\"wp-caption alignnone\"><a href=\"https:\/\/i0.wp.com\/www.manquepierda.com\/historiarealbetis\/files\/2012\/05\/Dic-21-1933-03-15-Arenas-Betis-Liga.jpg?ssl=1\"><img data-recalc-dims=\"1\" loading=\"lazy\" decoding=\"async\" class=\" wp-image-19320 \" src=\"https:\/\/i0.wp.com\/www.manquepierda.com\/historiarealbetis\/files\/2012\/05\/Dic-21-1933-03-15-Arenas-Betis-Liga.jpg?resize=516%2C411&#038;ssl=1\" alt=\"\" width=\"516\" height=\"411\" srcset=\"https:\/\/i0.wp.com\/www.manquepierda.com\/historiarealbetis\/files\/2012\/05\/Dic-21-1933-03-15-Arenas-Betis-Liga.jpg?w=737&amp;ssl=1 737w, https:\/\/i0.wp.com\/www.manquepierda.com\/historiarealbetis\/files\/2012\/05\/Dic-21-1933-03-15-Arenas-Betis-Liga.jpg?resize=300%2C238&amp;ssl=1 300w\" sizes=\"auto, (max-width: 516px) 100vw, 516px\" \/><\/a><figcaption id=\"caption-attachment-19320\" class=\"wp-caption-text\">Fuente: Mundo Gr\u00e1fico 15 de Marzo de 1933<\/figcaption><\/figure>\n<p>12 de Marzo de 1933 en Ibaiondo Arenas de Guecho 3\u00a0 Betis 3; jornada 16 del Campeonato de Liga de Primera Divisi\u00f3n.<\/p>\n<p>En la imagen el tercer tanto b\u00e9tico, obra de Gabella, \u00a0 que el meta arenero Egusquiza, no puede detener.<\/p>\n<p>En su debut en la Primera Divisi\u00f3n, y a falta de s\u00f3lo 2 jornadas, el Betis se instalaba en una c\u00f3moda quinta plaza.<\/p>\n","protected":false},"excerpt":{"rendered":"<p>12 de Marzo de 1933 en Ibaiondo Arenas de Guecho 3\u00a0 Betis 3; jornada 16 del Campeonato de Liga de Primera Divisi\u00f3n. En la imagen el tercer tanto b\u00e9tico, obra de Gabella, \u00a0 que el meta arenero Egusquiza, no puede detener. En su debut en la Primera Divisi\u00f3n, y a falta de s\u00f3lo 2 jornadas,&#8230;<\/p>\n","protected":false},"author":5,"featured_media":19320,"comment_status":"open","ping_status":"open","sticky":false,"template":"","format":"standard","meta":{"_kad_post_transparent":"","_kad_post_title":"","_kad_post_layout":"","_kad_post_sidebar_id":"","_kad_post_content_style":"","_kad_post_vertical_padding":"","_kad_post_feature":"","_kad_post_feature_position":"","_kad_post_header":false,"_kad_post_footer":false,"_kad_post_classname":"","_jetpack_memberships_contains_paid_content":false,"footnotes":"","jetpack_publicize_message":"","jetpack_publicize_feature_enabled":true,"jetpack_social_post_already_shared":false,"jetpack_social_options":{"image_generator_settings":{"template":"highway","default_image_id":0,"font":"","enabled":false},"version":2}},"categories":[899,1],"tags":[2575,1537,11765,3818,5026],"class_list":["post-19319","post","type-post","status-publish","format-standard","has-post-thumbnail","hentry","category-1930-1939","category-portada","tag-1932-33","tag-1537","tag-arenas-club-de-getxo","tag-ibaiondo","tag-manuel-gabella"],"jetpack_publicize_connections":[],"jetpack_featured_media_url":"https:\/\/i0.wp.com\/www.manquepierda.com\/historiarealbetis\/files\/2012\/05\/Dic-21-1933-03-15-Arenas-Betis-Liga.jpg?fit=737%2C587&ssl=1","jetpack_sharing_enabled":true,"jetpack_shortlink":"https:\/\/wp.me\/p1ij08-51B","jetpack-related-posts":[],"_links":{"self":[{"href":"https:\/\/www.manquepierda.com\/historiarealbetis\/wp-json\/wp\/v2\/posts\/19319","targetHints":{"allow":["GET"]}}],"collection":[{"href":"https:\/\/www.manquepierda.com\/historiarealbetis\/wp-json\/wp\/v2\/posts"}],"about":[{"href":"https:\/\/www.manquepierda.com\/historiarealbetis\/wp-json\/wp\/v2\/types\/post"}],"author":[{"embeddable":true,"href":"https:\/\/www.manquepierda.com\/historiarealbetis\/wp-json\/wp\/v2\/users\/5"}],"replies":[{"embeddable":true,"href":"https:\/\/www.manquepierda.com\/historiarealbetis\/wp-json\/wp\/v2\/comments?post=19319"}],"version-history":[{"count":2,"href":"https:\/\/www.manquepierda.com\/historiarealbetis\/wp-json\/wp\/v2\/posts\/19319\/revisions"}],"predecessor-version":[{"id":95098,"href":"https:\/\/www.manquepierda.com\/historiarealbetis\/wp-json\/wp\/v2\/posts\/19319\/revisions\/95098"}],"wp:featuredmedia":[{"embeddable":true,"href":"https:\/\/www.manquepierda.com\/historiarealbetis\/wp-json\/wp\/v2\/media\/19320"}],"wp:attachment":[{"href":"https:\/\/www.manquepierda.com\/historiarealbetis\/wp-json\/wp\/v2\/media?parent=19319"}],"wp:term":[{"taxonomy":"category","embeddable":true,"href":"https:\/\/www.manquepierda.com\/historiarealbetis\/wp-json\/wp\/v2\/categories?post=19319"},{"taxonomy":"post_tag","embeddable":true,"href":"https:\/\/www.manquepierda.com\/historiarealbetis\/wp-json\/wp\/v2\/tags?post=19319"}],"curies":[{"name":"wp","href":"https:\/\/api.w.org\/{rel}","templated":true}]}}