{"id":19487,"date":"2012-05-27T18:51:22","date_gmt":"2012-05-27T17:51:22","guid":{"rendered":"http:\/\/www.manquepierda.com\/historiarealbetis\/?p=19487"},"modified":"2012-05-28T06:26:39","modified_gmt":"2012-05-28T05:26:39","slug":"1968-febrero-entrevista-a-sabino-barinaga-alberdi-entrenador-del-betis-balompie","status":"publish","type":"post","link":"https:\/\/www.manquepierda.com\/historiarealbetis\/1968-febrero-entrevista-a-sabino-barinaga-alberdi-entrenador-del-betis-balompie\/","title":{"rendered":"1968-Febrero.-Entrevista a Sabino BARINAGA Alberdi, entrenador del Betis Balompi\u00e9."},"content":{"rendered":"<p>&nbsp;<\/p>\n<p style=\"text-align: center\"><a href=\"https:\/\/i0.wp.com\/www.manquepierda.com\/historiarealbetis\/files\/2012\/05\/SBA1.jpg?ssl=1\"><img data-recalc-dims=\"1\" loading=\"lazy\" decoding=\"async\" class=\"alignright size-medium wp-image-19489\" src=\"https:\/\/i0.wp.com\/www.manquepierda.com\/historiarealbetis\/files\/2012\/05\/SBA1.jpg?resize=300%2C288&#038;ssl=1\" alt=\"\" width=\"300\" height=\"288\" srcset=\"https:\/\/i0.wp.com\/www.manquepierda.com\/historiarealbetis\/files\/2012\/05\/SBA1.jpg?resize=300%2C288&amp;ssl=1 300w, https:\/\/i0.wp.com\/www.manquepierda.com\/historiarealbetis\/files\/2012\/05\/SBA1.jpg?w=864&amp;ssl=1 864w\" sizes=\"auto, (max-width: 300px) 100vw, 300px\" \/><\/a><strong><em>Sabino BARINAGA Alberdi.<\/em><\/strong><\/p>\n<p><strong><em>Durango (Vizcaya), martes 15 de Agosto de 1922.-Madrid, s\u00e1bado 19 de Marzo de 1988.-65 a\u00f1os.-D. E. P.<br \/>\n<\/em><\/strong><\/p>\n<p style=\"text-align: center\"><strong><em>ENTRENADOR REAL BETIS BALOMPI\u00c9-Temporadas<\/em><\/strong>:<\/p>\n<p style=\"text-align: left\"><strong><em>1954-1955 Segunda Divisi\u00f3n-Grupo 2\u00ba-Sur,\u00a0 32 a\u00f1os: Sustituyendo a Francisco G\u00f3mez Vicente, desde el viernes 29 de Abril de 1955,\u00a0 durante 5 Jornadas \u00faltimas.<br \/>\n<\/em><\/strong><\/p>\n<p style=\"text-align: left\"><strong><em><\/em><em>1959-1960 Primera Divisi\u00f3n,\u00a0 37 a\u00f1os:\u00a0 Tras ser cesado Enrique Fern\u00e1ndez Viola<\/em><em>.-28 partidos desde la 11\u00aa\u00a0 jornada hasta la 30\u00aa final.<\/em><\/strong><\/p>\n<p style=\"text-align: left\"><strong><em><\/em><em>1967-1968 Primera Divisi\u00f3n,\u00a0 45 a\u00f1os:\u00a0 Sustituyendo a Pepe Valera Nocera (08\u00aa \u00e1 16\u00aa jornadas) y \u00e9ste a C\u00e9sar Rodr\u00edguez \u00c1lvarez (01\u00aa \u00e1 07\u00aa jornadas); desde 17\u00aa hasta la jornada final 30\u00aa, ambas inclusives.<\/em><\/strong><\/p>\n<p style=\"text-align: left\"><strong><em>1968-1969 Segunda Divisi\u00f3n,\u00a0 46 a\u00f1os:\u00a0 Siendo sustitu\u00eddo por Ferdinand Daucik Fonfer y Santiago Tejera Arroyo, respectivamente.<\/em><\/strong><\/p>\n<p style=\"text-align: center\"><strong><\/strong>\u00aben juego la Liga y el&#8230; descenso\u00bb<\/p>\n<p style=\"text-align: center\"><strong>BARINAGA, ROTUNDO: \u00abGANAREMOS AL BARCELONA\u00bb.<\/strong><\/p>\n<p style=\"text-align: left\"><strong>En manos de Sabino Barinaga est\u00e1 una de las posibilidades de que el Real Betis Balompi\u00e9 pueda a\u00fan,\u00a0 a estas alturas,\u00a0 alentar esperanzas de salvaci\u00f3n. \u00a0<\/strong><\/p>\n<p style=\"text-align: left\"><strong>Y Barinaga,\u00a0 en cierto modo,\u00a0 se muestra optimista,\u00a0 aun teniendo como inmediato vecino al FC Barcelona, que le visita en el Estadio \u00abBenito Villamar\u00edn\u00bb ma\u00f1ana domingo, 18-Febrero-1968.<\/strong><\/p>\n<p style=\"text-align: left\"><strong>A primeras horas de la tarde hemos dialogado con Sabino despu\u00e9s del entrenamiento efectuado.<\/strong><\/p>\n<p style=\"text-align: left\"><strong><em>&#8211;Comprendo la trascendencia del encuentro ante los catalanes<\/em>&#8211;dice&#8211;<em>;\u00a0 pero,\u00a0 a pesar de ello,\u00a0 mi pron\u00f3stivo es ilusionado.<\/em><\/strong><\/p>\n<p style=\"text-align: left\"><strong><em><\/em>&#8211;\u00bfEn qu\u00e9 sentido?<\/strong><\/p>\n<p style=\"text-align: left\"><strong><em>&#8211;Ganaremos.<\/em><\/strong><\/p>\n<p style=\"text-align: left\"><strong><em><\/em>&#8211;\u00bfCree f\u00e1cil derrotar al Barcelona o halla tan recuperada a su plantilla?<\/strong><\/p>\n<p style=\"text-align: left\"><strong><em>&#8211;Ni lo uno ni lo otro.\u00a0 Pero nuestra victoria llegar\u00e1 por otro camino.<\/em><\/strong><\/p>\n<p style=\"text-align: left\"><strong><em><\/em>&#8211;\u00bfCu\u00e1l?<\/strong><\/p>\n<p style=\"text-align: left\"><strong><em>&#8211;El de la elevada moral que nos anima;\u00a0 porque lucharemos con denuedo,\u00a0 ya que en el partido nos va mucho o todo y,\u00a0 en fin,\u00a0 porque el Barcelona es equipo al que se puede vencer siempre que se le comprenda y conozca su momento.\u00a0 Tan s\u00f3lo necesitamos que la suerte nos ayude.<\/em><\/strong><\/p>\n<p style=\"text-align: left\"><strong><em><\/em>&#8211;\u00bfC\u00f3mo aprecia el momento actual de su equipo?<\/strong><\/p>\n<p style=\"text-align: left\"><strong><em>&#8211;Ya hemos conseguido una cosa importante:\u00a0 vitalizar la l\u00ednea de cobertura.\u00a0 Cuando me hice cargo del Betis Balompi\u00e9,\u00a0 observ\u00e9 que era un equipo con una delantera goleadora,\u00a0 pero tambi\u00e9n que su marco hab\u00eda sido muy batido.\u00a0 En mis primeros d\u00edas estudi\u00e9 las causas y comprend\u00ed que las l\u00edneas de cobertura flaqueaban.\u00a0 Y dediqu\u00e9 preferente atenci\u00f3n a consolidarlas.\u00a0 <\/em><em>Creo haberlo conseguido.\u00a0 Ahora trabajo en otros dos importantes menesteres<\/em><em>:\u00a0 en buscar fluidez para la l\u00ednea delantera y que el trabajo del equipo sea m\u00e1s compenetrado;\u00a0 porque,\u00a0 por ejemplo,\u00a0 no s\u00e9 si ver\u00eda usted por televisi\u00f3n que en Elche el domingo se abus\u00f3 excesivamente del individualismo,\u00a0 y eso en el f\u00fatbol es un factor negativo.<\/em><\/strong><\/p>\n<p style=\"text-align: left\"><strong>&#8211;Habl\u00f3 antes de que las l\u00edneas de cobertura verdiblancas las encontr\u00f3 muy d\u00e9biles \u00bfQu\u00e9 les suced\u00eda?<\/strong><\/p>\n<p style=\"text-align: left\"><strong><em>&#8211;Carec\u00edan de veteran\u00eda.\u00a0 De hombres expertos.\u00a0 Comprendo que Eusebio R\u00edos es ya jugador del que no se puede abusar,\u00a0 y bastante hace con estar a punto.\u00a0 Pero no se le puede prodigar.\u00a0 Sin embargo,\u00a0 hay otros elementos experimentados,\u00a0 como el catal\u00e1n Francesc\u00a0 Grau,\u00a0 que,\u00a0 incompresiblemente estaba olvidado.\u00a0 Tan pronto he incorporado esa experiencia junto al magn\u00edfico grupo de valores j\u00f3venes,\u00a0 la defensa y los volantes se han fortalecido.\u00a0 Y as\u00ed el hombre de la puerta act\u00faa con mayor seguridad.<\/em><\/strong><\/p>\n<p style=\"text-align: left\"><strong>&#8211;\u00bfY conseguir\u00e1 algo parecido en la delantera?<\/strong><\/p>\n<p style=\"text-align: left\"><strong><em>&#8211;Es preciso.\u00a0 Jugadores abundan para ello.\u00a0 Aqu\u00ed la veteran\u00eda no hace falta,\u00a0 porque ya existe: Rogelio Sosa.\u00a0 Y con \u00e9l,\u00a0 una serie de promesas magn\u00edficas que,\u00a0 tan pronto coordinen y se entiendan,\u00a0 asegurar\u00e1n el rendimiento general.<\/em><\/strong><\/p>\n<p style=\"text-align: center\"><strong><em><\/em>Como ep\u00edlogo de nuestra entrevista,\u00a0 preguntamos a nuestro interlocutor:<\/strong><\/p>\n<p style=\"text-align: left\"><strong>&#8211;\u00bfEspera que el equipo permanezca en la Divisi\u00f3n de Honor?<\/strong><\/p>\n<p style=\"text-align: left\"><strong><em>&#8211;Lo estamos intentando.\u00a0 Y si la suerte ayuda un poquito,\u00a0 \u00bfpor qu\u00e9 no?\u00a0 El Real Betis Balompi\u00e9 a\u00fan tiene que luchar mucho,\u00a0 <\/em><em>porque,\u00a0 si bien el calendario de partidos a disputar en casa entra\u00f1a enormes dificultades y peligros,\u00a0 en las salidas podemos encontrar ocasiones propicias.\u00a0 De todos modos,\u00a0 los partidos que jugaremos en nuestro terreno son de vida o muerte,\u00a0 y en trance desesperado,\u00a0 ya se sabe\u00a0 que se obran milagros.\u00a0 Por ello conf\u00edo que de aqu\u00ed hasta el final de la Liga se sucedan agradables acontecimientos para el Betis Balompi\u00e9,\u00a0 empezando el domingo a costa del FC Barcelona.<\/em><\/strong><\/p>\n<p style=\"text-align: center\"><strong><em><\/em><\/strong><a href=\"https:\/\/i0.wp.com\/www.manquepierda.com\/historiarealbetis\/files\/2012\/05\/SBA-001.jpg?ssl=1\"><img data-recalc-dims=\"1\" loading=\"lazy\" decoding=\"async\" class=\"aligncenter size-full wp-image-19490\" src=\"https:\/\/i0.wp.com\/www.manquepierda.com\/historiarealbetis\/files\/2012\/05\/SBA-001.jpg?resize=592%2C432&#038;ssl=1\" alt=\"\" width=\"592\" height=\"432\" srcset=\"https:\/\/i0.wp.com\/www.manquepierda.com\/historiarealbetis\/files\/2012\/05\/SBA-001.jpg?w=592&amp;ssl=1 592w, https:\/\/i0.wp.com\/www.manquepierda.com\/historiarealbetis\/files\/2012\/05\/SBA-001.jpg?resize=300%2C218&amp;ssl=1 300w\" sizes=\"auto, (max-width: 592px) 100vw, 592px\" \/><\/a><\/p>\n<p style=\"text-align: center\"><strong><em>EQUIPO DEL REAL BETIS BALOMPI\u00c9 1967-1968.<\/em><\/strong><\/p>\n<p style=\"text-align: left\">Fuente:<\/p>\n<p style=\"text-align: left\"><strong>\u00abEl Mundo Deportivo\u00bb,\u00a0 Barcelona 19680217 s\u00e1bado.-Entrevista enviada por tel\u00e9fono desde Sevilla de Juan Manuel De la Hera.-Fotos: FARRAN.<br \/>\n<\/strong><\/p>\n<p style=\"text-align: left\">\n","protected":false},"excerpt":{"rendered":"<p>&nbsp; Sabino BARINAGA Alberdi. Durango (Vizcaya), martes 15 de Agosto de 1922.-Madrid, s\u00e1bado 19 de Marzo de 1988.-65 a\u00f1os.-D. E. P. ENTRENADOR REAL BETIS BALOMPI\u00c9-Temporadas: 1954-1955 Segunda Divisi\u00f3n-Grupo 2\u00ba-Sur,\u00a0 32 a\u00f1os: Sustituyendo a Francisco G\u00f3mez Vicente, desde el viernes 29 de Abril de 1955,\u00a0 durante 5 Jornadas \u00faltimas. 1959-1960 Primera Divisi\u00f3n,\u00a0 37 a\u00f1os:\u00a0 Tras ser&#8230;<\/p>\n","protected":false},"author":48,"featured_media":19489,"comment_status":"open","ping_status":"open","sticky":false,"template":"","format":"standard","meta":{"_kad_post_transparent":"","_kad_post_title":"","_kad_post_layout":"","_kad_post_sidebar_id":"","_kad_post_content_style":"","_kad_post_vertical_padding":"","_kad_post_feature":"","_kad_post_feature_position":"","_kad_post_header":false,"_kad_post_footer":false,"_kad_post_classname":"","_jetpack_memberships_contains_paid_content":false,"footnotes":"","jetpack_publicize_message":"","jetpack_publicize_feature_enabled":true,"jetpack_social_post_already_shared":false,"jetpack_social_options":{"image_generator_settings":{"template":"highway","default_image_id":0,"font":"","enabled":false},"version":2}},"categories":[902,892,1],"tags":[],"class_list":["post-19487","post","type-post","status-publish","format-standard","has-post-thumbnail","hentry","category-1960-1969","category-entrenadores-temas","category-portada"],"jetpack_publicize_connections":[],"jetpack_featured_media_url":"https:\/\/i0.wp.com\/www.manquepierda.com\/historiarealbetis\/files\/2012\/05\/SBA1.jpg?fit=864%2C832&ssl=1","jetpack_sharing_enabled":true,"jetpack_shortlink":"https:\/\/wp.me\/p1ij08-54j","jetpack-related-posts":[],"_links":{"self":[{"href":"https:\/\/www.manquepierda.com\/historiarealbetis\/wp-json\/wp\/v2\/posts\/19487","targetHints":{"allow":["GET"]}}],"collection":[{"href":"https:\/\/www.manquepierda.com\/historiarealbetis\/wp-json\/wp\/v2\/posts"}],"about":[{"href":"https:\/\/www.manquepierda.com\/historiarealbetis\/wp-json\/wp\/v2\/types\/post"}],"author":[{"embeddable":true,"href":"https:\/\/www.manquepierda.com\/historiarealbetis\/wp-json\/wp\/v2\/users\/48"}],"replies":[{"embeddable":true,"href":"https:\/\/www.manquepierda.com\/historiarealbetis\/wp-json\/wp\/v2\/comments?post=19487"}],"version-history":[{"count":0,"href":"https:\/\/www.manquepierda.com\/historiarealbetis\/wp-json\/wp\/v2\/posts\/19487\/revisions"}],"wp:featuredmedia":[{"embeddable":true,"href":"https:\/\/www.manquepierda.com\/historiarealbetis\/wp-json\/wp\/v2\/media\/19489"}],"wp:attachment":[{"href":"https:\/\/www.manquepierda.com\/historiarealbetis\/wp-json\/wp\/v2\/media?parent=19487"}],"wp:term":[{"taxonomy":"category","embeddable":true,"href":"https:\/\/www.manquepierda.com\/historiarealbetis\/wp-json\/wp\/v2\/categories?post=19487"},{"taxonomy":"post_tag","embeddable":true,"href":"https:\/\/www.manquepierda.com\/historiarealbetis\/wp-json\/wp\/v2\/tags?post=19487"}],"curies":[{"name":"wp","href":"https:\/\/api.w.org\/{rel}","templated":true}]}}