{"id":19496,"date":"2012-05-27T20:31:04","date_gmt":"2012-05-27T19:31:04","guid":{"rendered":"http:\/\/www.manquepierda.com\/historiarealbetis\/?p=19496"},"modified":"2012-06-18T15:28:00","modified_gmt":"2012-06-18T14:28:00","slug":"1968-febrero-entrevista-a-antonio-ezequiel-manaute-pinto","status":"publish","type":"post","link":"https:\/\/www.manquepierda.com\/historiarealbetis\/1968-febrero-entrevista-a-antonio-ezequiel-manaute-pinto\/","title":{"rendered":"1968-Febrero: Entrevista a Antonio EZEQUIEL Manaute Pinto."},"content":{"rendered":"<p style=\"text-align: left;\"><a href=\"https:\/\/i0.wp.com\/www.manquepierda.com\/historiarealbetis\/files\/2012\/05\/AEMP.jpg?ssl=1\"><img data-recalc-dims=\"1\" loading=\"lazy\" decoding=\"async\" class=\"aligncenter size-full wp-image-19497\" src=\"https:\/\/i0.wp.com\/www.manquepierda.com\/historiarealbetis\/files\/2012\/05\/AEMP.jpg?resize=164%2C244&#038;ssl=1\" alt=\"\" width=\"164\" height=\"244\" \/><\/a><strong><em>Antonio EZEQUIEL Manaute Pinto.-Huelva, mi\u00e9rcoles 23-Enero-1946; s\u00e1bado 18-Junio-2012, a los 66 a\u00f1os de edad.-D. E. P.<br \/>\n<\/em><\/strong><\/p>\n<p style=\"text-align: center;\"><strong>\u00abLOS B\u00c9TICOS CUIDAN DE SU CANTERA\u00bb.<\/strong><\/p>\n<p style=\"text-align: center;\"><strong>\u00abEzequiel, sali\u00f3 del Triana, \u00faltimo producto de la nueva ola\u00bb.<\/strong><\/p>\n<p style=\"text-align: left;\"><strong>El Real Betis Balompi\u00e9 es un equipo que cuida al m\u00e1ximo su Cantera.\u00a0 Buena prueba de ello son los innumerables jugadores que han surgido de su filial oficial, el Triana Balompi\u00e9 (1962-1972).<br \/>\n<\/strong><\/p>\n<p style=\"text-align: left;\"><strong>Hoy les vamos a presentar aqu\u00ed a uno de ellos:\u00a0 Antonio Ezequiel Manaute.\u00a0 Un chico joven,\u00a0 como todos los que militan en el Triana.<\/strong><\/p>\n<p style=\"text-align: left;\"><strong>&#8211;\u00bfCu\u00e1ntos a\u00f1os?<\/strong><\/p>\n<p style=\"text-align: left;\"><strong><em>&#8211;Veintid\u00f3s cumplidos.<\/em><\/strong><\/p>\n<p style=\"text-align: left;\"><strong>&#8211;\u00bfCu\u00e1l es su historial deportivo?<\/strong><\/p>\n<p style=\"text-align: left;\"><strong><em>&#8211;Comenc\u00e9,\u00a0 ya en plan un poquito en serio, en la Sociedad Deportiva Ponferradina,\u00a0 en la temporada 1962-1963.\u00a0 De ah\u00ed pas\u00e9 al Club Deportivo Don Benito,\u00a0 de Badajoz.\u00a0 Luego vino ya mi inclusi\u00f3n en el Triana Balompi\u00e9,\u00a0 de donde el\u00a0 paso obligado es el Real Betis Balompi\u00e9.<\/em><\/strong><\/p>\n<p style=\"text-align: left;\"><strong>&#8211;A pesar de haber jugado en tierras leonesas,\u00a0 su acento le traiciona.<\/strong><\/p>\n<p><strong><em>&#8211;Indudablemente.\u00a0 Soy de Huelva.<\/em><\/strong><\/p>\n<p><strong>Ezequiel debut\u00f3 en Primera Divisi\u00f3n 1967-1968 en el Estadio \u00abSantiago Bernab\u00e9u\u00bb ,\u00a0 el s\u00e1bado 11 de Noviembre de 1967:\u00a0 Real Madrid CF-3 goles vs. Real Betis Balompi\u00e9-0 Tanto.<\/strong><\/p>\n<p><strong>&#8211;\u00bfLe abrum\u00f3 la responsabilidad?<\/strong><\/p>\n<p><strong><em>&#8211;Me jugaba demasiado en\u00a0 aquel partido como para pensar en nervios.\u00a0 No los tuve,\u00a0 aunque la misi\u00f3n que se me encomend\u00f3,\u00a0 la de escoba, se me presentaba realmente dif\u00edcil.<\/em><\/strong><\/p>\n<p><strong><em><\/em>&#8211;\u00bfEn qu\u00e9 puesto juega habitualmente?<\/strong><\/p>\n<p><strong><em>&#8211;Vengo alternando,\u00a0 normalmente,\u00a0 los puestos de central,\u00a0 medio y lateral,\u00a0 siempre en misiones defensivas.\u00a0 No tengo,\u00a0 por tanto,\u00a0 un puesto fijo.<\/em><\/strong><\/p>\n<p><strong><em><\/em>&#8211;\u00bfTitular ya?<\/strong><\/p>\n<p><strong><em>&#8211;No s\u00e9 si me habr\u00e9 ganado el puesto.\u00a0 Ilusi\u00f3n y esperanza s\u00ed que tengo;\u00a0 pero es el entrenador quien ha de decidir.\u00a0 Adem\u00e1s,\u00a0 con esta lesi\u00f3n&#8230;<\/em><\/strong><\/p>\n<p><strong><em><\/em>Aclaremos,\u00a0 por nuestra cuenta,\u00a0 que el chico sufri\u00f3 una lesi\u00f3n en el partido de la 18\u00aa Jornada de Liga Primera Divisi\u00f3n 1967-1968 celebrado en el Estadio de la Nueva Creu Alta:<\/strong><\/p>\n<p><strong> Centro Deportes Sabadell-3 Tantos vs. Real Betis Balompi\u00e9-1 (87 minutos: \u00abgol del cojo\u00bb de Ezequiel, jug\u00f3 los 90 minutos).<\/strong><\/p>\n<p><strong>Cuatro son los partidos que Ezequiel ha jugado en la Divisi\u00f3n de Honor 1967-1968 con el Real Betis Balompi\u00e9.<\/strong><\/p>\n<p style=\"text-align: left;\"><strong>De estos 4 encuentros:<\/strong><\/p>\n<p style=\"text-align: left;\"><strong>08\u00aa Jornada.-Real Madrid CF-3 vs. Real Betis Balompi\u00e9-0 (11-Noviembre-1967).-Entrenador: Jos\u00e9 Valera Nocera.<\/strong><\/p>\n<p style=\"text-align: left;\"><strong>15\u00aa Jornada.-Real Betis Balompi\u00e9-0 vs. Club Atl\u00e9tico de Madrid-2 (07-Enero-1968).-Entrenador: Jos\u00e9 Valera Nocera.<\/strong><\/p>\n<p style=\"text-align: left;\"><strong>16\u00aa Jornada.-Real Betis Balompi\u00e9-0 vs. Valencia CF-2 (14-Enero-1968).-Entrenador: Jos\u00e9 Valera Nocera.<\/strong><\/p>\n<p style=\"text-align: left;\"><strong>18\u00aa Jornada.-Centro de Deportes Sabadell-3 vs. Real Betis Balompi\u00e9-1 (28-Enero-1968).-Entrenador: Sabino Barinaga Alberdi.<\/strong><\/p>\n<p style=\"text-align: left;\"><strong>&#8211;\u00bfqu\u00e9 jugador ha sido el que le ha proporcionado mayores quebraderos de cabeza?<\/strong><\/p>\n<p><strong><em>&#8211;Sin duda alguna,\u00a0 LU\u00cdS Aragon\u00e9s Su\u00e1rez,\u00a0 el interior del Club Atl\u00e9tico de Madrid,\u00a0 y Vicente Anastasio JARA\u00a0 Segovia,\u00a0 extremo del Valencia CF.<\/em><\/strong><\/p>\n<p><strong><em><\/em>&#8211;\u00bfCu\u00e1ntos a\u00f1os estipula el contrato que estar\u00e1 usted sujeto a la disciplina del Club Verdiblanco?<\/strong><\/p>\n<p><strong><em>&#8211;Los que procedemos del Triana Balompi\u00e9,\u00a0 filial,\u00a0 como sabe,\u00a0 del Real Betis Balompi\u00e9,\u00a0 al pasar a \u00e9ste firmamos en blanco.\u00a0 Es decir,\u00a0 hasta que el Club estime necesario que debe prescindir de nuestros servicios.<\/em><\/strong><\/p>\n<p><strong><em><\/em>&#8211;\u00bfVive del f\u00fatbol actualmente?<\/strong><\/p>\n<p><strong><em>&#8211;No me queda otro remedio,\u00a0 ya que mi antigua profesi\u00f3n no la podr\u00eda ejercer debido a las horas que tengo que dedicar al f\u00fatbol.<\/em><\/strong><\/p>\n<p><strong><em><\/em>&#8211;\u00bfY cu\u00e1l era su ocupaci\u00f3n anterior?<\/strong><\/p>\n<p><strong><em>&#8211;Estaba colocado en la oficina con mi familia,\u00a0 en cosas relacionada con la industria pesquera.<\/em><\/strong><\/p>\n<p><strong><em><\/em>&#8211;El FC Barcelona es el visitante el pr\u00f3ximo domingo 18-02-1968,\u00a0 21\u00aa Jornada en el Estadio \u00abBenito Villamar\u00edn\u00bb&#8230;<\/strong><\/p>\n<p><strong><em>&#8211;Y ah\u00ed es donde podemos dar el primer paso hacia la salvaci\u00f3n&#8230;<\/em><\/strong><\/p>\n<p style=\"text-align: left;\"><strong><em>**Resultado final-No fue alineado por Sabino Barinaga Alberdi: <\/em><\/strong><\/p>\n<p style=\"text-align: left;\"><strong><em>Real Betis Balompi\u00e9-4 Goles (1-0,\u00a0 05 minutos:\u00a0 QUINO;\u00a0 2-1, 14 minutos:\u00a0 ROGELIO;\u00a0 3-1,\u00a0 53 minutos: LANDA;\u00a0 4-1,\u00a0 58 minutos:\u00a0 LANDA).<br \/>\n<\/em><\/strong><\/p>\n<p style=\"text-align: left;\"><strong><em>vs. FC Barcelona-3 Tantos (1-1, 11 minutos: Fust\u00e9 de penalti por manos de Azc\u00e1rate;\u00a0 4-2,\u00a0 73 minutos:\u00a0 Zald\u00faa;\u00a0 4-3,\u00a0 80 minutos:\u00a0 Zald\u00faa).<br \/>\n<\/em><\/strong><\/p>\n<p style=\"text-align: left;\">Entrevista realizada por Antonio Calvo.-Diario \u00abEl Mundo Deportivo\u00bb, Barcelona 19680217, s\u00e1bado.<strong><em><br \/>\n<\/em><\/strong><\/p>\n<p>&nbsp;<\/p>\n<p style=\"text-align: left;\"><strong><br \/>\n<\/strong><\/p>\n","protected":false},"excerpt":{"rendered":"<p>Antonio EZEQUIEL Manaute Pinto.-Huelva, mi\u00e9rcoles 23-Enero-1946; s\u00e1bado 18-Junio-2012, a los 66 a\u00f1os de edad.-D. E. P. \u00abLOS B\u00c9TICOS CUIDAN DE SU CANTERA\u00bb. \u00abEzequiel, sali\u00f3 del Triana, \u00faltimo producto de la nueva ola\u00bb. El Real Betis Balompi\u00e9 es un equipo que cuida al m\u00e1ximo su Cantera.\u00a0 Buena prueba de ello son los innumerables jugadores que han&#8230;<\/p>\n","protected":false},"author":48,"featured_media":19497,"comment_status":"open","ping_status":"open","sticky":false,"template":"","format":"standard","meta":{"_kad_post_transparent":"","_kad_post_title":"","_kad_post_layout":"","_kad_post_sidebar_id":"","_kad_post_content_style":"","_kad_post_vertical_padding":"","_kad_post_feature":"","_kad_post_feature_position":"","_kad_post_header":false,"_kad_post_footer":false,"_kad_post_classname":"","_jetpack_memberships_contains_paid_content":false,"footnotes":"","jetpack_publicize_message":"","jetpack_publicize_feature_enabled":true,"jetpack_social_post_already_shared":false,"jetpack_social_options":{"image_generator_settings":{"template":"highway","default_image_id":0,"font":"","enabled":false},"version":2}},"categories":[902,893,1],"tags":[],"class_list":["post-19496","post","type-post","status-publish","format-standard","has-post-thumbnail","hentry","category-1960-1969","category-jugadores-temas","category-portada"],"jetpack_publicize_connections":[],"jetpack_featured_media_url":"https:\/\/i0.wp.com\/www.manquepierda.com\/historiarealbetis\/files\/2012\/05\/AEMP.jpg?fit=164%2C244&ssl=1","jetpack_sharing_enabled":true,"jetpack_shortlink":"https:\/\/wp.me\/p1ij08-54s","jetpack-related-posts":[],"_links":{"self":[{"href":"https:\/\/www.manquepierda.com\/historiarealbetis\/wp-json\/wp\/v2\/posts\/19496","targetHints":{"allow":["GET"]}}],"collection":[{"href":"https:\/\/www.manquepierda.com\/historiarealbetis\/wp-json\/wp\/v2\/posts"}],"about":[{"href":"https:\/\/www.manquepierda.com\/historiarealbetis\/wp-json\/wp\/v2\/types\/post"}],"author":[{"embeddable":true,"href":"https:\/\/www.manquepierda.com\/historiarealbetis\/wp-json\/wp\/v2\/users\/48"}],"replies":[{"embeddable":true,"href":"https:\/\/www.manquepierda.com\/historiarealbetis\/wp-json\/wp\/v2\/comments?post=19496"}],"version-history":[{"count":0,"href":"https:\/\/www.manquepierda.com\/historiarealbetis\/wp-json\/wp\/v2\/posts\/19496\/revisions"}],"wp:featuredmedia":[{"embeddable":true,"href":"https:\/\/www.manquepierda.com\/historiarealbetis\/wp-json\/wp\/v2\/media\/19497"}],"wp:attachment":[{"href":"https:\/\/www.manquepierda.com\/historiarealbetis\/wp-json\/wp\/v2\/media?parent=19496"}],"wp:term":[{"taxonomy":"category","embeddable":true,"href":"https:\/\/www.manquepierda.com\/historiarealbetis\/wp-json\/wp\/v2\/categories?post=19496"},{"taxonomy":"post_tag","embeddable":true,"href":"https:\/\/www.manquepierda.com\/historiarealbetis\/wp-json\/wp\/v2\/tags?post=19496"}],"curies":[{"name":"wp","href":"https:\/\/api.w.org\/{rel}","templated":true}]}}