{"id":19614,"date":"2012-06-02T15:18:31","date_gmt":"2012-06-02T14:18:31","guid":{"rendered":"http:\/\/www.manquepierda.com\/historiarealbetis\/?p=19614"},"modified":"2012-06-02T16:17:10","modified_gmt":"2012-06-02T15:17:10","slug":"andres-bosch-pujol-internacional-d-e-p-73","status":"publish","type":"post","link":"https:\/\/www.manquepierda.com\/historiarealbetis\/andres-bosch-pujol-internacional-d-e-p-73\/","title":{"rendered":"Andr\u00e9s BOSCH Pujol-Internacional.-D. E. P."},"content":{"rendered":"<p><strong><a href=\"https:\/\/i0.wp.com\/www.manquepierda.com\/historiarealbetis\/files\/2012\/06\/Bosch1.jpg?ssl=1\"><img data-recalc-dims=\"1\" loading=\"lazy\" decoding=\"async\" class=\"alignright size-medium wp-image-19616\" src=\"https:\/\/i0.wp.com\/www.manquepierda.com\/historiarealbetis\/files\/2012\/06\/Bosch1.jpg?resize=300%2C185&#038;ssl=1\" alt=\"\" width=\"300\" height=\"185\" srcset=\"https:\/\/i0.wp.com\/www.manquepierda.com\/historiarealbetis\/files\/2012\/06\/Bosch1.jpg?resize=300%2C185&amp;ssl=1 300w, https:\/\/i0.wp.com\/www.manquepierda.com\/historiarealbetis\/files\/2012\/06\/Bosch1.jpg?resize=1024%2C632&amp;ssl=1 1024w, https:\/\/i0.wp.com\/www.manquepierda.com\/historiarealbetis\/files\/2012\/06\/Bosch1.jpg?w=1296&amp;ssl=1 1296w\" sizes=\"auto, (max-width: 300px) 100vw, 300px\" \/><\/a><em>1956-Mayo 31, jueves.-Estadio \u00abLes Corts\u00bb de Barcelona: ESPA\u00d1A B-2 vs. ALEMANIA B-5.<\/em><\/strong><\/p>\n<p><strong><em>El equipo estaba integrado por,\u00a0 <\/em>de pi\u00e9 y de izquierda a derecha de la imagen:<\/strong><\/p>\n<p><strong><em>Alonso,\u00a0 Argil\u00e9s,\u00a0 Biosca, Gracia,\u00a0 Andr\u00e9s Bosch Pujol ( marc\u00f3 el 1-2, 55 minutos),\u00a0 Casamitjana\u00a0 y\u00a0 Vicente, portero reserva.<\/em><\/strong><\/p>\n<p><strong>Agachados, mismo orden:<\/strong><\/p>\n<p><strong><em>Arcas,\u00a0 Pepillo,\u00a0 Rafa,\u00a0 Peir\u00f3\u00a0 y\u00a0 Gento.-\u00c1ngel Mur Ferrer, masajista.<\/em><\/strong><\/p>\n<p style=\"text-align: left\"><strong>Su palmar\u00e9s internacional:<\/strong><\/p>\n<p style=\"text-align: center\"><strong>1953-Marzo 19, jueves.-\u00abLes Corts\u00bb: ESPA\u00d1A-3 vs. B\u00c9LGICA-1.<\/strong><\/p>\n<p><strong>Ramallets;\u00a0 Navarro,\u00a0 Gustavo Biosca,\u00a0 Garay, BOSCH,\u00a0 Puchades,\u00a0 Basora,\u00a0 Marcet,\u00a0 Venancio,\u00a0 Panizo\u00a0 y\u00a0 Gainza.<\/strong><\/p>\n<p style=\"text-align: center\"><strong>1953-Julio 05, domingo:\u00a0 ARGENTINA-1 vs. ESPA\u00d1A-0.<\/strong><\/p>\n<p style=\"text-align: left\"><strong>Ramallets;\u00a0 Navarro,\u00a0 Gustavo Biosca,\u00a0 Segarra,\u00a0 Manol\u00edn,\u00a0 BOSH,\u00a0 Basora,\u00a0 Venancio,\u00a0 Kubala,\u00a0 Moreno y Gaiza.<\/strong><\/p>\n<p style=\"text-align: center\"><strong>1953-Julio 12, domingo:\u00a0 CHILE-1 vs. ESPA\u00d1A-2.<\/strong><\/p>\n<p style=\"text-align: left\"><strong>Ramallets;\u00a0 Navarro,\u00a0 Gustavo Biosca,\u00a0 Segarra,\u00a0 Mu\u00f1oz,\u00a0 BOSH,\u00a0 Basora,\u00a0 Venancio,\u00a0 Kubala,\u00a0 Moreno y Gainza.<\/strong><\/p>\n<p style=\"text-align: center\"><strong>1953-Noviembre 08, domingo:\u00a0 ESPA\u00d1A-2 vs. SUECIA-2.<\/strong><\/p>\n<p style=\"text-align: left\"><strong>Ramallets;\u00a0 Or\u00fae,\u00a0 Gustavo Biosca,\u00a0 Garay, Mu\u00f1oz,\u00a0 BOSCH,\u00a0 Miguel,\u00a0 Kubala,\u00a0 Venancio,\u00a0 Molowny\u00a0 y\u00a0 Gainza.<\/strong><\/p>\n<p style=\"text-align: center\"><strong>1954-Enero 06, mi\u00e9rcoles:\u00a0 ESPA\u00d1A-4 vs. TURQU\u00cdA-1.<\/strong><\/p>\n<p style=\"text-align: left\"><strong>Argila;\u00a0 Lesmes,\u00a0 Campanal II,\u00a0 Segarra,\u00a0 BOSCH,\u00a0 Puchades,\u00a0 Miguel,\u00a0 Als\u00faa,\u00a0 Venancio,\u00a0 Pasieguito\u00a0 y\u00a0 Gainza.<\/strong><\/p>\n<p style=\"text-align: center\"><strong>1955-Marzo 17, jueves.-\u00abSantiago Bernab\u00e9u\u00bb:\u00a0 ESPA\u00d1A-1 vs. FRANCIA-2.<\/strong><\/p>\n<p style=\"text-align: left\"><strong>Ramallets;\u00a0 Segarra,\u00a0 Marquitos,\u00a0 Lesmes,\u00a0 Mu\u00f1oz,\u00a0 BOSCH,\u00a0 Basora,\u00a0 Molowny,\u00a0 Arieta,\u00a0 Rial\u00a0 y Gainza.<\/strong><\/p>\n<p><strong><em><\/em><em>En la barriada de Poble Nou de Barcelona vino al mundo,\u00a0 mi\u00e9rcoles 22 de Abril de 1931.\u00a0 Andr\u00e9s Bosh Pujol.\u00a0 <\/em><\/strong><\/p>\n<p><strong><em>Su primer juguete fue un bal\u00f3n de f\u00fatbol y las primeras im\u00e1genes que se archivaron en su mente fueron las gestas de su progenitor, Andr\u00e9s Bosch Girona,\u00a0 que por la d\u00e9cada de los a\u00f1os veinte era titular del F. C. Barcelona e intervino en las c\u00e9lebres finales de \u00abEl Sardinero\u00bb,\u00a0 donde el equipo azulgrana tuvo que disputar tres encuentros frente a la Real Sociedad para alcanzar el t\u00edtulo de campe\u00f3n de Espa\u00f1a.<\/em><\/strong><\/p>\n<p><strong><em>As\u00ed pues,\u00a0 con el \u00abgusanillo\u00bb del f\u00fatbol impregnado en las ra\u00edces,\u00a0 l&#8217;Andreu empez\u00f3 a corretear por los descampados de la populosa barriada industrial del Poble Nou.<\/em><\/strong><\/p>\n<p><strong><em><\/em><em>Sus inicios en el Club Gurug\u00fa y luego en el Deportivo Alegr\u00eda fueron prontos conocidos por los servicios t\u00e9cnicos del cuadro azulgrana que lo integr\u00f3 en su filial,\u00a0 el Espa\u00f1a Industrial.<\/em><\/strong><\/p>\n<p><strong><em><\/em><em>Bosch contaba en aquellas fechas 18 a\u00f1os.\u00a0 All\u00ed,\u00a0 partido a partido,\u00a0 se iba forjando y adquiriendo experiencia futbol\u00edstica.\u00a0 Las puertas de la titularidad en el equipo del F. C. Barcelona se las abri\u00f3 Ferdinand Daucik Fonfer,\u00a0 que quiso incrustar en la plantilla azulgrana savia joven y prometedora.\u00a0 Daucik lo pod\u00eda hacer,\u00a0 por contar en sus filas con un gran catedr\u00e1dico:\u00a0 Kubala.<\/em><\/strong><\/p>\n<p><strong><em><\/em><em>Andr\u00e9s Bosch Pujol debut\u00f3 en el primer equipo barcelonista a los 19 a\u00f1os y nada menos que frente a los \u00abeternos rivales\u00bb el RCD Espa\u00f1ol.\u00a0 Se jug\u00f3 en \u00abLes Corts\u00bb el domingo 30-12-1951,\u00a0 16\u00aa Jornada Liga Primera Divisi\u00f3n 1951-1952,\u00a0 y el Barcelona venci\u00f3 por 2 \u00e1 0.<\/em><\/strong><\/p>\n<p><strong><em><\/em><em>Bosch vivi\u00f3 una de las m\u00e1s esplendorosas etapas del Barcelona.\u00a0 Figur\u00f3 en aquel equipo que consigui\u00f3 5 t\u00edtulos consecutivos:\u00a0 2 de Liga (1952-1953\u00a0 y\u00a0 1953-1954)\u00a0 y\u00a0 3 de Copa\u00a0 (1950-1951;\u00a0 1951-1952\u00a0 y\u00a0 1952-1953).<\/em><\/strong><\/p>\n<p><strong><em>La brillante trayectoria futbol\u00edstica de Andr\u00e9s Bosch le llev\u00f3 a la internacionalidad y a ser convocado para la selecci\u00f3n \u00abResto de Europa\u00bb que se enfrent\u00f3 a Inglaterra en Wembley.\u00a0 No lleg\u00f3 a jugar,\u00a0 pero el solo hecho de estar entre los mejores del continente constituy\u00f3 uno de los recuerdos m\u00e1s gratos para el joven volante azulgrana.<\/em><\/strong><\/p>\n<p>Fuente: \u00abEl Mundo Deportivo\u00bb, Barcelona: \u00abEl Bar\u00e7a d\u00eda a d\u00eda\u00bb.-Galer\u00eda de Internacionales: ANDR\u00c9S BOSCH PUJOL.<\/p>\n<p style=\"text-align: center\"><strong><em>REAL BETIS BALOMPI\u00c9-Primera Divisi\u00f3n, temporadas 1958-1959 \u00e1 1964-1965: <\/em><\/strong><\/p>\n<p style=\"text-align: left\"><strong><em>Andr\u00e9s BOSCH Pujol.-Centrocampista.-Barcelona (Poble Nou) mi\u00e9rcoles 22-Abril-1931;\u00a0 Viernes 17-Diciembre-2004.-73 a\u00f1os.-D. E. P.<\/em><\/strong><\/p>\n<p style=\"text-align: left\"><strong><em><a href=\"https:\/\/i0.wp.com\/www.manquepierda.com\/historiarealbetis\/files\/2012\/06\/Bosch-001.jpg?ssl=1\"><img data-recalc-dims=\"1\" loading=\"lazy\" decoding=\"async\" class=\"alignright size-medium wp-image-19617\" src=\"https:\/\/i0.wp.com\/www.manquepierda.com\/historiarealbetis\/files\/2012\/06\/Bosch-001.jpg?resize=300%2C196&#038;ssl=1\" alt=\"\" width=\"300\" height=\"196\" srcset=\"https:\/\/i0.wp.com\/www.manquepierda.com\/historiarealbetis\/files\/2012\/06\/Bosch-001.jpg?resize=300%2C196&amp;ssl=1 300w, https:\/\/i0.wp.com\/www.manquepierda.com\/historiarealbetis\/files\/2012\/06\/Bosch-001.jpg?resize=1024%2C672&amp;ssl=1 1024w, https:\/\/i0.wp.com\/www.manquepierda.com\/historiarealbetis\/files\/2012\/06\/Bosch-001.jpg?w=1584&amp;ssl=1 1584w\" sizes=\"auto, (max-width: 300px) 100vw, 300px\" \/><\/a><\/em><\/strong><\/p>\n<p style=\"text-align: left\"><a href=\"https:\/\/i0.wp.com\/www.manquepierda.com\/historiarealbetis\/files\/2012\/06\/Bosch-002.jpg?ssl=1\"><img data-recalc-dims=\"1\" loading=\"lazy\" decoding=\"async\" class=\"alignleft size-medium wp-image-19618\" src=\"https:\/\/i0.wp.com\/www.manquepierda.com\/historiarealbetis\/files\/2012\/06\/Bosch-002.jpg?resize=300%2C216&#038;ssl=1\" alt=\"\" width=\"300\" height=\"216\" srcset=\"https:\/\/i0.wp.com\/www.manquepierda.com\/historiarealbetis\/files\/2012\/06\/Bosch-002.jpg?resize=300%2C216&amp;ssl=1 300w, https:\/\/i0.wp.com\/www.manquepierda.com\/historiarealbetis\/files\/2012\/06\/Bosch-002.jpg?resize=1024%2C739&amp;ssl=1 1024w, https:\/\/i0.wp.com\/www.manquepierda.com\/historiarealbetis\/files\/2012\/06\/Bosch-002.jpg?w=1440&amp;ssl=1 1440w\" sizes=\"auto, (max-width: 300px) 100vw, 300px\" \/><\/a><\/p>\n<p style=\"text-align: left\"><a href=\"https:\/\/i0.wp.com\/www.manquepierda.com\/historiarealbetis\/files\/2012\/06\/Bosch-Pujol-Andr%C3%A9s.jpg?ssl=1\"><img data-recalc-dims=\"1\" loading=\"lazy\" decoding=\"async\" class=\"alignright size-medium wp-image-19620\" src=\"https:\/\/i0.wp.com\/www.manquepierda.com\/historiarealbetis\/files\/2012\/06\/Bosch-Pujol-Andr%C3%A9s.jpg?resize=300%2C284&#038;ssl=1\" alt=\"\" width=\"300\" height=\"284\" srcset=\"https:\/\/i0.wp.com\/www.manquepierda.com\/historiarealbetis\/files\/2012\/06\/Bosch-Pujol-Andr%C3%A9s.jpg?resize=300%2C284&amp;ssl=1 300w, https:\/\/i0.wp.com\/www.manquepierda.com\/historiarealbetis\/files\/2012\/06\/Bosch-Pujol-Andr%C3%A9s.jpg?w=647&amp;ssl=1 647w\" sizes=\"auto, (max-width: 300px) 100vw, 300px\" \/><\/a><a href=\"https:\/\/i0.wp.com\/www.manquepierda.com\/historiarealbetis\/files\/2012\/06\/Bosch3.jpg?ssl=1\"><img data-recalc-dims=\"1\" loading=\"lazy\" decoding=\"async\" class=\"alignleft size-full wp-image-19623\" src=\"https:\/\/i0.wp.com\/www.manquepierda.com\/historiarealbetis\/files\/2012\/06\/Bosch3.jpg?resize=194%2C278&#038;ssl=1\" alt=\"\" width=\"194\" height=\"278\" \/><\/a><a href=\"https:\/\/i0.wp.com\/www.manquepierda.com\/historiarealbetis\/files\/2012\/06\/escanear0185.jpg?ssl=1\"><img data-recalc-dims=\"1\" loading=\"lazy\" decoding=\"async\" class=\"alignright size-medium wp-image-19629\" src=\"https:\/\/i0.wp.com\/www.manquepierda.com\/historiarealbetis\/files\/2012\/06\/escanear0185.jpg?resize=233%2C300&#038;ssl=1\" alt=\"\" width=\"233\" height=\"300\" srcset=\"https:\/\/i0.wp.com\/www.manquepierda.com\/historiarealbetis\/files\/2012\/06\/escanear0185.jpg?resize=233%2C300&amp;ssl=1 233w, https:\/\/i0.wp.com\/www.manquepierda.com\/historiarealbetis\/files\/2012\/06\/escanear0185.jpg?w=640&amp;ssl=1 640w\" sizes=\"auto, (max-width: 233px) 100vw, 233px\" \/><\/a><\/p>\n","protected":false},"excerpt":{"rendered":"<p>1956-Mayo 31, jueves.-Estadio \u00abLes Corts\u00bb de Barcelona: ESPA\u00d1A B-2 vs. ALEMANIA B-5. El equipo estaba integrado por,\u00a0 de pi\u00e9 y de izquierda a derecha de la imagen: Alonso,\u00a0 Argil\u00e9s,\u00a0 Biosca, Gracia,\u00a0 Andr\u00e9s Bosch Pujol ( marc\u00f3 el 1-2, 55 minutos),\u00a0 Casamitjana\u00a0 y\u00a0 Vicente, portero reserva. Agachados, mismo orden: Arcas,\u00a0 Pepillo,\u00a0 Rafa,\u00a0 Peir\u00f3\u00a0 y\u00a0 Gento.-\u00c1ngel Mur&#8230;<\/p>\n","protected":false},"author":48,"featured_media":19616,"comment_status":"open","ping_status":"open","sticky":false,"template":"","format":"standard","meta":{"_kad_post_transparent":"","_kad_post_title":"","_kad_post_layout":"","_kad_post_sidebar_id":"","_kad_post_content_style":"","_kad_post_vertical_padding":"","_kad_post_feature":"","_kad_post_feature_position":"","_kad_post_header":false,"_kad_post_footer":false,"_kad_post_classname":"","_jetpack_memberships_contains_paid_content":false,"footnotes":"","jetpack_publicize_message":"","jetpack_publicize_feature_enabled":true,"jetpack_social_post_already_shared":false,"jetpack_social_options":{"image_generator_settings":{"template":"highway","default_image_id":0,"font":"","enabled":false},"version":2}},"categories":[901,902,893,1],"tags":[],"class_list":["post-19614","post","type-post","status-publish","format-standard","has-post-thumbnail","hentry","category-1950-1959","category-1960-1969","category-jugadores-temas","category-portada"],"jetpack_publicize_connections":[],"jetpack_featured_media_url":"https:\/\/i0.wp.com\/www.manquepierda.com\/historiarealbetis\/files\/2012\/06\/Bosch1.jpg?fit=1296%2C800&ssl=1","jetpack_sharing_enabled":true,"jetpack_shortlink":"https:\/\/wp.me\/p1ij08-56m","jetpack-related-posts":[],"_links":{"self":[{"href":"https:\/\/www.manquepierda.com\/historiarealbetis\/wp-json\/wp\/v2\/posts\/19614","targetHints":{"allow":["GET"]}}],"collection":[{"href":"https:\/\/www.manquepierda.com\/historiarealbetis\/wp-json\/wp\/v2\/posts"}],"about":[{"href":"https:\/\/www.manquepierda.com\/historiarealbetis\/wp-json\/wp\/v2\/types\/post"}],"author":[{"embeddable":true,"href":"https:\/\/www.manquepierda.com\/historiarealbetis\/wp-json\/wp\/v2\/users\/48"}],"replies":[{"embeddable":true,"href":"https:\/\/www.manquepierda.com\/historiarealbetis\/wp-json\/wp\/v2\/comments?post=19614"}],"version-history":[{"count":0,"href":"https:\/\/www.manquepierda.com\/historiarealbetis\/wp-json\/wp\/v2\/posts\/19614\/revisions"}],"wp:featuredmedia":[{"embeddable":true,"href":"https:\/\/www.manquepierda.com\/historiarealbetis\/wp-json\/wp\/v2\/media\/19616"}],"wp:attachment":[{"href":"https:\/\/www.manquepierda.com\/historiarealbetis\/wp-json\/wp\/v2\/media?parent=19614"}],"wp:term":[{"taxonomy":"category","embeddable":true,"href":"https:\/\/www.manquepierda.com\/historiarealbetis\/wp-json\/wp\/v2\/categories?post=19614"},{"taxonomy":"post_tag","embeddable":true,"href":"https:\/\/www.manquepierda.com\/historiarealbetis\/wp-json\/wp\/v2\/tags?post=19614"}],"curies":[{"name":"wp","href":"https:\/\/api.w.org\/{rel}","templated":true}]}}