{"id":19716,"date":"2012-06-06T14:38:15","date_gmt":"2012-06-06T13:38:15","guid":{"rendered":"http:\/\/www.manquepierda.com\/historiarealbetis\/?p=19716"},"modified":"2024-08-27T18:01:54","modified_gmt":"2024-08-27T16:01:54","slug":"1919-agosto-10-domingo-corta-de-tablada-colonia-alemana-3-vs-sevilla-water-polo-club-4","status":"publish","type":"post","link":"https:\/\/www.manquepierda.com\/historiarealbetis\/1919-agosto-10-domingo-corta-de-tablada-colonia-alemana-3-vs-sevilla-water-polo-club-4\/","title":{"rendered":"1919-Agosto 10 domingo Corta de Tablada: Colonia Alemana-3 vs. Sevilla Water-polo Club-4"},"content":{"rendered":"<p><strong>En las tranquilas aguas de la Corta de Tablada, se ha disputado un encuentro entre dos equipos de Water-polo y manifestando su agrado el numeroso p\u00fablico asistente.<br \/>\n<\/strong><\/p>\n<p style=\"text-align: center\"><strong>Water-polo Colonia Alemana-3 Tantos.<\/strong><\/p>\n<p><strong>Cuenta con buenos nadadores, entre los que destaca el formidable FIEDRICH.<br \/>\n<\/strong><\/p>\n<p><strong>Vs.<\/strong><\/p>\n<p style=\"text-align: center\"><strong>SEVILLA WATER-POLO CLUB-4 Tantos.<\/strong><\/p>\n<p style=\"text-align: center\"><strong> <em>1-Jos\u00e9 HERMOSA;\u00a0 <\/em>1-Juan LAFITA D\u00edaz;\u00a0 <em>2-CARMELO Navarro.<\/em><br \/>\n<\/strong><\/p>\n<p><strong><em>Jos\u00e9 HERMOSA Guti\u00e9rrez (ariete del Real Betis Balompi\u00e9)<\/em><em>,\u00a0 Salvador LLIN\u00c1S Aliseda,\u00a0 CARMELO Navarro Hurtado,\u00a0 <\/em>Juan Laffita,\u00a0 Ben\u00edtez,\u00a0 Carrero\u00a0 y\u00a0 Herrera.<\/strong><\/p>\n<p style=\"text-align: center\"><a href=\"https:\/\/i0.wp.com\/www.manquepierda.com\/historiarealbetis\/files\/2012\/06\/Jos%C3%A9-Hermosa-Guti%C3%A9rrez.jpg?ssl=1\"><img data-recalc-dims=\"1\" loading=\"lazy\" decoding=\"async\" class=\"aligncenter size-medium wp-image-19721\" src=\"https:\/\/i0.wp.com\/www.manquepierda.com\/historiarealbetis\/files\/2012\/06\/Jos%C3%A9-Hermosa-Guti%C3%A9rrez.jpg?resize=300%2C300&#038;ssl=1\" alt=\"\" width=\"300\" height=\"300\" srcset=\"https:\/\/i0.wp.com\/www.manquepierda.com\/historiarealbetis\/files\/2012\/06\/Jos%C3%A9-Hermosa-Guti%C3%A9rrez.jpg?resize=300%2C300&amp;ssl=1 300w, https:\/\/i0.wp.com\/www.manquepierda.com\/historiarealbetis\/files\/2012\/06\/Jos%C3%A9-Hermosa-Guti%C3%A9rrez.jpg?resize=150%2C150&amp;ssl=1 150w, https:\/\/i0.wp.com\/www.manquepierda.com\/historiarealbetis\/files\/2012\/06\/Jos%C3%A9-Hermosa-Guti%C3%A9rrez.jpg?resize=50%2C50&amp;ssl=1 50w, https:\/\/i0.wp.com\/www.manquepierda.com\/historiarealbetis\/files\/2012\/06\/Jos%C3%A9-Hermosa-Guti%C3%A9rrez.jpg?w=400&amp;ssl=1 400w\" sizes=\"auto, (max-width: 300px) 100vw, 300px\" \/><\/a><a href=\"https:\/\/i0.wp.com\/www.manquepierda.com\/historiarealbetis\/files\/2012\/06\/13.jpg?ssl=1\"><img data-recalc-dims=\"1\" loading=\"lazy\" decoding=\"async\" class=\"aligncenter size-medium wp-image-19722\" src=\"https:\/\/i0.wp.com\/www.manquepierda.com\/historiarealbetis\/files\/2012\/06\/13.jpg?resize=190%2C300&#038;ssl=1\" alt=\"\" width=\"190\" height=\"300\" srcset=\"https:\/\/i0.wp.com\/www.manquepierda.com\/historiarealbetis\/files\/2012\/06\/13.jpg?resize=190%2C300&amp;ssl=1 190w, https:\/\/i0.wp.com\/www.manquepierda.com\/historiarealbetis\/files\/2012\/06\/13.jpg?resize=648%2C1024&amp;ssl=1 648w, https:\/\/i0.wp.com\/www.manquepierda.com\/historiarealbetis\/files\/2012\/06\/13.jpg?resize=1024%2C1616&amp;ssl=1 1024w\" sizes=\"auto, (max-width: 190px) 100vw, 190px\" \/><\/a>Foto de Carmelo Navarro Hurtado realizada por don Carlos Alarc\u00f3n De la Lastra y gentilmente cedida por su hijo don Jos\u00e9 Antonio Alarc\u00f3n De la Oliva; y nieto Carlos Alarc\u00f3n S\u00e1nchez.<\/p>\n<p style=\"text-align: center\"><a href=\"https:\/\/i0.wp.com\/www.manquepierda.com\/historiarealbetis\/files\/2012\/06\/JLD.jpg?ssl=1\"><img data-recalc-dims=\"1\" loading=\"lazy\" decoding=\"async\" class=\"aligncenter size-full wp-image-19725\" src=\"https:\/\/i0.wp.com\/www.manquepierda.com\/historiarealbetis\/files\/2012\/06\/JLD.jpg?resize=200%2C252&#038;ssl=1\" alt=\"\" width=\"200\" height=\"252\" \/><\/a>Juan Lafita D\u00edaz.<\/p>\n<p style=\"text-align: left\">\u00abMarathon\u00bb-seud\u00f3nimo de Jos\u00e9 Lu\u00eds Herrera.-\u00abMadrid-Sport\u00bb.<\/p>\n","protected":false},"excerpt":{"rendered":"<p>En las tranquilas aguas de la Corta de Tablada, se ha disputado un encuentro entre dos equipos de Water-polo y manifestando su agrado el numeroso p\u00fablico asistente. Water-polo Colonia Alemana-3 Tantos. Cuenta con buenos nadadores, entre los que destaca el formidable FIEDRICH. Vs. SEVILLA WATER-POLO CLUB-4 Tantos. 1-Jos\u00e9 HERMOSA;\u00a0 1-Juan LAFITA D\u00edaz;\u00a0 2-CARMELO Navarro. Jos\u00e9&#8230;<\/p>\n","protected":false},"author":48,"featured_media":19721,"comment_status":"open","ping_status":"open","sticky":false,"template":"","format":"standard","meta":{"_kad_post_transparent":"","_kad_post_title":"","_kad_post_layout":"","_kad_post_sidebar_id":"","_kad_post_content_style":"","_kad_post_vertical_padding":"","_kad_post_feature":"","_kad_post_feature_position":"","_kad_post_header":false,"_kad_post_footer":false,"_kad_post_classname":"","_jetpack_memberships_contains_paid_content":false,"footnotes":"","jetpack_publicize_message":"","jetpack_publicize_feature_enabled":true,"jetpack_social_post_already_shared":false,"jetpack_social_options":{"image_generator_settings":{"template":"highway","default_image_id":0,"font":"","enabled":false},"version":2}},"categories":[896,1],"tags":[16864,5085],"class_list":["post-19716","post","type-post","status-publish","format-standard","has-post-thumbnail","hentry","category-1908-1919","category-portada","tag-16864","tag-partido-de-water-polo"],"jetpack_publicize_connections":[],"jetpack_featured_media_url":"https:\/\/i0.wp.com\/www.manquepierda.com\/historiarealbetis\/files\/2012\/06\/Jos%C3%A9-Hermosa-Guti%C3%A9rrez.jpg?fit=400%2C400&ssl=1","jetpack_sharing_enabled":true,"jetpack_shortlink":"https:\/\/wp.me\/p1ij08-580","jetpack-related-posts":[],"_links":{"self":[{"href":"https:\/\/www.manquepierda.com\/historiarealbetis\/wp-json\/wp\/v2\/posts\/19716","targetHints":{"allow":["GET"]}}],"collection":[{"href":"https:\/\/www.manquepierda.com\/historiarealbetis\/wp-json\/wp\/v2\/posts"}],"about":[{"href":"https:\/\/www.manquepierda.com\/historiarealbetis\/wp-json\/wp\/v2\/types\/post"}],"author":[{"embeddable":true,"href":"https:\/\/www.manquepierda.com\/historiarealbetis\/wp-json\/wp\/v2\/users\/48"}],"replies":[{"embeddable":true,"href":"https:\/\/www.manquepierda.com\/historiarealbetis\/wp-json\/wp\/v2\/comments?post=19716"}],"version-history":[{"count":1,"href":"https:\/\/www.manquepierda.com\/historiarealbetis\/wp-json\/wp\/v2\/posts\/19716\/revisions"}],"predecessor-version":[{"id":97956,"href":"https:\/\/www.manquepierda.com\/historiarealbetis\/wp-json\/wp\/v2\/posts\/19716\/revisions\/97956"}],"wp:featuredmedia":[{"embeddable":true,"href":"https:\/\/www.manquepierda.com\/historiarealbetis\/wp-json\/wp\/v2\/media\/19721"}],"wp:attachment":[{"href":"https:\/\/www.manquepierda.com\/historiarealbetis\/wp-json\/wp\/v2\/media?parent=19716"}],"wp:term":[{"taxonomy":"category","embeddable":true,"href":"https:\/\/www.manquepierda.com\/historiarealbetis\/wp-json\/wp\/v2\/categories?post=19716"},{"taxonomy":"post_tag","embeddable":true,"href":"https:\/\/www.manquepierda.com\/historiarealbetis\/wp-json\/wp\/v2\/tags?post=19716"}],"curies":[{"name":"wp","href":"https:\/\/api.w.org\/{rel}","templated":true}]}}